{"id":7747,"date":"2021-07-05T07:44:36","date_gmt":"2021-07-05T12:14:36","guid":{"rendered":"http:\/\/elmundodelosnegocios.com.do\/v1\/?p=7747"},"modified":"2021-07-05T07:44:36","modified_gmt":"2021-07-05T12:14:36","slug":"junta-directores-grupo-puntacana-promueve-rainieri-kuret-nuevo-presidente-ceo","status":"publish","type":"post","link":"https:\/\/elmundodelosnegocios.com.do\/v1\/junta-directores-grupo-puntacana-promueve-rainieri-kuret-nuevo-presidente-ceo\/","title":{"rendered":"Junta Directores Grupo Puntacana promueve Rainieri Kuret nuevo presidente &#038; CEO"},"content":{"rendered":"<p>Punta Cana, La Altagracia, R.D., 05 de julio, 2021.- Grupo Puntacana, la empresa pionera en turismo sostenible en la Rep\u00fablica Dominicana desde hace m\u00e1s de 50 a\u00f1os, anunci\u00f3 que su junta de directores ha elegido al se\u00f1or Frank El\u00edas Rainieri Kuret como presidente y CEO de la empresa, iniciando una nueva etapa que engloba las estrategias de expansi\u00f3n, diversificaci\u00f3n y consolidaci\u00f3n de todos los servicios que ofrece la organizaci\u00f3n. <\/p>\n<p>El licenciado Frank El\u00edas Rainieri ha desarrollado una exitosa trayectoria dentro y fuera de Grupo Puntacana con diferentes funciones ejecutivas y de liderazgo, demostrando a trav\u00e9s de los a\u00f1os visi\u00f3n vanguardista, experiencia del negocio y las tendencias actuales. <\/p>\n<p>Asimismo, informaron que su fundador, el se\u00f1or Frank Rafael Rainieri Marranzini, continuar\u00e1 desempe\u00f1\u00e1ndose como Chairman of the Board y presidente de la Fundaci\u00f3n Grupo Puntacana. <\/p>\n<p>La marca, conformada por m\u00e1s de 12 empresas, inform\u00f3 que Rainieri Kuret, tambi\u00e9n director del Aeropuerto Internacional de Punta Cana (PUJ), continuar\u00e1 liderando junto a las licenciadas Paola Rainieri Kuret, Chief Marketing, PR &#038; Communications Officer (CMO), y Francesca Rainieri Kuret, Chief Financial Officer (CFO) de Grupo Puntacana. <\/p>\n<p>Los hermanos Rainieri han formado parte integral del \u00e1rea operativa de la empresa por m\u00e1s de dos d\u00e9cadas, y entre los tres suman 60 a\u00f1os de experiencia y toda una vida en Punta Cana. Durante sus a\u00f1os laborando para Grupo Puntacana, han demostrado ampliamente su capacidad, amor y lealtad a la empresa, a la que consideran un proyecto de vida. <\/p>\n<p>\u201cEste es uno de los retos m\u00e1s importantes de mi carrera. Conf\u00edo en que, con la misma visi\u00f3n y determinaci\u00f3n de nuestros or\u00edgenes y junto al equipo de profesionales que integra la gran Familia Grupo Puntacana, continuaremos escribiendo las p\u00e1ginas de nuestra historia. Nuestro sue\u00f1o se mantiene y seguiremos Imaginando M\u00e1s\u201d, expres\u00f3 el nuevo presidente de Grupo Puntacana. <\/p>\n<p>\u201cLa pasi\u00f3n y amor por Punta Cana de Frank El\u00edas es una extensi\u00f3n del que Hayd\u00e9e y yo le hemos transmitido desde que inici\u00f3 el desarrollo del destino hace 51 a\u00f1os, el cual ha ido creciendo y fortaleci\u00e9ndose con el correr de los a\u00f1os y su involucramiento en este proyecto, que no es solamente un proyecto comercial, sino tambi\u00e9n un proyecto de amor\u201d, afirma Frank Rainieri, Chairman of the Board de Grupo Puntacana. <\/p>\n<p>\u201cTenemos la certeza de que continuar\u00e1 apostando al desarrollo y posicionamiento del sector turismo e impulsando la aviaci\u00f3n civil en la Rep\u00fablica Dominicana\u201d, puntualiz\u00f3 Rainieri Marranzini. <\/p>\n<p>Rese\u00f1a Frank El\u00edas Rainieri <\/p>\n<p>Es egresado de la universidad Roger Williams University en Rhode Island donde realiz\u00f3 licenciatura en Econom\u00eda y Finanzas, y luego una maestr\u00eda en el \u00e1rea de Finanzas en Boston University. <\/p>\n<p>En 2003, se integra a Grupo Puntacana y estructura la Divisi\u00f3n de Ventas Inmobiliarias, hoy esta divisi\u00f3n bajo su cargo representa el 10% de ingresos de Grupo Puntacana. <\/p>\n<p>En 2013, inicia su rol de vicepresidente de Negocios, a su vez asume el Aeropuerto Internacional de Punta Cana, con un crecimiento sostenido de las ventas no aeron\u00e1uticas, de un 12% a un 27% y posicionamiento del Aeropuerto en el Caribe Insular como el n\u00famero 1, utilizando para ello la herramienta del ASQ como medida de posicionamiento. <\/p>\n<p>Es un emprendedor nato y en el sector Inmobiliario preside Hoyo Claro Developing Group Inc. Ha desarrollado viviendas econ\u00f3micas, destac\u00e1ndose el proyecto Ciudad La Palma, que hoy cuenta con una comunidad de m\u00e1s de 880 viviendas y sigue en crecimiento.<\/p>\n<p>Tambi\u00e9n, preside el proyecto Ciudad Cayena, un complejo habitacional de viviendas a bajo coste, actualmente con 972 apartamentos, esta \u00faltima siendo el modelo utilizado para crear nuestro proyecto Caracol\u00ed. <\/p>\n<p>Dentro del sector de comunicaci\u00f3n, forma parte de la Junta Directiva de Editora B\u00e1varo S.A., empresa dedicada al mercadeo, distribuci\u00f3n y ventas de medios impresos.  <\/p>\n<p>En el rengl\u00f3n de restaurantes, es vicepresidente del Consejo de Directores de la franquicia de comidas r\u00e1pidas Wendy\u2019s, Pizza Hut y Chili\u2019s, representada en el pa\u00eds por la compa\u00f1\u00eda Raya Food Dominicana, S.A. <\/p>\n<p>Es fundador de la primera Cervecer\u00eda de la zona fundada en el 2016, Canita actualmente posee un crecimiento de 40% anual.<\/p>\n<p>Reconocimientos:<\/p>\n<p>Ha sido reconocido por el Parlamento Juvenil como \u201cJoven Empresario\u201d del a\u00f1o 2007, dentro de los premios al M\u00e9rito Juvenil, bajo el lema \u201cEsfuerzo, Progreso, Talento y Superaci\u00f3n\u201d. <\/p>\n<p>En 2009, fue reconocido por la creaci\u00f3n de la importante campa\u00f1a por la educaci\u00f3n: \u201cEd\u00facate. S\u00famate. Aporta\u201d, como coordinador de la Comisi\u00f3n de Educaci\u00f3n. <\/p>\n<p>Presidi\u00f3 la Junta Directiva de la Asociaci\u00f3n Nacional de J\u00f3venes Empresarios (ANJE) del 2012-2013. Roger Williams University le otorg\u00f3 el t\u00edtulo honorario Doctorado Honoris Causa en mayo de 2018. <\/p>\n<p>Fue reconocido en octubre 2019 como \u201cEmprendedor del A\u00f1o\u201d; por el Club de Emprendedores Inmobiliarios.<\/p>\n","protected":false},"excerpt":{"rendered":"<p>Punta Cana, La Altagracia, R.D., 05 de julio, 2021.- Grupo Puntacana, la empresa pionera en turismo sostenible en la Rep\u00fablica Dominicana desde hace m\u00e1s de 50 a\u00f1os, anunci\u00f3 que su&hellip; <\/p>\n","protected":false},"author":2,"featured_media":7748,"comment_status":"open","ping_status":"open","sticky":false,"template":"","format":"standard","meta":{"fifu_image_url":"","fifu_image_alt":"","footnotes":""},"categories":[83],"tags":[],"class_list":["post-7747","post","type-post","status-publish","format-standard","has-post-thumbnail","hentry","category-empresariales-empresariales"],"_links":{"self":[{"href":"https:\/\/elmundodelosnegocios.com.do\/v1\/wp-json\/wp\/v2\/posts\/7747","targetHints":{"allow":["GET"]}}],"collection":[{"href":"https:\/\/elmundodelosnegocios.com.do\/v1\/wp-json\/wp\/v2\/posts"}],"about":[{"href":"https:\/\/elmundodelosnegocios.com.do\/v1\/wp-json\/wp\/v2\/types\/post"}],"author":[{"embeddable":true,"href":"https:\/\/elmundodelosnegocios.com.do\/v1\/wp-json\/wp\/v2\/users\/2"}],"replies":[{"embeddable":true,"href":"https:\/\/elmundodelosnegocios.com.do\/v1\/wp-json\/wp\/v2\/comments?post=7747"}],"version-history":[{"count":0,"href":"https:\/\/elmundodelosnegocios.com.do\/v1\/wp-json\/wp\/v2\/posts\/7747\/revisions"}],"wp:featuredmedia":[{"embeddable":true,"href":"https:\/\/elmundodelosnegocios.com.do\/v1\/wp-json\/wp\/v2\/media\/7748"}],"wp:attachment":[{"href":"https:\/\/elmundodelosnegocios.com.do\/v1\/wp-json\/wp\/v2\/media?parent=7747"}],"wp:term":[{"taxonomy":"category","embeddable":true,"href":"https:\/\/elmundodelosnegocios.com.do\/v1\/wp-json\/wp\/v2\/categories?post=7747"},{"taxonomy":"post_tag","embeddable":true,"href":"https:\/\/elmundodelosnegocios.com.do\/v1\/wp-json\/wp\/v2\/tags?post=7747"}],"curies":[{"name":"wp","href":"https:\/\/api.w.org\/{rel}","templated":true}]}}