{"id":7754,"date":"2021-07-05T07:58:29","date_gmt":"2021-07-05T12:28:29","guid":{"rendered":"http:\/\/elmundodelosnegocios.com.do\/v1\/?p=7754"},"modified":"2021-07-05T07:58:29","modified_gmt":"2021-07-05T12:28:29","slug":"visita-ministra-cultura-funglode-y-reune-con-comite-directivo-festival-cine-global","status":"publish","type":"post","link":"https:\/\/elmundodelosnegocios.com.do\/v1\/visita-ministra-cultura-funglode-y-reune-con-comite-directivo-festival-cine-global\/","title":{"rendered":"Visita ministra cultura FUNGLODE y re\u00fane con comit\u00e9 directivo festival cine global"},"content":{"rendered":"<p>La ministra de Cultura Carmen Heredia visit\u00f3 la sede de la Fundaci\u00f3n Global Democracia y Desarrollo (Funglode) para conversar con el presidente de la instituci\u00f3n, Leonel Fern\u00e1ndez y los miembros del comit\u00e9 directivo del Festival de Cine Global acerca de la industria del s\u00e9ptimo arte y otras manifestaciones y expresiones del arte y la cultura como la danza, el teatro y los museos.<\/p>\n<p>En el encuentro, que dur\u00f3 m\u00e1s de una hora, la ministra afianz\u00f3 el apoyo incondicional a los proyectos culturales de Funglode, especialmente a los relacionados con el Festival de Cine de Global, el evento cinematogr\u00e1fico m\u00e1s importante de la Rep\u00fablica Dominicana y el \u00fanico acreditado por la FIAPF en el Caribe. Asimismo, Carmen Heredia aprovech\u00f3 la ocasi\u00f3n para conversar sobre los proyectos del ministerio que ser\u00e1n implementados para mejorar e impulsar la cultura en el pa\u00eds.<\/p>\n<p>El presidente Fern\u00e1ndez se refiri\u00f3 al ambiente y desaf\u00edos que ha presentado la cultura durante esta pandemia, y sobre los proyectos culturales de la fundaci\u00f3n, como lo son el Festival de Cine Global, del cual tambi\u00e9n es presidente, los premios Funglode, el Diccionario Cultural y las nuevas iniciativas que est\u00e1 desarrollando la instituci\u00f3n.<\/p>\n<p>\u201cEs un placer y una distinci\u00f3n poder tener el apoyo de la ministra Carmen Heredia, reafirmando el compromiso de gran valor a la cultura, especialmente del cine\u201d, expres\u00f3 el director ejecutivo del Festival de Cine Global, Omar de la Cruz. <\/p>\n<p>En la que se estima sea la primera reuni\u00f3n que dar\u00e1 paso a una alianza cultural entre ambas instituciones estuvieron presentes el vicepresidente del Festival de Cine Global, Manuel Corripio; igualmente el vicepresidente administrativo del Festival, Guillermo Senci\u00f3n; el director del Centro de Estudios de la Cultura de Funglode, Jos\u00e9 Rafael Lantigua; el director de Funglode en Miami, Jos\u00e9 Zaiter; el director del Diccionario Cultural de Funglode, Samuel Sierra; la escritora Rossina Guerrero Heredia; Jael Senci\u00f3n, del Grupo Senci\u00f3n y Karen Stark, del Ministerio de Cultura.<\/p>\n","protected":false},"excerpt":{"rendered":"<p>La ministra de Cultura Carmen Heredia visit\u00f3 la sede de la Fundaci\u00f3n Global Democracia y Desarrollo (Funglode) para conversar con el presidente de la instituci\u00f3n, Leonel Fern\u00e1ndez y los miembros&hellip; <\/p>\n","protected":false},"author":2,"featured_media":7756,"comment_status":"open","ping_status":"open","sticky":false,"template":"","format":"standard","meta":{"fifu_image_url":"","fifu_image_alt":"","footnotes":""},"categories":[148],"tags":[],"class_list":["post-7754","post","type-post","status-publish","format-standard","has-post-thumbnail","hentry","category-cultura"],"_links":{"self":[{"href":"https:\/\/elmundodelosnegocios.com.do\/v1\/wp-json\/wp\/v2\/posts\/7754","targetHints":{"allow":["GET"]}}],"collection":[{"href":"https:\/\/elmundodelosnegocios.com.do\/v1\/wp-json\/wp\/v2\/posts"}],"about":[{"href":"https:\/\/elmundodelosnegocios.com.do\/v1\/wp-json\/wp\/v2\/types\/post"}],"author":[{"embeddable":true,"href":"https:\/\/elmundodelosnegocios.com.do\/v1\/wp-json\/wp\/v2\/users\/2"}],"replies":[{"embeddable":true,"href":"https:\/\/elmundodelosnegocios.com.do\/v1\/wp-json\/wp\/v2\/comments?post=7754"}],"version-history":[{"count":0,"href":"https:\/\/elmundodelosnegocios.com.do\/v1\/wp-json\/wp\/v2\/posts\/7754\/revisions"}],"wp:featuredmedia":[{"embeddable":true,"href":"https:\/\/elmundodelosnegocios.com.do\/v1\/wp-json\/wp\/v2\/media\/7756"}],"wp:attachment":[{"href":"https:\/\/elmundodelosnegocios.com.do\/v1\/wp-json\/wp\/v2\/media?parent=7754"}],"wp:term":[{"taxonomy":"category","embeddable":true,"href":"https:\/\/elmundodelosnegocios.com.do\/v1\/wp-json\/wp\/v2\/categories?post=7754"},{"taxonomy":"post_tag","embeddable":true,"href":"https:\/\/elmundodelosnegocios.com.do\/v1\/wp-json\/wp\/v2\/tags?post=7754"}],"curies":[{"name":"wp","href":"https:\/\/api.w.org\/{rel}","templated":true}]}}