{"id":77566,"date":"2026-04-27T11:05:59","date_gmt":"2026-04-27T15:35:59","guid":{"rendered":"https:\/\/elmundodelosnegocios.com.do\/v1\/?p=77566"},"modified":"2026-04-27T11:06:00","modified_gmt":"2026-04-27T15:36:00","slug":"banco-santa-cruz-impulsa-vistas-del-limonal-en-licey-al-medio-santiago-proyecto-de-constructora-lvp","status":"publish","type":"post","link":"https:\/\/elmundodelosnegocios.com.do\/v1\/banco-santa-cruz-impulsa-vistas-del-limonal-en-licey-al-medio-santiago-proyecto-de-constructora-lvp\/","title":{"rendered":"Banco Santa Cruz impulsa Vistas del Limonal, en Licey al Medio, Santiago, proyecto de Constructora LVP\u00a0"},"content":{"rendered":"\n<p><strong>Santiago, Rep\u00fablica Dominicana<\/strong>. \u2014 El Banco Santa Cruz reafirm\u00f3 su compromiso con el desarrollo del sector construcci\u00f3n y el crecimiento urbano sostenible, durante la presentaci\u00f3n del proyecto residencial Vistas del Limonal, una nueva propuesta habitacional en Santiago.<\/p>\n\n\n<div class=\"wp-block-image\">\n<figure class=\"aligncenter size-full\"><img loading=\"lazy\" decoding=\"async\" width=\"1016\" height=\"572\" src=\"https:\/\/elmundodelosnegocios.com.do\/v1\/wp-content\/uploads\/2026\/04\/Fausto-Pimentel-presidente-ejecutivo-Banco-Santa-Cruz.jpeg\" alt=\"Fausto Pimentel, presidente ejecutivo Banco Santa Cruz.\" class=\"wp-image-77567\" srcset=\"https:\/\/elmundodelosnegocios.com.do\/v1\/wp-content\/uploads\/2026\/04\/Fausto-Pimentel-presidente-ejecutivo-Banco-Santa-Cruz.jpeg 1016w, https:\/\/elmundodelosnegocios.com.do\/v1\/wp-content\/uploads\/2026\/04\/Fausto-Pimentel-presidente-ejecutivo-Banco-Santa-Cruz-300x169.jpeg 300w, https:\/\/elmundodelosnegocios.com.do\/v1\/wp-content\/uploads\/2026\/04\/Fausto-Pimentel-presidente-ejecutivo-Banco-Santa-Cruz-768x432.jpeg 768w\" sizes=\"auto, (max-width: 1016px) 100vw, 1016px\" \/><figcaption class=\"wp-element-caption\">Fausto Pimentel, presidente ejecutivo Banco Santa Cruz.<\/figcaption><\/figure>\n<\/div>\n\n\n<p>Fausto Pimentel Pe\u00f1a, presidente del Banco Santa Cruz, destac\u00f3 la s\u00f3lida relaci\u00f3n que, desde el a\u00f1o 2009, ha unido a la entidad financiera con la empresa Constructora LVP, consolid\u00e1ndose como un v\u00ednculo estrat\u00e9gico basado en la confianza, la visi\u00f3n compartida y el crecimiento sostenido.<\/p>\n\n\n\n<p>\u201cM\u00e1s que un aliado, LVP ha sido un socio estrat\u00e9gico. A lo largo de casi dos d\u00e9cadas, hemos acompa\u00f1ado el desarrollo de m\u00e1s de 10 mil viviendas, cada uno con un prop\u00f3sito claro: transformar espacios en oportunidades y oportunidades en bienestar para las personas\u201d, expres\u00f3 Pimentel.<\/p>\n\n\n<div class=\"wp-block-image\">\n<figure data-wp-context=\"{&quot;imageId&quot;:&quot;69efad5f8eda6&quot;}\" data-wp-interactive=\"core\/image\" data-wp-key=\"69efad5f8eda6\" class=\"aligncenter size-large wp-lightbox-container\"><img loading=\"lazy\" decoding=\"async\" width=\"1024\" height=\"681\" data-wp-class--hide=\"state.isContentHidden\" data-wp-class--show=\"state.isContentVisible\" data-wp-init=\"callbacks.setButtonStyles\" data-wp-on--click=\"actions.showLightbox\" data-wp-on--load=\"callbacks.setButtonStyles\" data-wp-on-window--resize=\"callbacks.setButtonStyles\" src=\"https:\/\/elmundodelosnegocios.com.do\/v1\/wp-content\/uploads\/2026\/04\/Nolbert-Perez-presidente-de-LVP-1024x681.jpeg\" alt=\"\" class=\"wp-image-77568\" srcset=\"https:\/\/elmundodelosnegocios.com.do\/v1\/wp-content\/uploads\/2026\/04\/Nolbert-Perez-presidente-de-LVP-1024x681.jpeg 1024w, https:\/\/elmundodelosnegocios.com.do\/v1\/wp-content\/uploads\/2026\/04\/Nolbert-Perez-presidente-de-LVP-300x200.jpeg 300w, https:\/\/elmundodelosnegocios.com.do\/v1\/wp-content\/uploads\/2026\/04\/Nolbert-Perez-presidente-de-LVP-768x511.jpeg 768w, https:\/\/elmundodelosnegocios.com.do\/v1\/wp-content\/uploads\/2026\/04\/Nolbert-Perez-presidente-de-LVP-1536x1022.jpeg 1536w, https:\/\/elmundodelosnegocios.com.do\/v1\/wp-content\/uploads\/2026\/04\/Nolbert-Perez-presidente-de-LVP-2048x1362.jpeg 2048w\" sizes=\"auto, (max-width: 1024px) 100vw, 1024px\" \/><button\n\t\t\tclass=\"lightbox-trigger\"\n\t\t\ttype=\"button\"\n\t\t\taria-haspopup=\"dialog\"\n\t\t\taria-label=\"Agrandar\"\n\t\t\tdata-wp-init=\"callbacks.initTriggerButton\"\n\t\t\tdata-wp-on--click=\"actions.showLightbox\"\n\t\t\tdata-wp-style--right=\"state.imageButtonRight\"\n\t\t\tdata-wp-style--top=\"state.imageButtonTop\"\n\t\t>\n\t\t\t<svg xmlns=\"http:\/\/www.w3.org\/2000\/svg\" width=\"12\" height=\"12\" fill=\"none\" viewBox=\"0 0 12 12\">\n\t\t\t\t<path fill=\"#fff\" d=\"M2 0a2 2 0 0 0-2 2v2h1.5V2a.5.5 0 0 1 .5-.5h2V0H2Zm2 10.5H2a.5.5 0 0 1-.5-.5V8H0v2a2 2 0 0 0 2 2h2v-1.5ZM8 12v-1.5h2a.5.5 0 0 0 .5-.5V8H12v2a2 2 0 0 1-2 2H8Zm2-12a2 2 0 0 1 2 2v2h-1.5V2a.5.5 0 0 0-.5-.5H8V0h2Z\" \/>\n\t\t\t<\/svg>\n\t\t<\/button><figcaption class=\"wp-element-caption\">Nolbert Pe\u0301rez, presidente de LVP.<\/figcaption><\/figure>\n<\/div>\n\n\n<p>\u201cEsta ciudad, nuestra casa, no solo es nuestro lugar de origen, sino tambi\u00e9n un escenario clave para el desarrollo ordenado, sostenible y de alto impacto\u201d, afirm\u00f3 Pimentel.<\/p>\n\n\n\n<p>Asimismo, el presidente del Banco Santa Cruz enfatiz\u00f3 que el financiamiento al sector construcci\u00f3n trasciende la simple colocaci\u00f3n de cr\u00e9ditos, al convertirse en un motor de desarrollo econ\u00f3mico y social. \u201cFinanciar construcci\u00f3n es impulsar desarrollo, generar empleos, dinamizar econom\u00edas locales y ser parte de los sue\u00f1os de miles de familias que encontrar\u00e1n aqu\u00ed su hogar, su inversi\u00f3n y su futuro\u201d, indic\u00f3.<\/p>\n\n\n\n<p>El ingeniero Nolbert P\u00e9rez, presidente de LVP, expres\u00f3 que Vistas del Limonal con una inversi\u00f3n de RD$7,016 millones, es un proyecto residencial \u00fanico en Santiago, concebido como una propuesta integral para familias, inversionistas y j\u00f3venes profesionales que buscan calidad de vida, accesibilidad y una inversi\u00f3n segura en Santiago de los Caballeros.<\/p>\n\n\n\n<p>Durante su ejecuci\u00f3n, el proyecto generar\u00e1 entre 600 y 800 empleos directos e indirectos, contribuyendo significativamente a la dinamizaci\u00f3n del sector construcci\u00f3n y al fortalecimiento de la econom\u00eda local.&nbsp; Adem\u00e1s, elevar\u00e1 los est\u00e1ndares de vivienda en la zona, incrementar\u00e1 la plusval\u00eda del sector y atraer\u00e1 nuevas inversiones, consolid\u00e1ndose como parte del proceso de modernizaci\u00f3n urbana que experimenta la ciudad.<\/p>\n\n\n\n<p>El proyecto contempla la construcci\u00f3n de 1,456 apartamentos, distribuidos en edificios de cuatro niveles, con unidades de 70, 79 y 89 metros cuadrados, dise\u00f1adas bajo criterios modernos y con terminaciones de alta calidad. El proyecto incluir\u00e1 casa club con piscinas, gimnasio, canchas deportivas, \u00e1reas verdes, parques infantiles y un sistema de seguridad con control de acceso y vigilancia 24\/7.<\/p>\n\n\n\n<p>El proyecto inici\u00f3 su fase de comercializaci\u00f3n en marzo de 2026, con precios desde US$67,000, ofreciendo facilidades como: reserva con US$500, pago inicial desde 20%, con opci\u00f3n de cuotas flexibles.&nbsp; Firma de contrato tras completar el 5%.&nbsp; La entrega de las primeras unidades est\u00e1 prevista para junio de 2028.<\/p>\n","protected":false},"excerpt":{"rendered":"<p>Santiago, Rep\u00fablica Dominicana. \u2014 El Banco Santa Cruz reafirm\u00f3 su compromiso con el desarrollo del sector construcci\u00f3n y el crecimiento urbano sostenible, durante la presentaci\u00f3n del proyecto residencial Vistas del&hellip; <\/p>\n","protected":false},"author":2,"featured_media":77570,"comment_status":"closed","ping_status":"closed","sticky":false,"template":"","format":"standard","meta":{"fifu_image_url":"https:\/\/elmundodelosnegocios.com.do\/v1\/wp-content\/uploads\/2026\/04\/Fausto-Pimentel-presidente-ejecutivo-Banco-Santa-Cruz.jpeg","fifu_image_alt":"","footnotes":""},"categories":[180],"tags":[],"class_list":["post-77566","post","type-post","status-publish","format-standard","has-post-thumbnail","hentry","category-banca"],"_links":{"self":[{"href":"https:\/\/elmundodelosnegocios.com.do\/v1\/wp-json\/wp\/v2\/posts\/77566","targetHints":{"allow":["GET"]}}],"collection":[{"href":"https:\/\/elmundodelosnegocios.com.do\/v1\/wp-json\/wp\/v2\/posts"}],"about":[{"href":"https:\/\/elmundodelosnegocios.com.do\/v1\/wp-json\/wp\/v2\/types\/post"}],"author":[{"embeddable":true,"href":"https:\/\/elmundodelosnegocios.com.do\/v1\/wp-json\/wp\/v2\/users\/2"}],"replies":[{"embeddable":true,"href":"https:\/\/elmundodelosnegocios.com.do\/v1\/wp-json\/wp\/v2\/comments?post=77566"}],"version-history":[{"count":1,"href":"https:\/\/elmundodelosnegocios.com.do\/v1\/wp-json\/wp\/v2\/posts\/77566\/revisions"}],"predecessor-version":[{"id":77569,"href":"https:\/\/elmundodelosnegocios.com.do\/v1\/wp-json\/wp\/v2\/posts\/77566\/revisions\/77569"}],"wp:featuredmedia":[{"embeddable":true,"href":"https:\/\/elmundodelosnegocios.com.do\/v1\/wp-json\/wp\/v2\/media\/77570"}],"wp:attachment":[{"href":"https:\/\/elmundodelosnegocios.com.do\/v1\/wp-json\/wp\/v2\/media?parent=77566"}],"wp:term":[{"taxonomy":"category","embeddable":true,"href":"https:\/\/elmundodelosnegocios.com.do\/v1\/wp-json\/wp\/v2\/categories?post=77566"},{"taxonomy":"post_tag","embeddable":true,"href":"https:\/\/elmundodelosnegocios.com.do\/v1\/wp-json\/wp\/v2\/tags?post=77566"}],"curies":[{"name":"wp","href":"https:\/\/api.w.org\/{rel}","templated":true}]}}