{"id":77571,"date":"2026-04-27T11:09:44","date_gmt":"2026-04-27T15:39:44","guid":{"rendered":"https:\/\/elmundodelosnegocios.com.do\/v1\/?p=77571"},"modified":"2026-04-27T11:09:46","modified_gmt":"2026-04-27T15:39:46","slug":"bodas-a-la-moda-presenta-los-detalles-de-la-segunda-edicion-the-wedding-event","status":"publish","type":"post","link":"https:\/\/elmundodelosnegocios.com.do\/v1\/bodas-a-la-moda-presenta-los-detalles-de-la-segunda-edicion-the-wedding-event\/","title":{"rendered":"Bodas A La Moda presenta los detalles de la segunda edici\u00f3n\u00a0\u2018The Wedding Event\u2019"},"content":{"rendered":"\n<p><strong>Santo Domingo, R. D.-<\/strong>La revista Bodas a La Moda organiz\u00f3 un encuentro para compartir los detalles de la segunda edici\u00f3n evento&nbsp;<a>\u2018The Wedding Event<\/a>\u2019, una plataforma que re\u00fane a los actores del universo nupcial: estilistas, dise\u00f1adores, wedding planners, fot\u00f3grafos, proveedores de lujo, expertos en belleza, joyeros y creadores de experiencias.&nbsp;<strong><\/strong><\/p>\n\n\n<div class=\"wp-block-image\">\n<figure data-wp-context=\"{&quot;imageId&quot;:&quot;69efade6771be&quot;}\" data-wp-interactive=\"core\/image\" data-wp-key=\"69efade6771be\" class=\"aligncenter size-large wp-lightbox-container\"><img loading=\"lazy\" decoding=\"async\" width=\"1024\" height=\"683\" data-wp-class--hide=\"state.isContentHidden\" data-wp-class--show=\"state.isContentVisible\" data-wp-init=\"callbacks.setButtonStyles\" data-wp-on--click=\"actions.showLightbox\" data-wp-on--load=\"callbacks.setButtonStyles\" data-wp-on-window--resize=\"callbacks.setButtonStyles\" src=\"https:\/\/elmundodelosnegocios.com.do\/v1\/wp-content\/uploads\/2026\/04\/1-Foto-Principal-9429-Omayra-Ramirez-Patricia-Acosta-y-Celeste-Perez--1024x683.jpg\" alt=\"Omayra Ram\u00edrez, Patricia Acosta y Celeste P\u00e9rez\" class=\"wp-image-77572\" srcset=\"https:\/\/elmundodelosnegocios.com.do\/v1\/wp-content\/uploads\/2026\/04\/1-Foto-Principal-9429-Omayra-Ramirez-Patricia-Acosta-y-Celeste-Perez--1024x683.jpg 1024w, https:\/\/elmundodelosnegocios.com.do\/v1\/wp-content\/uploads\/2026\/04\/1-Foto-Principal-9429-Omayra-Ramirez-Patricia-Acosta-y-Celeste-Perez--300x200.jpg 300w, https:\/\/elmundodelosnegocios.com.do\/v1\/wp-content\/uploads\/2026\/04\/1-Foto-Principal-9429-Omayra-Ramirez-Patricia-Acosta-y-Celeste-Perez--768x512.jpg 768w, https:\/\/elmundodelosnegocios.com.do\/v1\/wp-content\/uploads\/2026\/04\/1-Foto-Principal-9429-Omayra-Ramirez-Patricia-Acosta-y-Celeste-Perez-.jpg 1152w\" sizes=\"auto, (max-width: 1024px) 100vw, 1024px\" \/><button\n\t\t\tclass=\"lightbox-trigger\"\n\t\t\ttype=\"button\"\n\t\t\taria-haspopup=\"dialog\"\n\t\t\taria-label=\"Agrandar\"\n\t\t\tdata-wp-init=\"callbacks.initTriggerButton\"\n\t\t\tdata-wp-on--click=\"actions.showLightbox\"\n\t\t\tdata-wp-style--right=\"state.imageButtonRight\"\n\t\t\tdata-wp-style--top=\"state.imageButtonTop\"\n\t\t>\n\t\t\t<svg xmlns=\"http:\/\/www.w3.org\/2000\/svg\" width=\"12\" height=\"12\" fill=\"none\" viewBox=\"0 0 12 12\">\n\t\t\t\t<path fill=\"#fff\" d=\"M2 0a2 2 0 0 0-2 2v2h1.5V2a.5.5 0 0 1 .5-.5h2V0H2Zm2 10.5H2a.5.5 0 0 1-.5-.5V8H0v2a2 2 0 0 0 2 2h2v-1.5ZM8 12v-1.5h2a.5.5 0 0 0 .5-.5V8H12v2a2 2 0 0 1-2 2H8Zm2-12a2 2 0 0 1 2 2v2h-1.5V2a.5.5 0 0 0-.5-.5H8V0h2Z\" \/>\n\t\t\t<\/svg>\n\t\t<\/button><figcaption class=\"wp-element-caption\">Omayra Ram\u00edrez, Patricia Acosta y Celeste P\u00e9rez <\/figcaption><\/figure>\n<\/div>\n\n\n<p>Esta edici\u00f3n, que se realizar\u00e1 del&nbsp;<strong>8 al 10 de mayo<\/strong>, en el Hotel Embassy Suites Santo Domingo, ser\u00e1 inaugurada con las colecciones de Leonardo Fifth Avenue y Ariel Encarnaci\u00f3n. La noche cerrar\u00e1 con la presentaci\u00f3n de&nbsp;<strong>Jandy Feliz.<\/strong><\/p>\n\n\n\n<p>El s\u00e1bado 9 nos acompa\u00f1ar\u00e1&nbsp;<strong>Manerra<\/strong>. Adem\u00e1s de charlas, paneles, masterclasses y demostraciones con expertos del sector, los asistentes podr\u00e1n disfrutar el s\u00e1bado y domingo de las propuestas de G\u00e9nesis Ru\u00edz, Manuel Febrillet, Joyce Design, Starlin de Holma, Mau RD y Giannina Azar.<\/p>\n\n\n<div class=\"wp-block-image\">\n<figure data-wp-context=\"{&quot;imageId&quot;:&quot;69efade67754d&quot;}\" data-wp-interactive=\"core\/image\" data-wp-key=\"69efade67754d\" class=\"aligncenter size-large wp-lightbox-container\"><img loading=\"lazy\" decoding=\"async\" width=\"1024\" height=\"683\" data-wp-class--hide=\"state.isContentHidden\" data-wp-class--show=\"state.isContentVisible\" data-wp-init=\"callbacks.setButtonStyles\" data-wp-on--click=\"actions.showLightbox\" data-wp-on--load=\"callbacks.setButtonStyles\" data-wp-on-window--resize=\"callbacks.setButtonStyles\" src=\"https:\/\/elmundodelosnegocios.com.do\/v1\/wp-content\/uploads\/2026\/04\/Patricia-Acosta-editora-de-la-revista-Bodas-A-La-Moda-1024x683.jpg\" alt=\"\" class=\"wp-image-77573\" srcset=\"https:\/\/elmundodelosnegocios.com.do\/v1\/wp-content\/uploads\/2026\/04\/Patricia-Acosta-editora-de-la-revista-Bodas-A-La-Moda-1024x683.jpg 1024w, https:\/\/elmundodelosnegocios.com.do\/v1\/wp-content\/uploads\/2026\/04\/Patricia-Acosta-editora-de-la-revista-Bodas-A-La-Moda-300x200.jpg 300w, https:\/\/elmundodelosnegocios.com.do\/v1\/wp-content\/uploads\/2026\/04\/Patricia-Acosta-editora-de-la-revista-Bodas-A-La-Moda-768x512.jpg 768w, https:\/\/elmundodelosnegocios.com.do\/v1\/wp-content\/uploads\/2026\/04\/Patricia-Acosta-editora-de-la-revista-Bodas-A-La-Moda-1536x1024.jpg 1536w, https:\/\/elmundodelosnegocios.com.do\/v1\/wp-content\/uploads\/2026\/04\/Patricia-Acosta-editora-de-la-revista-Bodas-A-La-Moda-2048x1365.jpg 2048w\" sizes=\"auto, (max-width: 1024px) 100vw, 1024px\" \/><button\n\t\t\tclass=\"lightbox-trigger\"\n\t\t\ttype=\"button\"\n\t\t\taria-haspopup=\"dialog\"\n\t\t\taria-label=\"Agrandar\"\n\t\t\tdata-wp-init=\"callbacks.initTriggerButton\"\n\t\t\tdata-wp-on--click=\"actions.showLightbox\"\n\t\t\tdata-wp-style--right=\"state.imageButtonRight\"\n\t\t\tdata-wp-style--top=\"state.imageButtonTop\"\n\t\t>\n\t\t\t<svg xmlns=\"http:\/\/www.w3.org\/2000\/svg\" width=\"12\" height=\"12\" fill=\"none\" viewBox=\"0 0 12 12\">\n\t\t\t\t<path fill=\"#fff\" d=\"M2 0a2 2 0 0 0-2 2v2h1.5V2a.5.5 0 0 1 .5-.5h2V0H2Zm2 10.5H2a.5.5 0 0 1-.5-.5V8H0v2a2 2 0 0 0 2 2h2v-1.5ZM8 12v-1.5h2a.5.5 0 0 0 .5-.5V8H12v2a2 2 0 0 1-2 2H8Zm2-12a2 2 0 0 1 2 2v2h-1.5V2a.5.5 0 0 0-.5-.5H8V0h2Z\" \/>\n\t\t\t<\/svg>\n\t\t<\/button><figcaption class=\"wp-element-caption\">Patricia Acosta, editora de la revista Bodas A La Moda<\/figcaption><\/figure>\n<\/div>\n\n\n<p>Patricia Acosta, editora de la revista Bodas A La Moda, explic\u00f3 que el espacio ha sido creado para inspirar, educar y conectar, mostrando las tendencias m\u00e1s relevantes, las innovaciones del sector y las propuestas que est\u00e1n transformando la manera de vivir las bodas.&nbsp;<\/p>\n\n\n\n<p>\u201cEste proyecto est\u00e1 vinculado con la presentaci\u00f3n de cada edici\u00f3n de Bodas A La Moda, que ahora se transforma en una plataforma integral que amplifica la visibilidad de todos los aliados de la industria de bodas, en el inter\u00e9s de brindar a los asistentes un recorrido sensorial que refleje la est\u00e9tica, la emoci\u00f3n y el lujo de una boda bien dise\u00f1ada\u201d, puntualiz\u00f3 Acosta.<\/p>\n\n\n\n<p>El calendario contempla para el s\u00e1bado 9 de mayo las intervenciones de: Claudia Penzo (sponsored by Florenzza): The Flower Experience; Leonardo Cordero: El Estilismo del Novio; Festamundi &#8211; Alexander Bellone: El brindis perfecto: cocteler\u00eda y experiencias en bodas; So Chic \u2013 Crismaval Rancier: de la boda so\u00f1ada al amor real: claves para construir un matrimonio sano m\u00e1s all\u00e1 de la boda; Jard\u00edn de Novias \u2013 Eyaelkys Mej\u00eda: The Bridal Experience: vistiendo Sue\u00f1os y la sex\u00f3loga Elaine Feliz.<\/p>\n\n\n\n<p>Para el domingo 10 de mayo: Difiore \u2013 Erika Su\u00e1rez; el panel: una boda de principio a fin: visi\u00f3n 360\u00b0 de los especialistas Erika Su\u00e1rez, Jhonaly Guzm\u00e1n, Elvira Sep\u00falveda, Danny Lora, Anny Abate; Kilcia Medina: Imagen nupcial con fundamento: coherencia, estilo y equilibrio; Paul Alfonso (El chico de las flores); H\u00e9ctor Torres \u2013 Sanctuary: \u201cDel sue\u00f1o al s\u00ed, acepto\u201d: Bodas en Sanctuary Cap Cana; un conversatorio con Mar\u00eda Eugenia Mera, Marcelle Lama y Beatriz Abud; y el Dr. Hugo \u00c1vila: El secreto de belleza para novias modernas con Filierina<\/p>\n\n\n\n<p>&nbsp;\u2018The Wedding Event\u2019&nbsp;&nbsp;cuenta con el patrocinio de&nbsp;&nbsp;Elizabeth Arden, Light Group, Martiderm, Embassy Suites, Sued Mujer, Leonardos, Casas del XVI, Joyce Design y Neutrogena.<\/p>\n","protected":false},"excerpt":{"rendered":"<p>Santo Domingo, R. D.-La revista Bodas a La Moda organiz\u00f3 un encuentro para compartir los detalles de la segunda edici\u00f3n evento&nbsp;\u2018The Wedding Event\u2019, una plataforma que re\u00fane a los actores&hellip; <\/p>\n","protected":false},"author":2,"featured_media":77575,"comment_status":"closed","ping_status":"closed","sticky":false,"template":"","format":"standard","meta":{"fifu_image_url":"https:\/\/elmundodelosnegocios.com.do\/v1\/wp-content\/uploads\/2026\/04\/1-Foto-Principal-9429-Omayra-Ramirez-Patricia-Acosta-y-Celeste-Perez-.jpg","fifu_image_alt":"","footnotes":""},"categories":[157],"tags":[],"class_list":["post-77571","post","type-post","status-publish","format-standard","has-post-thumbnail","hentry","category-marketing"],"_links":{"self":[{"href":"https:\/\/elmundodelosnegocios.com.do\/v1\/wp-json\/wp\/v2\/posts\/77571","targetHints":{"allow":["GET"]}}],"collection":[{"href":"https:\/\/elmundodelosnegocios.com.do\/v1\/wp-json\/wp\/v2\/posts"}],"about":[{"href":"https:\/\/elmundodelosnegocios.com.do\/v1\/wp-json\/wp\/v2\/types\/post"}],"author":[{"embeddable":true,"href":"https:\/\/elmundodelosnegocios.com.do\/v1\/wp-json\/wp\/v2\/users\/2"}],"replies":[{"embeddable":true,"href":"https:\/\/elmundodelosnegocios.com.do\/v1\/wp-json\/wp\/v2\/comments?post=77571"}],"version-history":[{"count":1,"href":"https:\/\/elmundodelosnegocios.com.do\/v1\/wp-json\/wp\/v2\/posts\/77571\/revisions"}],"predecessor-version":[{"id":77574,"href":"https:\/\/elmundodelosnegocios.com.do\/v1\/wp-json\/wp\/v2\/posts\/77571\/revisions\/77574"}],"wp:featuredmedia":[{"embeddable":true,"href":"https:\/\/elmundodelosnegocios.com.do\/v1\/wp-json\/wp\/v2\/media\/77575"}],"wp:attachment":[{"href":"https:\/\/elmundodelosnegocios.com.do\/v1\/wp-json\/wp\/v2\/media?parent=77571"}],"wp:term":[{"taxonomy":"category","embeddable":true,"href":"https:\/\/elmundodelosnegocios.com.do\/v1\/wp-json\/wp\/v2\/categories?post=77571"},{"taxonomy":"post_tag","embeddable":true,"href":"https:\/\/elmundodelosnegocios.com.do\/v1\/wp-json\/wp\/v2\/tags?post=77571"}],"curies":[{"name":"wp","href":"https:\/\/api.w.org\/{rel}","templated":true}]}}