{"id":77587,"date":"2026-04-27T11:18:46","date_gmt":"2026-04-27T15:48:46","guid":{"rendered":"https:\/\/elmundodelosnegocios.com.do\/v1\/?p=77587"},"modified":"2026-04-27T11:18:48","modified_gmt":"2026-04-27T15:48:48","slug":"punta-cana-se-prepara-para-la-cuarta-edicion-de-the-village-jazz-fest-2026","status":"publish","type":"post","link":"https:\/\/elmundodelosnegocios.com.do\/v1\/punta-cana-se-prepara-para-la-cuarta-edicion-de-the-village-jazz-fest-2026\/","title":{"rendered":"Punta Cana se prepara para la cuarta edici\u00f3n de The Village Jazz Fest 2026"},"content":{"rendered":"\n<p>El pr\u00f3ximo s\u00e1bado 2 de mayo, las emblem\u00e1ticas \u00e1reas del \u201cStrip\u201d en Galer\u00edas Puntacana Village se llenar\u00e1n de armon\u00eda y ritmo con la celebraci\u00f3n de la cuarta edici\u00f3n de The Village Jazz Fest. Tras tres a\u00f1os de crecimiento sostenido, el festival oficial de jazz de la zona regresa para consolidar a Punta Cana como un punto de encuentro ineludible para la cultura y el arte en vivo en la Rep\u00fablica Dominicana.<\/p>\n\n\n<div class=\"wp-block-image\">\n<figure data-wp-context=\"{&quot;imageId&quot;:&quot;69efadfc9783d&quot;}\" data-wp-interactive=\"core\/image\" data-wp-key=\"69efadfc9783d\" class=\"aligncenter size-large wp-lightbox-container\"><img loading=\"lazy\" decoding=\"async\" width=\"1024\" height=\"576\" data-wp-class--hide=\"state.isContentHidden\" data-wp-class--show=\"state.isContentVisible\" data-wp-init=\"callbacks.setButtonStyles\" data-wp-on--click=\"actions.showLightbox\" data-wp-on--load=\"callbacks.setButtonStyles\" data-wp-on-window--resize=\"callbacks.setButtonStyles\" src=\"https:\/\/elmundodelosnegocios.com.do\/v1\/wp-content\/uploads\/2026\/04\/217A0148-1024x576.jpg\" alt=\"\" class=\"wp-image-77588\" srcset=\"https:\/\/elmundodelosnegocios.com.do\/v1\/wp-content\/uploads\/2026\/04\/217A0148-1024x576.jpg 1024w, https:\/\/elmundodelosnegocios.com.do\/v1\/wp-content\/uploads\/2026\/04\/217A0148-300x169.jpg 300w, https:\/\/elmundodelosnegocios.com.do\/v1\/wp-content\/uploads\/2026\/04\/217A0148-768x432.jpg 768w, https:\/\/elmundodelosnegocios.com.do\/v1\/wp-content\/uploads\/2026\/04\/217A0148.jpg 1365w\" sizes=\"auto, (max-width: 1024px) 100vw, 1024px\" \/><button\n\t\t\tclass=\"lightbox-trigger\"\n\t\t\ttype=\"button\"\n\t\t\taria-haspopup=\"dialog\"\n\t\t\taria-label=\"Agrandar\"\n\t\t\tdata-wp-init=\"callbacks.initTriggerButton\"\n\t\t\tdata-wp-on--click=\"actions.showLightbox\"\n\t\t\tdata-wp-style--right=\"state.imageButtonRight\"\n\t\t\tdata-wp-style--top=\"state.imageButtonTop\"\n\t\t>\n\t\t\t<svg xmlns=\"http:\/\/www.w3.org\/2000\/svg\" width=\"12\" height=\"12\" fill=\"none\" viewBox=\"0 0 12 12\">\n\t\t\t\t<path fill=\"#fff\" d=\"M2 0a2 2 0 0 0-2 2v2h1.5V2a.5.5 0 0 1 .5-.5h2V0H2Zm2 10.5H2a.5.5 0 0 1-.5-.5V8H0v2a2 2 0 0 0 2 2h2v-1.5ZM8 12v-1.5h2a.5.5 0 0 0 .5-.5V8H12v2a2 2 0 0 1-2 2H8Zm2-12a2 2 0 0 1 2 2v2h-1.5V2a.5.5 0 0 0-.5-.5H8V0h2Z\" \/>\n\t\t\t<\/svg>\n\t\t<\/button><\/figure>\n<\/div>\n\n\n<p>La velada, que iniciar\u00e1 a las 7:00 de la noche, presenta un cartel que equilibra la academia con el alma caribe\u00f1a. El escenario recibir\u00e1 a Oscar Micheli, pianista y compositor formado en Berklee College of Music, quien llega con la sofisticaci\u00f3n de su tr\u00edo para demostrar por qu\u00e9 es una de las figuras m\u00e1s s\u00f3lidas del g\u00e9nero. A \u00e9l se une el virtuosismo de Sandy Gabriel, saxofonista y productor que ha logrado una firma sonora \u00fanica al fusionar la estructura del jazz con la riqueza r\u00edtmica que define nuestra regi\u00f3n.<\/p>\n\n\n\n<p>La propuesta art\u00edstica se eleva con la presencia de Guarionex Aquino, percusionista de trascendencia global que ha compartido escenario con figuras de la talla de Michel Camilo, aportando esa profundidad r\u00edtmica que solo un maestro de su calibre puede ofrecer. A esta constelaci\u00f3n se suma la voz y el misticismo de Xiomara Fortuna, pionera de la fusi\u00f3n afro-dominicana y figura esencial en los circuitos internacionales de World Music, cuya participaci\u00f3n promete ser uno de los momentos m\u00e1s emotivos de la noche.<\/p>\n\n\n\n<p>Para cerrar este viaje sonoro, el festival contar\u00e1 con la energ\u00eda de The Beach Jazz Project. La agrupaci\u00f3n, compuesta por \u00c1lvaro Carrera, Freddy Waldrop, Iv\u00e1n Pe\u00f1a y Mois\u00e9s Oropeza, destaca por un lenguaje contempor\u00e1neo donde la improvisaci\u00f3n y la riqueza r\u00edtmica se entrelazan, ofreciendo una frescura que conecta con las nuevas audiencias del g\u00e9nero.<\/p>\n\n\n\n<p>Organizado por Luinis Quezada, Luis Migoya, Manuel Sajour y el Grupo Puntacana, el evento no es solo un concierto, sino una apuesta por el desarrollo cultural del destino. Con esta cuarta edici\u00f3n, The Village Puntacana reafirma su compromiso de crear experiencias memorables donde el arte y la comunidad convergen, elevando la oferta de entretenimiento y posicionando a la zona como un referente musical de alto nivel para residentes y visitantes por igual.<\/p>\n","protected":false},"excerpt":{"rendered":"<p>El pr\u00f3ximo s\u00e1bado 2 de mayo, las emblem\u00e1ticas \u00e1reas del \u201cStrip\u201d en Galer\u00edas Puntacana Village se llenar\u00e1n de armon\u00eda y ritmo con la celebraci\u00f3n de la cuarta edici\u00f3n de The&hellip; <\/p>\n","protected":false},"author":2,"featured_media":77590,"comment_status":"closed","ping_status":"closed","sticky":false,"template":"","format":"standard","meta":{"fifu_image_url":"https:\/\/elmundodelosnegocios.com.do\/v1\/wp-content\/uploads\/2026\/04\/217A0148.jpg","fifu_image_alt":"","footnotes":""},"categories":[148],"tags":[],"class_list":["post-77587","post","type-post","status-publish","format-standard","has-post-thumbnail","hentry","category-cultura"],"_links":{"self":[{"href":"https:\/\/elmundodelosnegocios.com.do\/v1\/wp-json\/wp\/v2\/posts\/77587","targetHints":{"allow":["GET"]}}],"collection":[{"href":"https:\/\/elmundodelosnegocios.com.do\/v1\/wp-json\/wp\/v2\/posts"}],"about":[{"href":"https:\/\/elmundodelosnegocios.com.do\/v1\/wp-json\/wp\/v2\/types\/post"}],"author":[{"embeddable":true,"href":"https:\/\/elmundodelosnegocios.com.do\/v1\/wp-json\/wp\/v2\/users\/2"}],"replies":[{"embeddable":true,"href":"https:\/\/elmundodelosnegocios.com.do\/v1\/wp-json\/wp\/v2\/comments?post=77587"}],"version-history":[{"count":1,"href":"https:\/\/elmundodelosnegocios.com.do\/v1\/wp-json\/wp\/v2\/posts\/77587\/revisions"}],"predecessor-version":[{"id":77589,"href":"https:\/\/elmundodelosnegocios.com.do\/v1\/wp-json\/wp\/v2\/posts\/77587\/revisions\/77589"}],"wp:featuredmedia":[{"embeddable":true,"href":"https:\/\/elmundodelosnegocios.com.do\/v1\/wp-json\/wp\/v2\/media\/77590"}],"wp:attachment":[{"href":"https:\/\/elmundodelosnegocios.com.do\/v1\/wp-json\/wp\/v2\/media?parent=77587"}],"wp:term":[{"taxonomy":"category","embeddable":true,"href":"https:\/\/elmundodelosnegocios.com.do\/v1\/wp-json\/wp\/v2\/categories?post=77587"},{"taxonomy":"post_tag","embeddable":true,"href":"https:\/\/elmundodelosnegocios.com.do\/v1\/wp-json\/wp\/v2\/tags?post=77587"}],"curies":[{"name":"wp","href":"https:\/\/api.w.org\/{rel}","templated":true}]}}