{"id":77591,"date":"2026-04-27T11:21:31","date_gmt":"2026-04-27T15:51:31","guid":{"rendered":"https:\/\/elmundodelosnegocios.com.do\/v1\/?p=77591"},"modified":"2026-04-27T11:22:13","modified_gmt":"2026-04-27T15:52:13","slug":"banco-adopem-fortalece-su-estructura-de-gobernanza-para-impulsar-su-vision-de-crecimiento-sostenible-y-de-largo-plazo","status":"publish","type":"post","link":"https:\/\/elmundodelosnegocios.com.do\/v1\/banco-adopem-fortalece-su-estructura-de-gobernanza-para-impulsar-su-vision-de-crecimiento-sostenible-y-de-largo-plazo\/","title":{"rendered":"Banco ADOPEM fortalece su estructura de gobernanza para impulsar su visi\u00f3n de crecimiento sostenible y de largo plazo"},"content":{"rendered":"\n<p><strong>Santo Domingo, D.N.<\/strong>&nbsp;\u2013 El Consejo de Administraci\u00f3n del Banco ADOPEM entidad de la Fundaci\u00f3n Microfinanzas FMBVVA anunci\u00f3, tras su sesi\u00f3n del 23 de marzo del presente a\u00f1o, una serie de cambios en su estructura de gobernanza orientados a fortalecer la institucionalidad, asegurar la continuidad de su gesti\u00f3n estrat\u00e9gica y consolidar su visi\u00f3n de crecimiento sostenible, innovaci\u00f3n y generaci\u00f3n de valor a largo plazo.<\/p>\n\n\n<div class=\"wp-block-image\">\n<figure data-wp-context=\"{&quot;imageId&quot;:&quot;69efae2d580b8&quot;}\" data-wp-interactive=\"core\/image\" data-wp-key=\"69efae2d580b8\" class=\"aligncenter size-large wp-lightbox-container\"><img loading=\"lazy\" decoding=\"async\" width=\"1024\" height=\"576\" data-wp-class--hide=\"state.isContentHidden\" data-wp-class--show=\"state.isContentVisible\" data-wp-init=\"callbacks.setButtonStyles\" data-wp-on--click=\"actions.showLightbox\" data-wp-on--load=\"callbacks.setButtonStyles\" data-wp-on-window--resize=\"callbacks.setButtonStyles\" src=\"https:\/\/elmundodelosnegocios.com.do\/v1\/wp-content\/uploads\/2026\/04\/DSC09649-Editar-1024x576.jpeg\" alt=\"Javier Flores, Mercedes Canalda de Beras-Goico, Mar\u00eda Antonia Esteva Troncoso y Jos\u00e9 Antonio Colomer.\" class=\"wp-image-77592\" srcset=\"https:\/\/elmundodelosnegocios.com.do\/v1\/wp-content\/uploads\/2026\/04\/DSC09649-Editar-1024x576.jpeg 1024w, https:\/\/elmundodelosnegocios.com.do\/v1\/wp-content\/uploads\/2026\/04\/DSC09649-Editar-300x169.jpeg 300w, https:\/\/elmundodelosnegocios.com.do\/v1\/wp-content\/uploads\/2026\/04\/DSC09649-Editar-768x432.jpeg 768w, https:\/\/elmundodelosnegocios.com.do\/v1\/wp-content\/uploads\/2026\/04\/DSC09649-Editar.jpeg 1365w\" sizes=\"auto, (max-width: 1024px) 100vw, 1024px\" \/><button\n\t\t\tclass=\"lightbox-trigger\"\n\t\t\ttype=\"button\"\n\t\t\taria-haspopup=\"dialog\"\n\t\t\taria-label=\"Agrandar\"\n\t\t\tdata-wp-init=\"callbacks.initTriggerButton\"\n\t\t\tdata-wp-on--click=\"actions.showLightbox\"\n\t\t\tdata-wp-style--right=\"state.imageButtonRight\"\n\t\t\tdata-wp-style--top=\"state.imageButtonTop\"\n\t\t>\n\t\t\t<svg xmlns=\"http:\/\/www.w3.org\/2000\/svg\" width=\"12\" height=\"12\" fill=\"none\" viewBox=\"0 0 12 12\">\n\t\t\t\t<path fill=\"#fff\" d=\"M2 0a2 2 0 0 0-2 2v2h1.5V2a.5.5 0 0 1 .5-.5h2V0H2Zm2 10.5H2a.5.5 0 0 1-.5-.5V8H0v2a2 2 0 0 0 2 2h2v-1.5ZM8 12v-1.5h2a.5.5 0 0 0 .5-.5V8H12v2a2 2 0 0 1-2 2H8Zm2-12a2 2 0 0 1 2 2v2h-1.5V2a.5.5 0 0 0-.5-.5H8V0h2Z\" \/>\n\t\t\t<\/svg>\n\t\t<\/button><figcaption class=\"wp-element-caption\">Javier Flores, Mercedes Canalda de Beras-Goico, Mar\u00eda Antonia Esteva Troncoso y Jos\u00e9 Antonio Colomer.<\/figcaption><\/figure>\n<\/div>\n\n\n<p>Estos movimientos forman parte de un proceso planificado de evoluci\u00f3n organizacional, que permitir\u00e1 al Banco responder con mayor agilidad a las transformaciones del entorno financiero, regulatorio y tecnol\u00f3gico, as\u00ed como a las expectativas de sus accionistas y grupos de inter\u00e9s.<\/p>\n\n\n\n<p>En este contexto, el Consejo aprob\u00f3 ajustes orientados a robustecer la coordinaci\u00f3n de funciones clave vinculadas al gobierno corporativo, las relaciones con accionistas y el an\u00e1lisis econ\u00f3mico, reforzando as\u00ed los pilares de transparencia, eficiencia y sostenibilidad institucional. Estas decisiones fueron ratificadas en la Asamblea de Accionistas celebrada&nbsp;&nbsp;el 15 de abril del presente a\u00f1o.&nbsp;<\/p>\n\n\n\n<p><strong>Reconocimiento a una trayectoria de impacto<\/strong><\/p>\n\n\n\n<p>Jos\u00e9 Antonio Colomer, presidente del Consejo de Administraci\u00f3n, se acoger\u00e1 al retiro voluntario a partir del presente mes, tras una destacada trayectoria de m\u00e1s de 12 a\u00f1os al servicio en el Consejo de Administraci\u00f3n del Banco ADOPEM.<\/p>\n\n\n\n<p>Durante su gesti\u00f3n, desempe\u00f1\u00f3 un rol clave en la consolidaci\u00f3n institucional de la entidad, impulsando el fortalecimiento del gobierno corporativo, la proyecci\u00f3n estrat\u00e9gica y el posicionamiento del Banco como referente nacional y regional en microfinanzas, inclusi\u00f3n financiera y buenas pr\u00e1cticas de gesti\u00f3n.<\/p>\n\n\n\n<p>La organizaci\u00f3n expresa su profundo agradecimiento por su liderazgo, compromiso y visi\u00f3n, que dejan una base s\u00f3lida sobre la cual se construye esta nueva etapa.<\/p>\n\n\n\n<p><strong>Nombramiento de Mar\u00eda Antonia Esteva Troncoso<\/strong><\/p>\n\n\n\n<p>En l\u00ednea con este proceso de transici\u00f3n ordenada, el Consejo de Administraci\u00f3n aprob\u00f3 la designaci\u00f3n de Mar\u00eda Antonia Esteva como nueva Presidenta del Consejo de Administraci\u00f3n, cargo que asumir\u00e1 a partir de la asamblea celebrada el 15 de abril del 2026.&nbsp;<\/p>\n\n\n\n<p>Esta designaci\u00f3n responde a un proceso planificado que garantiza la continuidad institucional, al tiempo que incorpora una visi\u00f3n renovadora alineada con las tendencias globales en gobernanza, sostenibilidad, innovaci\u00f3n y gesti\u00f3n estrat\u00e9gica.<\/p>\n\n\n\n<p>Su nombramiento adem\u00e1s es&nbsp;&nbsp;relevante en el sector financiero nacional, al convertirse en la primera mujer en presidir un Consejo de Administraci\u00f3n en los Bancos de Ahorro y Cr\u00e9dito, reafirmando el compromiso del Banco ADOPEM con la equidad, la diversidad y el fortalecimiento del liderazgo femenino.<\/p>\n\n\n\n<p><strong>Visi\u00f3n global y fortalecimiento del gobierno corporativo<\/strong><\/p>\n\n\n\n<p>La se\u00f1ora Esteva aporta una amplia trayectoria en gobierno corporativo, gesti\u00f3n de riesgos, cumplimiento regulatorio y planificaci\u00f3n estrat\u00e9gica, con una visi\u00f3n integral del sistema financiero y del desarrollo empresarial.<\/p>\n\n\n\n<p>Se desempe\u00f1\u00f3 como Presidenta del Consejo de Directores de la Bolsa de Valores de la Rep\u00fablica Dominicana, donde lider\u00f3 iniciativas clave como la adopci\u00f3n de mejores pr\u00e1cticas de gobierno corporativo, la implementaci\u00f3n de plataformas tecnol\u00f3gicas transaccionales, el fortalecimiento de la gesti\u00f3n integral de riesgos y la modernizaci\u00f3n institucional del mercado de valores.&nbsp;<\/p>\n\n\n\n<p>Asimismo, cuenta con una gran experiencia en el sector financiero, destac\u00e1ndose como Vicepresidenta de Administraci\u00f3n de Riesgos y Cumplimiento en Grupo Financiero Le\u00f3n, donde lider\u00f3 la implementaci\u00f3n de modelos de gesti\u00f3n integral de riesgos, fortaleci\u00f3 los sistemas de cumplimiento regulatorio y promovi\u00f3 est\u00e1ndares internacionales de control y transparencia.&nbsp;<\/p>\n\n\n\n<p>Con esta designaci\u00f3n, el Banco ADOPEM fortalece su estructura de gobernanza con una l\u00edder de visi\u00f3n estrat\u00e9gica, experiencia regional y profundo conocimiento del sistema financiero, elementos clave para acompa\u00f1ar la siguiente etapa de crecimiento sostenible, inclusi\u00f3n financiera y transformaci\u00f3n digital de la instituci\u00f3n.<\/p>\n\n\n\n<p><strong>Incorporaci\u00f3n de Jos\u00e9 Luis Blanco Beneit&nbsp;<\/strong><\/p>\n\n\n\n<p>Como parte de estos cambios, el Consejo de Administraci\u00f3n tambi\u00e9n aprob\u00f3 la incorporaci\u00f3n de Jos\u00e9 Luis Blanco Beneit como consejero No Independiente,&nbsp;<a>quien aportar\u00e1 su s\u00f3lida trayectoria en la gesti\u00f3n integral de riesgos, control interno y cumplimiento normativo<\/a>.&nbsp;El Sr. Blanco, licenciado en Ciencias Econ\u00f3micas, Empresariales y Derecho por ICADE&nbsp;, cuenta con un perfil de alta especializaci\u00f3n tras haber desempe\u00f1ado roles clave en el Grupo BBVA, incluyendo las direcciones de Riesgos en su Fundaci\u00f3n de Microfinanzas, Control Interno y Riesgo Operacional a nivel global, y la posici\u00f3n de Chief Control Officer en Estados Unidos.&nbsp;<\/p>\n\n\n\n<p>Su integraci\u00f3n refuerza la diversidad de capacidades del Consejo y consolida un enfoque de gobernanza m\u00e1s robusto, contribuyendo al fortalecimiento de la toma de decisiones estrat\u00e9gicas y al acompa\u00f1amiento de la agenda de crecimiento y modernizaci\u00f3n del Banco, bajo los m\u00e1s altos est\u00e1ndares de las mejores pr\u00e1cticas internacionales.<\/p>\n","protected":false},"excerpt":{"rendered":"<p>Santo Domingo, D.N.&nbsp;\u2013 El Consejo de Administraci\u00f3n del Banco ADOPEM entidad de la Fundaci\u00f3n Microfinanzas FMBVVA anunci\u00f3, tras su sesi\u00f3n del 23 de marzo del presente a\u00f1o, una serie de&hellip; <\/p>\n","protected":false},"author":2,"featured_media":77594,"comment_status":"closed","ping_status":"closed","sticky":false,"template":"","format":"standard","meta":{"fifu_image_url":"https:\/\/elmundodelosnegocios.com.do\/v1\/wp-content\/uploads\/2026\/04\/DSC09649-Editar.jpeg","fifu_image_alt":"","footnotes":""},"categories":[180],"tags":[],"class_list":["post-77591","post","type-post","status-publish","format-standard","has-post-thumbnail","hentry","category-banca"],"_links":{"self":[{"href":"https:\/\/elmundodelosnegocios.com.do\/v1\/wp-json\/wp\/v2\/posts\/77591","targetHints":{"allow":["GET"]}}],"collection":[{"href":"https:\/\/elmundodelosnegocios.com.do\/v1\/wp-json\/wp\/v2\/posts"}],"about":[{"href":"https:\/\/elmundodelosnegocios.com.do\/v1\/wp-json\/wp\/v2\/types\/post"}],"author":[{"embeddable":true,"href":"https:\/\/elmundodelosnegocios.com.do\/v1\/wp-json\/wp\/v2\/users\/2"}],"replies":[{"embeddable":true,"href":"https:\/\/elmundodelosnegocios.com.do\/v1\/wp-json\/wp\/v2\/comments?post=77591"}],"version-history":[{"count":1,"href":"https:\/\/elmundodelosnegocios.com.do\/v1\/wp-json\/wp\/v2\/posts\/77591\/revisions"}],"predecessor-version":[{"id":77593,"href":"https:\/\/elmundodelosnegocios.com.do\/v1\/wp-json\/wp\/v2\/posts\/77591\/revisions\/77593"}],"wp:featuredmedia":[{"embeddable":true,"href":"https:\/\/elmundodelosnegocios.com.do\/v1\/wp-json\/wp\/v2\/media\/77594"}],"wp:attachment":[{"href":"https:\/\/elmundodelosnegocios.com.do\/v1\/wp-json\/wp\/v2\/media?parent=77591"}],"wp:term":[{"taxonomy":"category","embeddable":true,"href":"https:\/\/elmundodelosnegocios.com.do\/v1\/wp-json\/wp\/v2\/categories?post=77591"},{"taxonomy":"post_tag","embeddable":true,"href":"https:\/\/elmundodelosnegocios.com.do\/v1\/wp-json\/wp\/v2\/tags?post=77591"}],"curies":[{"name":"wp","href":"https:\/\/api.w.org\/{rel}","templated":true}]}}