{"id":77595,"date":"2026-04-27T11:41:09","date_gmt":"2026-04-27T16:11:09","guid":{"rendered":"https:\/\/elmundodelosnegocios.com.do\/v1\/?p=77595"},"modified":"2026-04-27T11:41:11","modified_gmt":"2026-04-27T16:11:11","slug":"canciller-del-reino-de-espana-realizara-visita-oficial-a-republica-dominicana","status":"publish","type":"post","link":"https:\/\/elmundodelosnegocios.com.do\/v1\/canciller-del-reino-de-espana-realizara-visita-oficial-a-republica-dominicana\/","title":{"rendered":"Canciller del Reino de Espa\u00f1a realizar\u00e1 visita oficial a Rep\u00fablica Dominicana"},"content":{"rendered":"\n<p>Santo Domingo de Guzm\u00e1n, Rep\u00fablica Dominicana. -El ministro de Relaciones Exteriores, Roberto \u00c1lvarez, recibir\u00e1 este martes 28 de abril a su hom\u00f3logo del Reino de Espa\u00f1a, Jos\u00e9 Manuel Albares, quien realizar\u00e1 una visita oficial al pa\u00eds.<\/p>\n\n\n<div class=\"wp-block-image\">\n<figure data-wp-context=\"{&quot;imageId&quot;:&quot;69efb151a9db2&quot;}\" data-wp-interactive=\"core\/image\" data-wp-key=\"69efb151a9db2\" class=\"aligncenter size-large wp-lightbox-container\"><img loading=\"lazy\" decoding=\"async\" width=\"1024\" height=\"682\" data-wp-class--hide=\"state.isContentHidden\" data-wp-class--show=\"state.isContentVisible\" data-wp-init=\"callbacks.setButtonStyles\" data-wp-on--click=\"actions.showLightbox\" data-wp-on--load=\"callbacks.setButtonStyles\" data-wp-on-window--resize=\"callbacks.setButtonStyles\" src=\"https:\/\/elmundodelosnegocios.com.do\/v1\/wp-content\/uploads\/2026\/04\/WhatsApp-Image-2026-04-26-at-12.52.17-PM-1024x682.jpeg\" alt=\"\" class=\"wp-image-77596\" srcset=\"https:\/\/elmundodelosnegocios.com.do\/v1\/wp-content\/uploads\/2026\/04\/WhatsApp-Image-2026-04-26-at-12.52.17-PM-1024x682.jpeg 1024w, https:\/\/elmundodelosnegocios.com.do\/v1\/wp-content\/uploads\/2026\/04\/WhatsApp-Image-2026-04-26-at-12.52.17-PM-300x200.jpeg 300w, https:\/\/elmundodelosnegocios.com.do\/v1\/wp-content\/uploads\/2026\/04\/WhatsApp-Image-2026-04-26-at-12.52.17-PM-768x512.jpeg 768w, https:\/\/elmundodelosnegocios.com.do\/v1\/wp-content\/uploads\/2026\/04\/WhatsApp-Image-2026-04-26-at-12.52.17-PM-1536x1023.jpeg 1536w, https:\/\/elmundodelosnegocios.com.do\/v1\/wp-content\/uploads\/2026\/04\/WhatsApp-Image-2026-04-26-at-12.52.17-PM.jpeg 1600w\" sizes=\"auto, (max-width: 1024px) 100vw, 1024px\" \/><button\n\t\t\tclass=\"lightbox-trigger\"\n\t\t\ttype=\"button\"\n\t\t\taria-haspopup=\"dialog\"\n\t\t\taria-label=\"Agrandar\"\n\t\t\tdata-wp-init=\"callbacks.initTriggerButton\"\n\t\t\tdata-wp-on--click=\"actions.showLightbox\"\n\t\t\tdata-wp-style--right=\"state.imageButtonRight\"\n\t\t\tdata-wp-style--top=\"state.imageButtonTop\"\n\t\t>\n\t\t\t<svg xmlns=\"http:\/\/www.w3.org\/2000\/svg\" width=\"12\" height=\"12\" fill=\"none\" viewBox=\"0 0 12 12\">\n\t\t\t\t<path fill=\"#fff\" d=\"M2 0a2 2 0 0 0-2 2v2h1.5V2a.5.5 0 0 1 .5-.5h2V0H2Zm2 10.5H2a.5.5 0 0 1-.5-.5V8H0v2a2 2 0 0 0 2 2h2v-1.5ZM8 12v-1.5h2a.5.5 0 0 0 .5-.5V8H12v2a2 2 0 0 1-2 2H8Zm2-12a2 2 0 0 1 2 2v2h-1.5V2a.5.5 0 0 0-.5-.5H8V0h2Z\" \/>\n\t\t\t<\/svg>\n\t\t<\/button><\/figure>\n<\/div>\n\n\n<p>El Ministerio de Relaciones Exteriores inform\u00f3 que el ministro de Asuntos Exteriores, Uni\u00f3n Europea y Cooperaci\u00f3n del Reino de Espa\u00f1a llegar\u00e1 a la Canciller\u00eda en horas de la ma\u00f1ana. Tras los saludos protocolares, ambos cancilleres sostendr\u00e1n una reuni\u00f3n de trabajo.<\/p>\n\n\n\n<p>La agenda incluye una conferencia de prensa conjunta, en la que se informar\u00e1 sobre los temas abordados.<br>La visita se realiza en reciprocidad al encuentro sostenido por ambos cancilleres en Madrid, en mayo de 2025, y da seguimiento a los compromisos de trabajo acordados en esa ocasi\u00f3n.<\/p>\n\n\n\n<p>Rep\u00fablica Dominicana y el Reino de Espa\u00f1a mantienen relaciones diplom\u00e1ticas de larga data y una agenda de cooperaci\u00f3n en \u00e1reas de inter\u00e9s com\u00fan, en el marco de un di\u00e1logo institucional continuo y respetuoso.<\/p>\n\n\n\n<p>El ministro espa\u00f1ol estar\u00e1 acompa\u00f1ado por la secretaria de Estado para Iberoam\u00e9rica y el Caribe, Susana Sumelzo; la embajadora de Espa\u00f1a en Rep\u00fablica Dominicana, Lorea Arribalzaga; as\u00ed como por otros funcionarios.<\/p>\n\n\n\n<p>Por su parte, el canciller Roberto \u00c1lvarez estar\u00e1 acompa\u00f1ado por los viceministros Francisco Caraballo, Rub\u00e9n Sili\u00e9 y Opinio D\u00edaz, junto a otros funcionarios del MIREX.<\/p>\n\n\n\n<p>Rep\u00fablica Dominicana reafirma su compromiso con una pol\u00edtica exterior basada en el respeto mutuo, el di\u00e1logo constructivo y la cooperaci\u00f3n con sus socios internacionales.<\/p>\n","protected":false},"excerpt":{"rendered":"<p>Santo Domingo de Guzm\u00e1n, Rep\u00fablica Dominicana. -El ministro de Relaciones Exteriores, Roberto \u00c1lvarez, recibir\u00e1 este martes 28 de abril a su hom\u00f3logo del Reino de Espa\u00f1a, Jos\u00e9 Manuel Albares, quien&hellip; <\/p>\n","protected":false},"author":2,"featured_media":77598,"comment_status":"closed","ping_status":"closed","sticky":false,"template":"","format":"standard","meta":{"fifu_image_url":"https:\/\/elmundodelosnegocios.com.do\/v1\/wp-content\/uploads\/2026\/04\/WhatsApp-Image-2026-04-26-at-12.52.17-PM.jpeg","fifu_image_alt":"","footnotes":""},"categories":[254],"tags":[],"class_list":["post-77595","post","type-post","status-publish","format-standard","has-post-thumbnail","hentry","category-relaciones-internacionales"],"_links":{"self":[{"href":"https:\/\/elmundodelosnegocios.com.do\/v1\/wp-json\/wp\/v2\/posts\/77595","targetHints":{"allow":["GET"]}}],"collection":[{"href":"https:\/\/elmundodelosnegocios.com.do\/v1\/wp-json\/wp\/v2\/posts"}],"about":[{"href":"https:\/\/elmundodelosnegocios.com.do\/v1\/wp-json\/wp\/v2\/types\/post"}],"author":[{"embeddable":true,"href":"https:\/\/elmundodelosnegocios.com.do\/v1\/wp-json\/wp\/v2\/users\/2"}],"replies":[{"embeddable":true,"href":"https:\/\/elmundodelosnegocios.com.do\/v1\/wp-json\/wp\/v2\/comments?post=77595"}],"version-history":[{"count":1,"href":"https:\/\/elmundodelosnegocios.com.do\/v1\/wp-json\/wp\/v2\/posts\/77595\/revisions"}],"predecessor-version":[{"id":77597,"href":"https:\/\/elmundodelosnegocios.com.do\/v1\/wp-json\/wp\/v2\/posts\/77595\/revisions\/77597"}],"wp:featuredmedia":[{"embeddable":true,"href":"https:\/\/elmundodelosnegocios.com.do\/v1\/wp-json\/wp\/v2\/media\/77598"}],"wp:attachment":[{"href":"https:\/\/elmundodelosnegocios.com.do\/v1\/wp-json\/wp\/v2\/media?parent=77595"}],"wp:term":[{"taxonomy":"category","embeddable":true,"href":"https:\/\/elmundodelosnegocios.com.do\/v1\/wp-json\/wp\/v2\/categories?post=77595"},{"taxonomy":"post_tag","embeddable":true,"href":"https:\/\/elmundodelosnegocios.com.do\/v1\/wp-json\/wp\/v2\/tags?post=77595"}],"curies":[{"name":"wp","href":"https:\/\/api.w.org\/{rel}","templated":true}]}}