{"id":77627,"date":"2026-04-27T15:06:48","date_gmt":"2026-04-27T19:36:48","guid":{"rendered":"https:\/\/elmundodelosnegocios.com.do\/v1\/?p=77627"},"modified":"2026-04-27T15:41:51","modified_gmt":"2026-04-27T20:11:51","slug":"grupo-popular-fortalece-su-liderazgo-con-solidos-resultados-y-vision-estrategica-en-asamblea-2026","status":"publish","type":"post","link":"https:\/\/elmundodelosnegocios.com.do\/v1\/grupo-popular-fortalece-su-liderazgo-con-solidos-resultados-y-vision-estrategica-en-asamblea-2026\/","title":{"rendered":"Grupo Popular fortalece su liderazgo con s\u00f3lidos resultados y visi\u00f3n estrat\u00e9gica en Asamblea 2026"},"content":{"rendered":"\n<p>S<strong>anto Domingo, R.D.<\/strong>\u00a0\u2013 El\u00a0<strong>Grupo Popular<\/strong>\u00a0celebr\u00f3 su\u00a0<strong>Asamblea General Extraordinaria \u2013 Ordinaria Anual de Accionistas 2026<\/strong>, donde present\u00f3 un\u00a0<strong>desempe\u00f1o financiero robusto<\/strong>, junto a decisiones estrat\u00e9gicas orientadas a fortalecer su crecimiento sostenible y su liderazgo en el sistema financiero nacional.<\/p>\n\n\n<div class=\"wp-block-image\">\n<figure class=\"aligncenter size-large\"><img loading=\"lazy\" decoding=\"async\" width=\"1024\" height=\"683\" src=\"https:\/\/elmundodelosnegocios.com.do\/v1\/wp-content\/uploads\/2026\/04\/ISM09396-Principal-2048x1365-1-1024x683.jpg\" alt=\"La organizaci\u00f3n aprueba aumento de capital y reafirma su rol como motor del desarrollo econ\u00f3mico dominicano\" class=\"wp-image-77628\" srcset=\"https:\/\/elmundodelosnegocios.com.do\/v1\/wp-content\/uploads\/2026\/04\/ISM09396-Principal-2048x1365-1-1024x683.jpg 1024w, https:\/\/elmundodelosnegocios.com.do\/v1\/wp-content\/uploads\/2026\/04\/ISM09396-Principal-2048x1365-1-300x200.jpg 300w, https:\/\/elmundodelosnegocios.com.do\/v1\/wp-content\/uploads\/2026\/04\/ISM09396-Principal-2048x1365-1-768x512.jpg 768w, https:\/\/elmundodelosnegocios.com.do\/v1\/wp-content\/uploads\/2026\/04\/ISM09396-Principal-2048x1365-1-1536x1024.jpg 1536w, https:\/\/elmundodelosnegocios.com.do\/v1\/wp-content\/uploads\/2026\/04\/ISM09396-Principal-2048x1365-1.jpg 2048w\" sizes=\"auto, (max-width: 1024px) 100vw, 1024px\" \/><figcaption class=\"wp-element-caption\">La organizaci\u00f3n aprueba aumento de capital y reafirma su rol como motor del desarrollo econ\u00f3mico dominicano<\/figcaption><\/figure>\n<\/div>\n\n\n<p><strong>Fortalecimiento patrimonial y visi\u00f3n de largo plazo<\/strong><\/p>\n\n\n\n<p>Durante la sesi\u00f3n extraordinaria, los accionistas aprobaron el&nbsp;<strong>aumento del capital social autorizado de RD$30,000 millones a RD$35,000 millones<\/strong>, una medida clave para respaldar la expansi\u00f3n del grupo y consolidar su solidez financiera.<\/p>\n\n\n\n<p>En la asamblea ordinaria, se aprobaron los estados financieros, el informe de gesti\u00f3n y la distribuci\u00f3n de utilidades, adem\u00e1s del presupuesto 2026, alineado con una&nbsp;<strong>estrategia basada en innovaci\u00f3n, sostenibilidad y transformaci\u00f3n digital<\/strong>.<\/p>\n\n\n\n<p>El presidente ejecutivo,&nbsp;<strong>Ren\u00e9 Grull\u00f3n<\/strong>, destac\u00f3 que estos resultados responden a una visi\u00f3n enfocada en&nbsp;<strong>diversificaci\u00f3n, eficiencia operativa y creaci\u00f3n de valor a largo plazo<\/strong>.<\/p>\n\n\n<div class=\"wp-block-image\">\n<figure class=\"aligncenter is-resized\"><a href=\"https:\/\/cdn.diariosocialrd.com\/2026\/04\/IMG_3799.jpg.jpeg\"><img decoding=\"async\" src=\"https:\/\/cdn.diariosocialrd.com\/2026\/04\/IMG_3799.jpg-758x1024.jpeg\" alt=\"\" class=\"wp-image-251755\" style=\"aspect-ratio:0.74024170659505;width:840px;height:auto\"\/><\/a><\/figure>\n<\/div>\n\n\n<p><strong>Resultados financieros que consolidan liderazgo<\/strong><\/p>\n\n\n\n<p>El presidente del Consejo de Administraci\u00f3n,&nbsp;<strong>Manuel A. Grull\u00f3n<\/strong>, inform\u00f3 que al cierre de 2025:<\/p>\n\n\n\n<ul class=\"wp-block-list\">\n<li><strong>Activos totales<\/strong>: RD$1.1 billones (<strong>+11.7%<\/strong>)<\/li>\n\n\n\n<li><strong>Cartera de pr\u00e9stamos<\/strong>: RD$656,800 millones (<strong>+8.7%<\/strong>)<\/li>\n\n\n\n<li><strong>Dep\u00f3sitos<\/strong>: RD$777,522 millones<\/li>\n\n\n\n<li><strong>Utilidad neta<\/strong>: RD$34,783 millones<\/li>\n<\/ul>\n\n\n\n<p>Estos resultados reflejan la&nbsp;<strong>confianza del mercado y la solidez del modelo de negocio<\/strong>, incluso en un entorno global desafiante.<\/p>\n\n\n\n<figure class=\"wp-block-image\"><a href=\"https:\/\/cdn.diariosocialrd.com\/2026\/04\/AND02263-scaled.jpg\"><img decoding=\"async\" src=\"https:\/\/cdn.diariosocialrd.com\/2026\/04\/AND02263-1024x682.jpg\" alt=\"\" class=\"wp-image-251756\"\/><\/a><\/figure>\n\n\n\n<p><strong>Impulso de sus filiales y transformaci\u00f3n digital<\/strong><\/p>\n\n\n\n<p>El grupo evidenci\u00f3 un desempe\u00f1o destacado en sus principales empresas:<\/p>\n\n\n\n<ul class=\"wp-block-list\">\n<li><strong>Banco Popular Dominicano<\/strong>\u00a0consolid\u00f3 su liderazgo con activos superiores a RD$929 mil millones<\/li>\n\n\n\n<li><strong>AFP Popular<\/strong>\u00a0alcanz\u00f3 1.6 millones de afiliados<\/li>\n\n\n\n<li>La marca\u00a0<strong>AZUL<\/strong>\u00a0impuls\u00f3 la digitalizaci\u00f3n con m\u00e1s de 223 millones de transacciones<\/li>\n\n\n\n<li><strong>Qik Banco Digital<\/strong>\u00a0super\u00f3 los 800,000 clientes, reafirmando el crecimiento del ecosistema digital<\/li>\n<\/ul>\n\n\n\n<p>Asimismo, \u00e1reas como fondos de inversi\u00f3n, fiduciaria y banca internacional mostraron&nbsp;<strong>crecimientos sostenidos<\/strong>, fortaleciendo la diversificaci\u00f3n del grupo.<\/p>\n\n\n\n<figure class=\"wp-block-image\"><a href=\"https:\/\/cdn.diariosocialrd.com\/2026\/04\/ISM09640-scaled.jpg\"><img decoding=\"async\" src=\"https:\/\/cdn.diariosocialrd.com\/2026\/04\/ISM09640-1024x682.jpg\" alt=\"\" class=\"wp-image-251752\"\/><\/a><\/figure>\n\n\n\n<p><strong>Gobernanza y proyecci\u00f3n institucional<\/strong><\/p>\n\n\n\n<p>La asamblea tambi\u00e9n aprob\u00f3&nbsp;<strong>nuevas designaciones y ratificaciones<\/strong>&nbsp;en el Consejo de Administraci\u00f3n, reforzando la gobernanza corporativa y la continuidad estrat\u00e9gica de la organizaci\u00f3n.<\/p>\n\n\n\n<p><strong>Compromiso con el pa\u00eds<\/strong><\/p>\n\n\n\n<p>Grupo Popular reiter\u00f3 su enfoque en&nbsp;<strong>inclusi\u00f3n financiera, innovaci\u00f3n y sostenibilidad<\/strong>, destacando que su crecimiento est\u00e1 directamente vinculado al desarrollo econ\u00f3mico, social y ambiental de la Rep\u00fablica Dominicana.<\/p>\n\n\n\n<p>Con estos resultados, la entidad reafirma su posici\u00f3n como&nbsp;<strong>referente del sistema financiero<\/strong>&nbsp;y actor clave en la transformaci\u00f3n del ecosistema econ\u00f3mico nacional.<\/p>\n\n\n<div class=\"wp-block-image\">\n<figure class=\"aligncenter\"><a href=\"https:\/\/cdn.diariosocialrd.com\/2026\/04\/ISM09581-1-scaled.jpg\"><img decoding=\"async\" src=\"https:\/\/cdn.diariosocialrd.com\/2026\/04\/ISM09581-1-1024x682.jpg\" alt=\"\" class=\"wp-image-251753\"\/><\/a><\/figure>\n<\/div>","protected":false},"excerpt":{"rendered":"<p>Santo Domingo, R.D.\u00a0\u2013 El\u00a0Grupo Popular\u00a0celebr\u00f3 su\u00a0Asamblea General Extraordinaria \u2013 Ordinaria Anual de Accionistas 2026, donde present\u00f3 un\u00a0desempe\u00f1o financiero robusto, junto a decisiones estrat\u00e9gicas orientadas a fortalecer su crecimiento sostenible y&hellip; <\/p>\n","protected":false},"author":2,"featured_media":77630,"comment_status":"closed","ping_status":"closed","sticky":false,"template":"","format":"standard","meta":{"fifu_image_url":"https:\/\/elmundodelosnegocios.com.do\/v1\/wp-content\/uploads\/2026\/04\/ISM09396-Principal-2048x1365-1.jpg","fifu_image_alt":"","footnotes":""},"categories":[180],"tags":[],"class_list":["post-77627","post","type-post","status-publish","format-standard","has-post-thumbnail","hentry","category-banca"],"_links":{"self":[{"href":"https:\/\/elmundodelosnegocios.com.do\/v1\/wp-json\/wp\/v2\/posts\/77627","targetHints":{"allow":["GET"]}}],"collection":[{"href":"https:\/\/elmundodelosnegocios.com.do\/v1\/wp-json\/wp\/v2\/posts"}],"about":[{"href":"https:\/\/elmundodelosnegocios.com.do\/v1\/wp-json\/wp\/v2\/types\/post"}],"author":[{"embeddable":true,"href":"https:\/\/elmundodelosnegocios.com.do\/v1\/wp-json\/wp\/v2\/users\/2"}],"replies":[{"embeddable":true,"href":"https:\/\/elmundodelosnegocios.com.do\/v1\/wp-json\/wp\/v2\/comments?post=77627"}],"version-history":[{"count":2,"href":"https:\/\/elmundodelosnegocios.com.do\/v1\/wp-json\/wp\/v2\/posts\/77627\/revisions"}],"predecessor-version":[{"id":77639,"href":"https:\/\/elmundodelosnegocios.com.do\/v1\/wp-json\/wp\/v2\/posts\/77627\/revisions\/77639"}],"wp:featuredmedia":[{"embeddable":true,"href":"https:\/\/elmundodelosnegocios.com.do\/v1\/wp-json\/wp\/v2\/media\/77630"}],"wp:attachment":[{"href":"https:\/\/elmundodelosnegocios.com.do\/v1\/wp-json\/wp\/v2\/media?parent=77627"}],"wp:term":[{"taxonomy":"category","embeddable":true,"href":"https:\/\/elmundodelosnegocios.com.do\/v1\/wp-json\/wp\/v2\/categories?post=77627"},{"taxonomy":"post_tag","embeddable":true,"href":"https:\/\/elmundodelosnegocios.com.do\/v1\/wp-json\/wp\/v2\/tags?post=77627"}],"curies":[{"name":"wp","href":"https:\/\/api.w.org\/{rel}","templated":true}]}}