{"id":77675,"date":"2026-04-28T09:42:06","date_gmt":"2026-04-28T14:12:06","guid":{"rendered":"https:\/\/elmundodelosnegocios.com.do\/v1\/?p=77675"},"modified":"2026-04-28T09:42:07","modified_gmt":"2026-04-28T14:12:07","slug":"servex-dominicana-presenta-su-innovador-showroom-de-diseno-y-produccion-local","status":"publish","type":"post","link":"https:\/\/elmundodelosnegocios.com.do\/v1\/servex-dominicana-presenta-su-innovador-showroom-de-diseno-y-produccion-local\/","title":{"rendered":"Servex Dominicana presenta su innovador showroom de dise\u00f1o y producci\u00f3n local"},"content":{"rendered":"\n<p>Santo Domingo. En el marco de un exclusivo c\u00f3ctel celebrado en sus modernas instalaciones, Servex Dominicana realiz\u00f3 la apertura oficial de Servex Studio, un innovador showroom concebido como un espacio de inspiraci\u00f3n y experiencia, donde los clientes podr\u00e1n conectar de manera directa con su propuesta de valor basada en dise\u00f1o, calidad y personalizaci\u00f3n de mobiliario.<\/p>\n\n\n<div class=\"wp-block-image\">\n<figure data-wp-context=\"{&quot;imageId&quot;:&quot;69f0e90816226&quot;}\" data-wp-interactive=\"core\/image\" data-wp-key=\"69f0e90816226\" class=\"aligncenter size-large wp-lightbox-container\"><img loading=\"lazy\" decoding=\"async\" width=\"1024\" height=\"682\" data-wp-class--hide=\"state.isContentHidden\" data-wp-class--show=\"state.isContentVisible\" data-wp-init=\"callbacks.setButtonStyles\" data-wp-on--click=\"actions.showLightbox\" data-wp-on--load=\"callbacks.setButtonStyles\" data-wp-on-window--resize=\"callbacks.setButtonStyles\" src=\"https:\/\/elmundodelosnegocios.com.do\/v1\/wp-content\/uploads\/2026\/04\/unnamed-1-1024x682.jpg\" alt=\"Mar\u00eda Amalia Hache, Jean Antonio Hache, Ana Lluberes, Rafael Minaya y Mercedes Fern\u00e1ndez\" class=\"wp-image-77676\" srcset=\"https:\/\/elmundodelosnegocios.com.do\/v1\/wp-content\/uploads\/2026\/04\/unnamed-1-1024x682.jpg 1024w, https:\/\/elmundodelosnegocios.com.do\/v1\/wp-content\/uploads\/2026\/04\/unnamed-1-300x200.jpg 300w, https:\/\/elmundodelosnegocios.com.do\/v1\/wp-content\/uploads\/2026\/04\/unnamed-1-768x512.jpg 768w, https:\/\/elmundodelosnegocios.com.do\/v1\/wp-content\/uploads\/2026\/04\/unnamed-1.jpg 1120w\" sizes=\"auto, (max-width: 1024px) 100vw, 1024px\" \/><button\n\t\t\tclass=\"lightbox-trigger\"\n\t\t\ttype=\"button\"\n\t\t\taria-haspopup=\"dialog\"\n\t\t\taria-label=\"Agrandar\"\n\t\t\tdata-wp-init=\"callbacks.initTriggerButton\"\n\t\t\tdata-wp-on--click=\"actions.showLightbox\"\n\t\t\tdata-wp-style--right=\"state.imageButtonRight\"\n\t\t\tdata-wp-style--top=\"state.imageButtonTop\"\n\t\t>\n\t\t\t<svg xmlns=\"http:\/\/www.w3.org\/2000\/svg\" width=\"12\" height=\"12\" fill=\"none\" viewBox=\"0 0 12 12\">\n\t\t\t\t<path fill=\"#fff\" d=\"M2 0a2 2 0 0 0-2 2v2h1.5V2a.5.5 0 0 1 .5-.5h2V0H2Zm2 10.5H2a.5.5 0 0 1-.5-.5V8H0v2a2 2 0 0 0 2 2h2v-1.5ZM8 12v-1.5h2a.5.5 0 0 0 .5-.5V8H12v2a2 2 0 0 1-2 2H8Zm2-12a2 2 0 0 1 2 2v2h-1.5V2a.5.5 0 0 0-.5-.5H8V0h2Z\" \/>\n\t\t\t<\/svg>\n\t\t<\/button><figcaption class=\"wp-element-caption\">Mar\u00eda Amalia Hache, Jean Antonio Hache, Ana Lluberes, Rafael Minaya y Mercedes Fern\u00e1ndez<\/figcaption><\/figure>\n<\/div>\n\n\n<p>La velada reuni\u00f3 a destacadas personalidades del mundo social, empresarios, arquitectos, dise\u00f1adores de interiores y clientes vinculados al sector, y estuvo engalanada con la presencia de autoridades gubernamentales, quienes acompa\u00f1aron este importante acontecimiento.<\/p>\n\n\n\n<p>De acuerdo con la presidenta de la empresa, Mar\u00eda Amelia Hache, esta apertura representa un paso trascendental para acercar a los usuarios a soluciones integrales desarrolladas completamente en el pa\u00eds.<\/p>\n\n\n\n<p>\u201cEste showroom es el reflejo de nuestro compromiso con la producci\u00f3n nacional y la atenci\u00f3n personalizada: un espacio donde clientes y profesionales pueden ver y probar soluciones integrales hechas 100 % en Rep\u00fablica Dominicana\u201d, expres\u00f3.<\/p>\n\n\n\n<p>Servex Studio se distingue por integrar en un mismo lugar la asesor\u00eda especializada, el dise\u00f1o y la producci\u00f3n local, consolid\u00e1ndose como una propuesta diferenciadora en el mercado. En ese sentido, la directora comercial, Ana Lluberes, destac\u00f3 que este modelo permite ofrecer un servicio integral respaldado por rigurosos procesos de fabricaci\u00f3n y control de calidad.<\/p>\n\n\n\n<p>\u201cNuestra ventaja es ofrecer un dise\u00f1o personalizado, asesor\u00eda t\u00e9cnica y una instalaci\u00f3n profesional respaldada por procesos de fabricaci\u00f3n locales\u201d, afirm\u00f3.<\/p>\n\n\n\n<p>El showroom funcionar\u00e1 como un espacio permanente de exhibici\u00f3n y asesor\u00eda, donde los visitantes podr\u00e1n conocer una amplia gama de soluciones, incluyendo estaciones de trabajo, salas de conferencia, kitchenettes, estanter\u00edas, cocinas y cl\u00f3sets. Asimismo, contar\u00e1 con un \u00e1rea especializada de dise\u00f1o para desarrollar combinaciones, mood boards y otros elementos clave en la conceptualizaci\u00f3n de proyectos a la medida.<\/p>\n\n\n\n<p>Como parte de su propuesta de valor, Servex Studio tambi\u00e9n ser\u00e1 escenario de actividades estacionales, presentaciones especiales, talleres y asesor\u00edas, con el objetivo de mantener a los clientes actualizados frente a las tendencias del mercado. \u201cNuestro showroom est\u00e1 concebido como una plataforma permanente para mostrar novedades y casos reales de uso\u201d, se\u00f1al\u00f3 Lluberes.<\/p>\n\n\n\n<p>Ubicado en la calle Manuel de Jes\u00fas Troncoso No. 21, esquina V\u00edctor Garrido Puello, en el Ensanche Piantini, este nuevo espacio est\u00e1 orientado a impactar sectores como el corporativo, comercial, m\u00e9dico, educativo, inmobiliario y a profesionales del dise\u00f1o, con miras a fortalecer relaciones con clientes clave y comunidades especializadas.<\/p>\n\n\n\n<p>Asimismo, la empresa proyecta utilizar esta iniciativa como base para su expansi\u00f3n hacia mercados del Caribe y Estados Unidos.<\/p>\n\n\n\n<p>Servex Dominicana resalta que la innovaci\u00f3n, la calidad y la selecci\u00f3n de proveedores son pilares fundamentales de su propuesta. La certificaci\u00f3n \u201cHecho en RD\u201d y el uso de tecnolog\u00eda de punta respaldan la competitividad de sus soluciones.<\/p>\n\n\n\n<p>\u201cLa tecnolog\u00eda y el talento local son clave para mantener los est\u00e1ndares de excelencia e innovaci\u00f3n\u201d, puntualiz\u00f3 Hache.<\/p>\n\n\n\n<p>A trav\u00e9s de Servex Studio, la empresa busca incrementar su presencia en el mercado nacional, potenciar la comercializaci\u00f3n de soluciones integrales y consolidarse como punto de referencia en dise\u00f1o y optimizaci\u00f3n de espacios de trabajo, empleando este nuevo showroom como pilar de crecimiento y soporte para futuras alianzas estrat\u00e9gicas.<\/p>\n","protected":false},"excerpt":{"rendered":"<p>Santo Domingo. En el marco de un exclusivo c\u00f3ctel celebrado en sus modernas instalaciones, Servex Dominicana realiz\u00f3 la apertura oficial de Servex Studio, un innovador showroom concebido como un espacio&hellip; <\/p>\n","protected":false},"author":2,"featured_media":77678,"comment_status":"closed","ping_status":"closed","sticky":false,"template":"","format":"standard","meta":{"fifu_image_url":"https:\/\/elmundodelosnegocios.com.do\/v1\/wp-content\/uploads\/2026\/04\/unnamed-1.jpg","fifu_image_alt":"","footnotes":""},"categories":[157],"tags":[],"class_list":["post-77675","post","type-post","status-publish","format-standard","has-post-thumbnail","hentry","category-marketing"],"_links":{"self":[{"href":"https:\/\/elmundodelosnegocios.com.do\/v1\/wp-json\/wp\/v2\/posts\/77675","targetHints":{"allow":["GET"]}}],"collection":[{"href":"https:\/\/elmundodelosnegocios.com.do\/v1\/wp-json\/wp\/v2\/posts"}],"about":[{"href":"https:\/\/elmundodelosnegocios.com.do\/v1\/wp-json\/wp\/v2\/types\/post"}],"author":[{"embeddable":true,"href":"https:\/\/elmundodelosnegocios.com.do\/v1\/wp-json\/wp\/v2\/users\/2"}],"replies":[{"embeddable":true,"href":"https:\/\/elmundodelosnegocios.com.do\/v1\/wp-json\/wp\/v2\/comments?post=77675"}],"version-history":[{"count":1,"href":"https:\/\/elmundodelosnegocios.com.do\/v1\/wp-json\/wp\/v2\/posts\/77675\/revisions"}],"predecessor-version":[{"id":77677,"href":"https:\/\/elmundodelosnegocios.com.do\/v1\/wp-json\/wp\/v2\/posts\/77675\/revisions\/77677"}],"wp:featuredmedia":[{"embeddable":true,"href":"https:\/\/elmundodelosnegocios.com.do\/v1\/wp-json\/wp\/v2\/media\/77678"}],"wp:attachment":[{"href":"https:\/\/elmundodelosnegocios.com.do\/v1\/wp-json\/wp\/v2\/media?parent=77675"}],"wp:term":[{"taxonomy":"category","embeddable":true,"href":"https:\/\/elmundodelosnegocios.com.do\/v1\/wp-json\/wp\/v2\/categories?post=77675"},{"taxonomy":"post_tag","embeddable":true,"href":"https:\/\/elmundodelosnegocios.com.do\/v1\/wp-json\/wp\/v2\/tags?post=77675"}],"curies":[{"name":"wp","href":"https:\/\/api.w.org\/{rel}","templated":true}]}}