{"id":77679,"date":"2026-04-27T09:46:47","date_gmt":"2026-04-27T14:16:47","guid":{"rendered":"https:\/\/elmundodelosnegocios.com.do\/v1\/?p=77679"},"modified":"2026-04-28T09:49:20","modified_gmt":"2026-04-28T14:19:20","slug":"republica-dominicana-y-hungria-firman-acuerdo-aereo-para-promover-la-conectividad","status":"publish","type":"post","link":"https:\/\/elmundodelosnegocios.com.do\/v1\/republica-dominicana-y-hungria-firman-acuerdo-aereo-para-promover-la-conectividad\/","title":{"rendered":"Rep\u00fablica Dominicana y Hungr\u00eda firman acuerdo a\u00e9reo para promover la conectividad"},"content":{"rendered":"\n<p><strong>Santo Domingo. \u2013<\/strong>&nbsp;Tras a\u00f1os de negociaciones t\u00e9cnicas, los gobiernos de la Rep\u00fablica Dominicana y Hungr\u00eda avanzan en la formalizaci\u00f3n de acuerdos para fortalecer las relaciones aerocomerciales entre ambos pa\u00edses.<\/p>\n\n\n<div class=\"wp-block-image\">\n<figure data-wp-context=\"{&quot;imageId&quot;:&quot;69f207ff19a78&quot;}\" data-wp-interactive=\"core\/image\" data-wp-key=\"69f207ff19a78\" class=\"aligncenter size-large wp-lightbox-container\"><img decoding=\"async\" data-wp-class--hide=\"state.isContentHidden\" data-wp-class--show=\"state.isContentVisible\" data-wp-init=\"callbacks.setButtonStyles\" data-wp-on--click=\"actions.showLightbox\" data-wp-on--load=\"callbacks.setButtonStyles\" data-wp-on-window--resize=\"callbacks.setButtonStyles\" src=\"https:\/\/jac.gob.do\/wp-content\/uploads\/2026\/04\/RD-y-Hungria-firman-acuerdo-aereo-para-promover-la-conectividad.jpeg\" alt=\"\"\/><button\n\t\t\tclass=\"lightbox-trigger\"\n\t\t\ttype=\"button\"\n\t\t\taria-haspopup=\"dialog\"\n\t\t\taria-label=\"Agrandar\"\n\t\t\tdata-wp-init=\"callbacks.initTriggerButton\"\n\t\t\tdata-wp-on--click=\"actions.showLightbox\"\n\t\t\tdata-wp-style--right=\"state.imageButtonRight\"\n\t\t\tdata-wp-style--top=\"state.imageButtonTop\"\n\t\t>\n\t\t\t<svg xmlns=\"http:\/\/www.w3.org\/2000\/svg\" width=\"12\" height=\"12\" fill=\"none\" viewBox=\"0 0 12 12\">\n\t\t\t\t<path fill=\"#fff\" d=\"M2 0a2 2 0 0 0-2 2v2h1.5V2a.5.5 0 0 1 .5-.5h2V0H2Zm2 10.5H2a.5.5 0 0 1-.5-.5V8H0v2a2 2 0 0 0 2 2h2v-1.5ZM8 12v-1.5h2a.5.5 0 0 0 .5-.5V8H12v2a2 2 0 0 1-2 2H8Zm2-12a2 2 0 0 1 2 2v2h-1.5V2a.5.5 0 0 0-.5-.5H8V0h2Z\" \/>\n\t\t\t<\/svg>\n\t\t<\/button><\/figure>\n<\/div>\n\n\n<p>El proceso de firma de los instrumentos que buscan impulsar los servicios a\u00e9reos binacionales se llev\u00f3 a cabo en una reuni\u00f3n este 27 de abril de 2026, en la sede de la Junta de Aviaci\u00f3n Civil (JAC).<\/p>\n\n\n\n<p>Durante el encuentro, las autoridades de las partes desarrollaron la negociaci\u00f3n y firma de un Memor\u00e1ndum de Entendimiento (MOU), como paso previo a la r\u00fabrica de un Acuerdo de Servicios A\u00e9reos (ASA), marcando un avance decisivo en el fortalecimiento de sus relaciones bilaterales.<\/p>\n\n\n<div class=\"wp-block-image\">\n<figure data-wp-context=\"{&quot;imageId&quot;:&quot;69f207ff19cca&quot;}\" data-wp-interactive=\"core\/image\" data-wp-key=\"69f207ff19cca\" class=\"alignright wp-lightbox-container\"><img decoding=\"async\" data-wp-class--hide=\"state.isContentHidden\" data-wp-class--show=\"state.isContentVisible\" data-wp-init=\"callbacks.setButtonStyles\" data-wp-on--click=\"actions.showLightbox\" data-wp-on--load=\"callbacks.setButtonStyles\" data-wp-on-window--resize=\"callbacks.setButtonStyles\" src=\"https:\/\/jac.gob.do\/wp-content\/uploads\/2026\/04\/RD-y-Hungria-firman-acuerdo-aereo-para-promover-la-conectividad-2-300x200.jpeg\" alt=\"\" class=\"wp-image-1020514058\"\/><button\n\t\t\tclass=\"lightbox-trigger\"\n\t\t\ttype=\"button\"\n\t\t\taria-haspopup=\"dialog\"\n\t\t\taria-label=\"Agrandar\"\n\t\t\tdata-wp-init=\"callbacks.initTriggerButton\"\n\t\t\tdata-wp-on--click=\"actions.showLightbox\"\n\t\t\tdata-wp-style--right=\"state.imageButtonRight\"\n\t\t\tdata-wp-style--top=\"state.imageButtonTop\"\n\t\t>\n\t\t\t<svg xmlns=\"http:\/\/www.w3.org\/2000\/svg\" width=\"12\" height=\"12\" fill=\"none\" viewBox=\"0 0 12 12\">\n\t\t\t\t<path fill=\"#fff\" d=\"M2 0a2 2 0 0 0-2 2v2h1.5V2a.5.5 0 0 1 .5-.5h2V0H2Zm2 10.5H2a.5.5 0 0 1-.5-.5V8H0v2a2 2 0 0 0 2 2h2v-1.5ZM8 12v-1.5h2a.5.5 0 0 0 .5-.5V8H12v2a2 2 0 0 1-2 2H8Zm2-12a2 2 0 0 1 2 2v2h-1.5V2a.5.5 0 0 0-.5-.5H8V0h2Z\" \/>\n\t\t\t<\/svg>\n\t\t<\/button><\/figure>\n<\/div>\n\n\n<p>Con estos convenios se establece un marco moderno y flexible para las operaciones a\u00e9reas, permitiendo a las aerol\u00edneas definir rutas, frecuencias y tarifas bajo criterios de mercado, lo que facilita una mayor conectividad entre ambos pa\u00edses.<\/p>\n\n\n\n<p>La delegaci\u00f3n dominicana estuvo encabezada por H\u00e9ctor Porcella, presidente de la JAC, acompa\u00f1ado por la comisi\u00f3n de acuerdos que recibi\u00f3 a la delegaci\u00f3n de Hungr\u00eda, presidida por el Dr. M\u00e1t\u00e9 L\u0151winger, director de la Direcci\u00f3n General de Aviaci\u00f3n Civil de Hungr\u00eda (DGAC), acompa\u00f1ado por su asesor, Bendeg\u00faz J\u00e1nos Jagodics y Bal\u00e1zs Heincz, embajador de la Republica de Hungr\u00eda en Cuba, concurrente en la Rep\u00fablica Dominicana.<\/p>\n\n\n<div class=\"wp-block-image\">\n<figure data-wp-context=\"{&quot;imageId&quot;:&quot;69f207ff19efa&quot;}\" data-wp-interactive=\"core\/image\" data-wp-key=\"69f207ff19efa\" class=\"alignleft wp-lightbox-container\"><img decoding=\"async\" data-wp-class--hide=\"state.isContentHidden\" data-wp-class--show=\"state.isContentVisible\" data-wp-init=\"callbacks.setButtonStyles\" data-wp-on--click=\"actions.showLightbox\" data-wp-on--load=\"callbacks.setButtonStyles\" data-wp-on-window--resize=\"callbacks.setButtonStyles\" src=\"https:\/\/jac.gob.do\/wp-content\/uploads\/2026\/04\/RD-y-Hungria-firman-acuerdo-aereo-para-promover-la-conectividad-3-300x255.jpeg\" alt=\"\" class=\"wp-image-1020514057\"\/><button\n\t\t\tclass=\"lightbox-trigger\"\n\t\t\ttype=\"button\"\n\t\t\taria-haspopup=\"dialog\"\n\t\t\taria-label=\"Agrandar\"\n\t\t\tdata-wp-init=\"callbacks.initTriggerButton\"\n\t\t\tdata-wp-on--click=\"actions.showLightbox\"\n\t\t\tdata-wp-style--right=\"state.imageButtonRight\"\n\t\t\tdata-wp-style--top=\"state.imageButtonTop\"\n\t\t>\n\t\t\t<svg xmlns=\"http:\/\/www.w3.org\/2000\/svg\" width=\"12\" height=\"12\" fill=\"none\" viewBox=\"0 0 12 12\">\n\t\t\t\t<path fill=\"#fff\" d=\"M2 0a2 2 0 0 0-2 2v2h1.5V2a.5.5 0 0 1 .5-.5h2V0H2Zm2 10.5H2a.5.5 0 0 1-.5-.5V8H0v2a2 2 0 0 0 2 2h2v-1.5ZM8 12v-1.5h2a.5.5 0 0 0 .5-.5V8H12v2a2 2 0 0 1-2 2H8Zm2-12a2 2 0 0 1 2 2v2h-1.5V2a.5.5 0 0 0-.5-.5H8V0h2Z\" \/>\n\t\t\t<\/svg>\n\t\t<\/button><\/figure>\n<\/div>\n\n\n<p>En febrero de 2019, las partes revisaron dicho instrumento, concluyendo la conveniencia de avanzar hacia un acuerdo formal actualizado que regule los servicios a\u00e9reos bilaterales.<\/p>\n\n\n\n<p>Datos del Banco Central de la Rep\u00fablica Dominicana indican que entre 2019 y febrero de 2026 unos 52,000 pasajeros h\u00fangaros visitaron el pa\u00eds, cuyos registros evidencian un mercado con alto potencial para el desarrollo de rutas m\u00e1s eficientes e incluso directas.<\/p>\n\n\n\n<p>Estos acuerdos representan una oportunidad estrat\u00e9gica para fortalecer el turismo, el comercio, la inversi\u00f3n y los v\u00ednculos bilaterales, al tiempo que posicionan a la Rep\u00fablica Dominicana como un hub clave de conectividad a\u00e9rea hacia Europa y otros destinos no tradicionales.<\/p>\n","protected":false},"excerpt":{"rendered":"<p>Santo Domingo. \u2013&nbsp;Tras a\u00f1os de negociaciones t\u00e9cnicas, los gobiernos de la Rep\u00fablica Dominicana y Hungr\u00eda avanzan en la formalizaci\u00f3n de acuerdos para fortalecer las relaciones aerocomerciales entre ambos pa\u00edses. El&hellip; <\/p>\n","protected":false},"author":2,"featured_media":77681,"comment_status":"closed","ping_status":"closed","sticky":false,"template":"","format":"standard","meta":{"fifu_image_url":"https:\/\/jac.gob.do\/wp-content\/uploads\/2026\/04\/RD-y-Hungria-firman-acuerdo-aereo-para-promover-la-conectividad.jpeg","fifu_image_alt":"","footnotes":""},"categories":[167],"tags":[],"class_list":["post-77679","post","type-post","status-publish","format-standard","has-post-thumbnail","hentry","category-transporte"],"_links":{"self":[{"href":"https:\/\/elmundodelosnegocios.com.do\/v1\/wp-json\/wp\/v2\/posts\/77679","targetHints":{"allow":["GET"]}}],"collection":[{"href":"https:\/\/elmundodelosnegocios.com.do\/v1\/wp-json\/wp\/v2\/posts"}],"about":[{"href":"https:\/\/elmundodelosnegocios.com.do\/v1\/wp-json\/wp\/v2\/types\/post"}],"author":[{"embeddable":true,"href":"https:\/\/elmundodelosnegocios.com.do\/v1\/wp-json\/wp\/v2\/users\/2"}],"replies":[{"embeddable":true,"href":"https:\/\/elmundodelosnegocios.com.do\/v1\/wp-json\/wp\/v2\/comments?post=77679"}],"version-history":[{"count":1,"href":"https:\/\/elmundodelosnegocios.com.do\/v1\/wp-json\/wp\/v2\/posts\/77679\/revisions"}],"predecessor-version":[{"id":77680,"href":"https:\/\/elmundodelosnegocios.com.do\/v1\/wp-json\/wp\/v2\/posts\/77679\/revisions\/77680"}],"wp:featuredmedia":[{"embeddable":true,"href":"https:\/\/elmundodelosnegocios.com.do\/v1\/wp-json\/wp\/v2\/media\/77681"}],"wp:attachment":[{"href":"https:\/\/elmundodelosnegocios.com.do\/v1\/wp-json\/wp\/v2\/media?parent=77679"}],"wp:term":[{"taxonomy":"category","embeddable":true,"href":"https:\/\/elmundodelosnegocios.com.do\/v1\/wp-json\/wp\/v2\/categories?post=77679"},{"taxonomy":"post_tag","embeddable":true,"href":"https:\/\/elmundodelosnegocios.com.do\/v1\/wp-json\/wp\/v2\/tags?post=77679"}],"curies":[{"name":"wp","href":"https:\/\/api.w.org\/{rel}","templated":true}]}}