{"id":77682,"date":"2026-04-17T09:50:23","date_gmt":"2026-04-17T14:20:23","guid":{"rendered":"https:\/\/elmundodelosnegocios.com.do\/v1\/?p=77682"},"modified":"2026-04-28T09:52:18","modified_gmt":"2026-04-28T14:22:18","slug":"republica-dominicana-potencia-conectividad-aerea-en-foro-mundial-de-la-oaci","status":"publish","type":"post","link":"https:\/\/elmundodelosnegocios.com.do\/v1\/republica-dominicana-potencia-conectividad-aerea-en-foro-mundial-de-la-oaci\/","title":{"rendered":"Rep\u00fablica Dominicana potencia conectividad a\u00e9rea en foro mundial de la OACI"},"content":{"rendered":"\n<p><strong>Marrakech, Marruecos.<\/strong>&nbsp;\u2013 En su calidad de presidente de la Comisi\u00f3n Latinoamericana de Aviaci\u00f3n Civil (CLAC) y de la Junta de Aviaci\u00f3n Civil (JAC), y en representaci\u00f3n de la Rep\u00fablica Dominicana, H\u00e9ctor Porcella participa en un evento mundial que re\u00fane a autoridades, organismos internacionales y l\u00edderes de la industria aeron\u00e1utica, con el objetivo de fortalecer la cooperaci\u00f3n regional e impulsar soluciones que garanticen un desarrollo seguro, sostenible e inclusivo del transporte a\u00e9reo.<\/p>\n\n\n<div class=\"wp-block-image\">\n<figure data-wp-context=\"{&quot;imageId&quot;:&quot;69f139358335c&quot;}\" data-wp-interactive=\"core\/image\" data-wp-key=\"69f139358335c\" class=\"aligncenter size-large wp-lightbox-container\"><img loading=\"lazy\" decoding=\"async\" width=\"1024\" height=\"576\" data-wp-class--hide=\"state.isContentHidden\" data-wp-class--show=\"state.isContentVisible\" data-wp-init=\"callbacks.setButtonStyles\" data-wp-on--click=\"actions.showLightbox\" data-wp-on--load=\"callbacks.setButtonStyles\" data-wp-on-window--resize=\"callbacks.setButtonStyles\" src=\"https:\/\/elmundodelosnegocios.com.do\/v1\/wp-content\/uploads\/2026\/04\/1-Ponencia-Hector-Porcella-GISS2026-1536x1152-1-1024x576.jpg\" alt=\"\" class=\"wp-image-77683\" srcset=\"https:\/\/elmundodelosnegocios.com.do\/v1\/wp-content\/uploads\/2026\/04\/1-Ponencia-Hector-Porcella-GISS2026-1536x1152-1-1024x576.jpg 1024w, https:\/\/elmundodelosnegocios.com.do\/v1\/wp-content\/uploads\/2026\/04\/1-Ponencia-Hector-Porcella-GISS2026-1536x1152-1-300x169.jpg 300w, https:\/\/elmundodelosnegocios.com.do\/v1\/wp-content\/uploads\/2026\/04\/1-Ponencia-Hector-Porcella-GISS2026-1536x1152-1-768x432.jpg 768w, https:\/\/elmundodelosnegocios.com.do\/v1\/wp-content\/uploads\/2026\/04\/1-Ponencia-Hector-Porcella-GISS2026-1536x1152-1.jpg 1536w\" sizes=\"auto, (max-width: 1024px) 100vw, 1024px\" \/><button\n\t\t\tclass=\"lightbox-trigger\"\n\t\t\ttype=\"button\"\n\t\t\taria-haspopup=\"dialog\"\n\t\t\taria-label=\"Agrandar\"\n\t\t\tdata-wp-init=\"callbacks.initTriggerButton\"\n\t\t\tdata-wp-on--click=\"actions.showLightbox\"\n\t\t\tdata-wp-style--right=\"state.imageButtonRight\"\n\t\t\tdata-wp-style--top=\"state.imageButtonTop\"\n\t\t>\n\t\t\t<svg xmlns=\"http:\/\/www.w3.org\/2000\/svg\" width=\"12\" height=\"12\" fill=\"none\" viewBox=\"0 0 12 12\">\n\t\t\t\t<path fill=\"#fff\" d=\"M2 0a2 2 0 0 0-2 2v2h1.5V2a.5.5 0 0 1 .5-.5h2V0H2Zm2 10.5H2a.5.5 0 0 1-.5-.5V8H0v2a2 2 0 0 0 2 2h2v-1.5ZM8 12v-1.5h2a.5.5 0 0 0 .5-.5V8H12v2a2 2 0 0 1-2 2H8Zm2-12a2 2 0 0 1 2 2v2h-1.5V2a.5.5 0 0 0-.5-.5H8V0h2Z\" \/>\n\t\t\t<\/svg>\n\t\t<\/button><\/figure>\n<\/div>\n\n\n<p>Se trata del quinto Simposio Mundial de Apoyo a la Implementaci\u00f3n (GISS 2026), organizado por la Organizaci\u00f3n de Aviaci\u00f3n Civil Internacional (OACI), que se celebra en Marrakech del 14 al 16 de abril, bajo el lema \u201cSoluciones regionales, beneficios globales\u201d.<\/p>\n\n\n<div class=\"wp-block-image\">\n<figure data-wp-context=\"{&quot;imageId&quot;:&quot;69f13935835d6&quot;}\" data-wp-interactive=\"core\/image\" data-wp-key=\"69f13935835d6\" class=\"alignright wp-lightbox-container\"><img decoding=\"async\" data-wp-class--hide=\"state.isContentHidden\" data-wp-class--show=\"state.isContentVisible\" data-wp-init=\"callbacks.setButtonStyles\" data-wp-on--click=\"actions.showLightbox\" data-wp-on--load=\"callbacks.setButtonStyles\" data-wp-on-window--resize=\"callbacks.setButtonStyles\" src=\"https:\/\/jac.gob.do\/wp-content\/uploads\/2026\/04\/Panel-Simposio-Mundial-de-Apoyo-a-la-Implementacion-300x241.jpg\" alt=\"\" class=\"wp-image-1020513983\"\/><button\n\t\t\tclass=\"lightbox-trigger\"\n\t\t\ttype=\"button\"\n\t\t\taria-haspopup=\"dialog\"\n\t\t\taria-label=\"Agrandar\"\n\t\t\tdata-wp-init=\"callbacks.initTriggerButton\"\n\t\t\tdata-wp-on--click=\"actions.showLightbox\"\n\t\t\tdata-wp-style--right=\"state.imageButtonRight\"\n\t\t\tdata-wp-style--top=\"state.imageButtonTop\"\n\t\t>\n\t\t\t<svg xmlns=\"http:\/\/www.w3.org\/2000\/svg\" width=\"12\" height=\"12\" fill=\"none\" viewBox=\"0 0 12 12\">\n\t\t\t\t<path fill=\"#fff\" d=\"M2 0a2 2 0 0 0-2 2v2h1.5V2a.5.5 0 0 1 .5-.5h2V0H2Zm2 10.5H2a.5.5 0 0 1-.5-.5V8H0v2a2 2 0 0 0 2 2h2v-1.5ZM8 12v-1.5h2a.5.5 0 0 0 .5-.5V8H12v2a2 2 0 0 1-2 2H8Zm2-12a2 2 0 0 1 2 2v2h-1.5V2a.5.5 0 0 0-.5-.5H8V0h2Z\" \/>\n\t\t\t<\/svg>\n\t\t<\/button><\/figure>\n<\/div>\n\n\n<p>Durante su intervenci\u00f3n, Porcella destac\u00f3 que \u201cpese al crecimiento sostenido de la demanda de pasajeros, Am\u00e9rica Latina y el Caribe a\u00fan tienen un amplio potencial de desarrollo, representando solo una peque\u00f1a proporci\u00f3n del tr\u00e1fico a\u00e9reo mundial\u201d. En ese sentido, advirti\u00f3 que los principales obst\u00e1culos para una mayor conectividad incluyen marcos regulatorios restrictivos, altos costos asociados a impuestos y tasas, as\u00ed como limitaciones en la infraestructura aeroportuaria, especialmente en mercados secundarios.<\/p>\n\n\n\n<p>Asimismo, subray\u00f3 la importancia de posicionar el transporte a\u00e9reo como una prioridad estrat\u00e9gica dentro de las pol\u00edticas p\u00fablicas, al considerarlo un motor fundamental para el crecimiento econ\u00f3mico, la integraci\u00f3n regional, el turismo y la inclusi\u00f3n social.<\/p>\n\n\n\n<p>En este contexto, la CLAC, organismo internacional regional de aviaci\u00f3n civil que preside H\u00e9ctor Porcella, desempe\u00f1a un rol clave en la promoci\u00f3n de iniciativas de cooperaci\u00f3n, conectividad y desarrollo del sector aeron\u00e1utico en Am\u00e9rica Latina y el Caribe. En este marco, el secretario de la CLAC, Jaime Binder, le acompa\u00f1a durante el desarrollo del evento.<\/p>\n\n\n\n<p>Durante el evento, Porcella particip\u00f3 como panelista en el Panel 1 de alto nivel, titulado \u201cConectividad A\u00e9rea Global: conectando personas, econom\u00edas y oportunidades\u201d, donde se abordaron los principales desaf\u00edos y oportunidades para fortalecer la conectividad a\u00e9rea, destacando la inversi\u00f3n en infraestructura, la coordinaci\u00f3n regulatoria y el desarrollo de sistemas de transporte integrados que faciliten el movimiento eficiente de pasajeros y carga a nivel global.<\/p>\n\n\n\n<p>Con esta participaci\u00f3n, la Rep\u00fablica Dominicana reafirma su compromiso con el fortalecimiento de la conectividad a\u00e9rea y su papel activo en los espacios donde se definen las pol\u00edticas del sector aeron\u00e1utico a nivel global.<\/p>\n","protected":false},"excerpt":{"rendered":"<p>Marrakech, Marruecos.&nbsp;\u2013 En su calidad de presidente de la Comisi\u00f3n Latinoamericana de Aviaci\u00f3n Civil (CLAC) y de la Junta de Aviaci\u00f3n Civil (JAC), y en representaci\u00f3n de la Rep\u00fablica Dominicana,&hellip; <\/p>\n","protected":false},"author":2,"featured_media":77685,"comment_status":"closed","ping_status":"closed","sticky":false,"template":"","format":"standard","meta":{"fifu_image_url":"https:\/\/elmundodelosnegocios.com.do\/v1\/wp-content\/uploads\/2026\/04\/1-Ponencia-Hector-Porcella-GISS2026-1536x1152-1.jpg","fifu_image_alt":"","footnotes":""},"categories":[168],"tags":[],"class_list":["post-77682","post","type-post","status-publish","format-standard","has-post-thumbnail","hentry","category-transporte-aereo"],"_links":{"self":[{"href":"https:\/\/elmundodelosnegocios.com.do\/v1\/wp-json\/wp\/v2\/posts\/77682","targetHints":{"allow":["GET"]}}],"collection":[{"href":"https:\/\/elmundodelosnegocios.com.do\/v1\/wp-json\/wp\/v2\/posts"}],"about":[{"href":"https:\/\/elmundodelosnegocios.com.do\/v1\/wp-json\/wp\/v2\/types\/post"}],"author":[{"embeddable":true,"href":"https:\/\/elmundodelosnegocios.com.do\/v1\/wp-json\/wp\/v2\/users\/2"}],"replies":[{"embeddable":true,"href":"https:\/\/elmundodelosnegocios.com.do\/v1\/wp-json\/wp\/v2\/comments?post=77682"}],"version-history":[{"count":1,"href":"https:\/\/elmundodelosnegocios.com.do\/v1\/wp-json\/wp\/v2\/posts\/77682\/revisions"}],"predecessor-version":[{"id":77684,"href":"https:\/\/elmundodelosnegocios.com.do\/v1\/wp-json\/wp\/v2\/posts\/77682\/revisions\/77684"}],"wp:featuredmedia":[{"embeddable":true,"href":"https:\/\/elmundodelosnegocios.com.do\/v1\/wp-json\/wp\/v2\/media\/77685"}],"wp:attachment":[{"href":"https:\/\/elmundodelosnegocios.com.do\/v1\/wp-json\/wp\/v2\/media?parent=77682"}],"wp:term":[{"taxonomy":"category","embeddable":true,"href":"https:\/\/elmundodelosnegocios.com.do\/v1\/wp-json\/wp\/v2\/categories?post=77682"},{"taxonomy":"post_tag","embeddable":true,"href":"https:\/\/elmundodelosnegocios.com.do\/v1\/wp-json\/wp\/v2\/tags?post=77682"}],"curies":[{"name":"wp","href":"https:\/\/api.w.org\/{rel}","templated":true}]}}