{"id":77694,"date":"2026-04-28T10:05:49","date_gmt":"2026-04-28T14:35:49","guid":{"rendered":"https:\/\/elmundodelosnegocios.com.do\/v1\/?p=77694"},"modified":"2026-04-28T10:05:50","modified_gmt":"2026-04-28T14:35:50","slug":"alcaldia-de-miami-dade-y-consulado-dominicano-en-miami-reconocen-trayectoria-de-giannina-azar","status":"publish","type":"post","link":"https:\/\/elmundodelosnegocios.com.do\/v1\/alcaldia-de-miami-dade-y-consulado-dominicano-en-miami-reconocen-trayectoria-de-giannina-azar\/","title":{"rendered":"Alcald\u00eda de Miami-Dade y Consulado Dominicano en Miami reconocen trayectoria de Giannina Azar"},"content":{"rendered":"\n<p>Ambas instituciones honran sus 45 a\u00f1os de carrera y el impacto internacional de la moda dominicana<\/p>\n\n\n<div class=\"wp-block-image\">\n<figure data-wp-context=\"{&quot;imageId&quot;:&quot;69f0ecb343c64&quot;}\" data-wp-interactive=\"core\/image\" data-wp-key=\"69f0ecb343c64\" class=\"aligncenter size-large wp-lightbox-container\"><img loading=\"lazy\" decoding=\"async\" width=\"1024\" height=\"717\" data-wp-class--hide=\"state.isContentHidden\" data-wp-class--show=\"state.isContentVisible\" data-wp-init=\"callbacks.setButtonStyles\" data-wp-on--click=\"actions.showLightbox\" data-wp-on--load=\"callbacks.setButtonStyles\" data-wp-on-window--resize=\"callbacks.setButtonStyles\" src=\"https:\/\/elmundodelosnegocios.com.do\/v1\/wp-content\/uploads\/2026\/04\/unnamed-1-1-1024x717.jpg\" alt=\"Ysabel Borden, Giannina Azar, Gilberto Minaya, Claudia S\u00e1nchez y Rose Mary Santana\" class=\"wp-image-77695\" srcset=\"https:\/\/elmundodelosnegocios.com.do\/v1\/wp-content\/uploads\/2026\/04\/unnamed-1-1-1024x717.jpg 1024w, https:\/\/elmundodelosnegocios.com.do\/v1\/wp-content\/uploads\/2026\/04\/unnamed-1-1-300x210.jpg 300w, https:\/\/elmundodelosnegocios.com.do\/v1\/wp-content\/uploads\/2026\/04\/unnamed-1-1-768x538.jpg 768w\" sizes=\"auto, (max-width: 1024px) 100vw, 1024px\" \/><button\n\t\t\tclass=\"lightbox-trigger\"\n\t\t\ttype=\"button\"\n\t\t\taria-haspopup=\"dialog\"\n\t\t\taria-label=\"Agrandar\"\n\t\t\tdata-wp-init=\"callbacks.initTriggerButton\"\n\t\t\tdata-wp-on--click=\"actions.showLightbox\"\n\t\t\tdata-wp-style--right=\"state.imageButtonRight\"\n\t\t\tdata-wp-style--top=\"state.imageButtonTop\"\n\t\t>\n\t\t\t<svg xmlns=\"http:\/\/www.w3.org\/2000\/svg\" width=\"12\" height=\"12\" fill=\"none\" viewBox=\"0 0 12 12\">\n\t\t\t\t<path fill=\"#fff\" d=\"M2 0a2 2 0 0 0-2 2v2h1.5V2a.5.5 0 0 1 .5-.5h2V0H2Zm2 10.5H2a.5.5 0 0 1-.5-.5V8H0v2a2 2 0 0 0 2 2h2v-1.5ZM8 12v-1.5h2a.5.5 0 0 0 .5-.5V8H12v2a2 2 0 0 1-2 2H8Zm2-12a2 2 0 0 1 2 2v2h-1.5V2a.5.5 0 0 0-.5-.5H8V0h2Z\" \/>\n\t\t\t<\/svg>\n\t\t<\/button><figcaption class=\"wp-element-caption\">Ysabel Borden, Giannina Azar, Gilberto Minaya, Claudia S\u00e1nchez y Rose Mary Santana<\/figcaption><\/figure>\n<\/div>\n\n\n<p>La reconocida dise\u00f1adora dominicana Giannina Azar fue declarada \u201cVisitante Distinguida\u201d por el Condado de Miami-Dade, en el estado de Florida, durante un acto en el que tambi\u00e9n present\u00f3 una pasarela ben\u00e9fica en apoyo a una organizaci\u00f3n sin fines de lucro.<\/p>\n\n\n\n<p>El reconocimiento fue entregado en el Consulado General de la Rep\u00fablica Dominicana en Miami, instituci\u00f3n que adem\u00e1s proclam\u00f3 el \u201cD\u00eda de Giannina Azar\u201d, distinci\u00f3n que resalta su exitosa trayectoria y sus aportes a la industria de la moda latinoamericana.<\/p>\n\n\n\n<p>El c\u00f3nsul general interino, Gilberto Minaya, expres\u00f3 su orgullo al encabezar el acto en la sede consular, donde destac\u00f3 el impacto internacional de la dise\u00f1adora y su rol como embajadora del talento dominicano.<\/p>\n\n\n\n<p>\u201cNos enorgullece recibir a Giannina Azar en nuestra sede. Este reconocimiento reafirma la proyecci\u00f3n global de nuestra dise\u00f1adora\u201d, manifest\u00f3 Minaya, acompa\u00f1ado de la vicec\u00f3nsul Claudia S\u00e1nchez.<\/p>\n\n\n\n<p>El diplom\u00e1tico tambi\u00e9n agradeci\u00f3 a Latin Business Network y RoseMaryNews, as\u00ed como a sus representantes Ysabel Borden y Rose Mary Santana, por canalizar este reconocimiento otorgado por el Condado de Miami-Dade, encabezado por su alcaldesa Daniela Levine Cava.<\/p>\n\n\n\n<p>Por su parte, Rose Mary Santana, en representaci\u00f3n de las entidades organizadoras, agradeci\u00f3 al Consulado por su hospitalidad y resalt\u00f3 la labor filantr\u00f3pica de la dise\u00f1adora, as\u00ed como su influencia en escenarios internacionales. De igual forma, Ysabel Borden valor\u00f3 el respaldo de la Alcald\u00eda de Miami-Dade por la declaratoria oficial.<\/p>\n\n\n\n<p>Al tomar la palabra, Giannina Azar agradeci\u00f3 la distinci\u00f3n y expres\u00f3:<\/p>\n\n\n\n<p>\u201cEs un honor recibir este reconocimiento en la sede de mi pa\u00eds en Miami. Gracias a todas las entidades que lo hicieron posible y a la Alcald\u00eda de Miami-Dade, donde durante a\u00f1os he trabajado en favor del crecimiento de la industria de la moda, con un firme compromiso filantr\u00f3pico. Este es un d\u00eda inolvidable que llevar\u00e9 siempre en mi coraz\u00f3n\u201d.<\/p>\n\n\n\n<p>La dise\u00f1adora tambi\u00e9n resalt\u00f3 la labor del Consulado, en la persona del licenciado Minaya y su equipo, as\u00ed como de RoseMaryNews, Latin Business Network, Ysabel Borden, Rose Mary Santana, Hugo Ch\u00e1vez y dem\u00e1s presentes que hicieron posible el encuentro.<\/p>\n\n\n\n<p>El evento cont\u00f3 con la presencia de destacadas personalidades, entre ellas Sheila Minaya, Diego Minaya, Martha Sang y ejecutivos del Hotel Dua Miami, Autograph Collection, como Omar Qui\u00f1onez, Devaught Linton y Melani Fillion, quienes compartieron un brindis ofrecido por el hotel.<\/p>\n","protected":false},"excerpt":{"rendered":"<p>Ambas instituciones honran sus 45 a\u00f1os de carrera y el impacto internacional de la moda dominicana La reconocida dise\u00f1adora dominicana Giannina Azar fue declarada \u201cVisitante Distinguida\u201d por el Condado de&hellip; <\/p>\n","protected":false},"author":2,"featured_media":77697,"comment_status":"closed","ping_status":"closed","sticky":false,"template":"","format":"standard","meta":{"fifu_image_url":"https:\/\/elmundodelosnegocios.com.do\/v1\/wp-content\/uploads\/2026\/04\/unnamed-1-1-scaled.jpg","fifu_image_alt":"","footnotes":""},"categories":[254],"tags":[],"class_list":["post-77694","post","type-post","status-publish","format-standard","has-post-thumbnail","hentry","category-relaciones-internacionales"],"_links":{"self":[{"href":"https:\/\/elmundodelosnegocios.com.do\/v1\/wp-json\/wp\/v2\/posts\/77694","targetHints":{"allow":["GET"]}}],"collection":[{"href":"https:\/\/elmundodelosnegocios.com.do\/v1\/wp-json\/wp\/v2\/posts"}],"about":[{"href":"https:\/\/elmundodelosnegocios.com.do\/v1\/wp-json\/wp\/v2\/types\/post"}],"author":[{"embeddable":true,"href":"https:\/\/elmundodelosnegocios.com.do\/v1\/wp-json\/wp\/v2\/users\/2"}],"replies":[{"embeddable":true,"href":"https:\/\/elmundodelosnegocios.com.do\/v1\/wp-json\/wp\/v2\/comments?post=77694"}],"version-history":[{"count":1,"href":"https:\/\/elmundodelosnegocios.com.do\/v1\/wp-json\/wp\/v2\/posts\/77694\/revisions"}],"predecessor-version":[{"id":77696,"href":"https:\/\/elmundodelosnegocios.com.do\/v1\/wp-json\/wp\/v2\/posts\/77694\/revisions\/77696"}],"wp:featuredmedia":[{"embeddable":true,"href":"https:\/\/elmundodelosnegocios.com.do\/v1\/wp-json\/wp\/v2\/media\/77697"}],"wp:attachment":[{"href":"https:\/\/elmundodelosnegocios.com.do\/v1\/wp-json\/wp\/v2\/media?parent=77694"}],"wp:term":[{"taxonomy":"category","embeddable":true,"href":"https:\/\/elmundodelosnegocios.com.do\/v1\/wp-json\/wp\/v2\/categories?post=77694"},{"taxonomy":"post_tag","embeddable":true,"href":"https:\/\/elmundodelosnegocios.com.do\/v1\/wp-json\/wp\/v2\/tags?post=77694"}],"curies":[{"name":"wp","href":"https:\/\/api.w.org\/{rel}","templated":true}]}}