{"id":77698,"date":"2026-04-28T10:09:15","date_gmt":"2026-04-28T14:39:15","guid":{"rendered":"https:\/\/elmundodelosnegocios.com.do\/v1\/?p=77698"},"modified":"2026-04-28T10:09:16","modified_gmt":"2026-04-28T14:39:16","slug":"axis-communications-participa-en-la-cumbre-gerencial-alas-2026-como-uno-de-los-protagonistas-en-la-evolucion-de-la-seguridad-en-latinoamerica","status":"publish","type":"post","link":"https:\/\/elmundodelosnegocios.com.do\/v1\/axis-communications-participa-en-la-cumbre-gerencial-alas-2026-como-uno-de-los-protagonistas-en-la-evolucion-de-la-seguridad-en-latinoamerica\/","title":{"rendered":"Axis Communications participa en la Cumbre Gerencial ALAS 2026 como uno de los protagonistas en la evoluci\u00f3n de la seguridad en Latinoam\u00e9rica"},"content":{"rendered":"\n<ul class=\"wp-block-list\">\n<li><em>Cumbre Gerencial ALAS 2026 en Canc\u00fan reuni\u00f3 a l\u00edderes de seguridad en Latinoam\u00e9rica impulsando la innovaci\u00f3n, tendencias tecnol\u00f3gicas y decisiones estrat\u00e9gicas en la industria.<\/em><\/li>\n\n\n\n<li><em>Axis Communications lidera conversaci\u00f3n sobre seguridad bancaria en ALAS 2026: tecnolog\u00edas m\u00e1s all\u00e1 de la videovigilancia marcar\u00e1n el futuro del sector financiero en Am\u00e9rica Latina<\/em><em>.<\/em><\/li>\n<\/ul>\n\n\n\n<p><strong>Canc\u00fan, M\u00e9xico, 28&nbsp;de abril de 2026.<\/strong>&nbsp;La industria de la seguridad en Latinoam\u00e9rica se reuni\u00f3 como cada a\u00f1o en la Cumbre Gerencial ALAS 2026, realizada los d\u00edas 22 y 23 de abril en Canc\u00fan, M\u00e9xico. Este encuentro, organizado por la Asociaci\u00f3n Latinoamericana de Seguridad (ALAS), reuni\u00f3 a l\u00edderes, directores y expertos del sector en un espacio que marc\u00f3 el rumbo de la industria. En su edici\u00f3n n\u00famero once, el evento se consolid\u00f3 como uno de los m\u00e1s relevantes del a\u00f1o, con un enfoque en innovaci\u00f3n, tendencias tecnol\u00f3gicas y toma de decisiones estrat\u00e9gicas.<\/p>\n\n\n\n<p>La agenda acad\u00e9mica fue uno de los principales atractivos de la Cumbre ALAS 2026, con conferencias, paneles y talleres liderados por especialistas de alto nivel. Los asistentes escucharon de primera mano casos reales, mejores pr\u00e1cticas y nuevas estrategias en temas como gesti\u00f3n de riesgos, liderazgo y transformaci\u00f3n digital en seguridad. Este enfoque convierte al evento en una plataforma clave para la actualizaci\u00f3n profesional y el intercambio de conocimiento en un sector en constante evoluci\u00f3n.<\/p>\n\n\n<div class=\"wp-block-image\">\n<figure data-wp-context=\"{&quot;imageId&quot;:&quot;69f0ecb33d03a&quot;}\" data-wp-interactive=\"core\/image\" data-wp-key=\"69f0ecb33d03a\" class=\"aligncenter size-full wp-lightbox-container\"><img loading=\"lazy\" decoding=\"async\" width=\"877\" height=\"493\" data-wp-class--hide=\"state.isContentHidden\" data-wp-class--show=\"state.isContentVisible\" data-wp-init=\"callbacks.setButtonStyles\" data-wp-on--click=\"actions.showLightbox\" data-wp-on--load=\"callbacks.setButtonStyles\" data-wp-on-window--resize=\"callbacks.setButtonStyles\" src=\"https:\/\/elmundodelosnegocios.com.do\/v1\/wp-content\/uploads\/2026\/04\/unnamed-2-1.jpg\" alt=\"\" class=\"wp-image-77699\" srcset=\"https:\/\/elmundodelosnegocios.com.do\/v1\/wp-content\/uploads\/2026\/04\/unnamed-2-1.jpg 877w, https:\/\/elmundodelosnegocios.com.do\/v1\/wp-content\/uploads\/2026\/04\/unnamed-2-1-300x169.jpg 300w, https:\/\/elmundodelosnegocios.com.do\/v1\/wp-content\/uploads\/2026\/04\/unnamed-2-1-768x432.jpg 768w\" sizes=\"auto, (max-width: 877px) 100vw, 877px\" \/><button\n\t\t\tclass=\"lightbox-trigger\"\n\t\t\ttype=\"button\"\n\t\t\taria-haspopup=\"dialog\"\n\t\t\taria-label=\"Agrandar\"\n\t\t\tdata-wp-init=\"callbacks.initTriggerButton\"\n\t\t\tdata-wp-on--click=\"actions.showLightbox\"\n\t\t\tdata-wp-style--right=\"state.imageButtonRight\"\n\t\t\tdata-wp-style--top=\"state.imageButtonTop\"\n\t\t>\n\t\t\t<svg xmlns=\"http:\/\/www.w3.org\/2000\/svg\" width=\"12\" height=\"12\" fill=\"none\" viewBox=\"0 0 12 12\">\n\t\t\t\t<path fill=\"#fff\" d=\"M2 0a2 2 0 0 0-2 2v2h1.5V2a.5.5 0 0 1 .5-.5h2V0H2Zm2 10.5H2a.5.5 0 0 1-.5-.5V8H0v2a2 2 0 0 0 2 2h2v-1.5ZM8 12v-1.5h2a.5.5 0 0 0 .5-.5V8H12v2a2 2 0 0 1-2 2H8Zm2-12a2 2 0 0 1 2 2v2h-1.5V2a.5.5 0 0 0-.5-.5H8V0h2Z\" \/>\n\t\t\t<\/svg>\n\t\t<\/button><\/figure>\n<\/div>\n\n\n<p>En este contexto, Axis Communications tuvo una participaci\u00f3n destacada, reafirmando su liderazgo en soluciones de seguridad innovadoras. A trav\u00e9s de la conferencia \u201cM\u00e1s all\u00e1 de la videovigilancia: nuevas operaciones para la banca\u201d, liderada por Denith Garc\u00eda, Inside Sales Manager de Axis Communications LATAM, junto a Ricardo Riva Palacio, Channel Manager de Genetec M\u00e9xico; la empresa abord\u00f3 c\u00f3mo las tecnolog\u00edas avanzadas est\u00e1n redefiniendo la seguridad en el sector financiero, aportando valor m\u00e1s all\u00e1 de la vigilancia tradicional.<\/p>\n\n\n\n<p>\u201cEn la actualidad el sector bancario y financiero est\u00e1 evolucionando, teniendo que adaptarse a desaf\u00edos cada vez m\u00e1s retadores. Ya no se trata solo de la prevenci\u00f3n de delitos, sino monitoreo en tiempo real y an\u00e1lisis de video inteligente\u201d, mencion\u00f3 Denith Garc\u00eda. \u201cGracias a esto, y utilizando tecnolog\u00edas e Inteligencia Artificial se pueden detectar patrones y comportamientos, garantizando la seguridad para los usuarios, para el personal adem\u00e1s de la protecci\u00f3n de datos, cada vez m\u00e1s amenazada con la era digital\u201d.<\/p>\n\n\n\n<p>Adem\u00e1s de su componente acad\u00e9mico, la cumbre ofreci\u00f3 espacios de networking y encuentros B2B que facilitaron la generaci\u00f3n de alianzas estrat\u00e9gicas y oportunidades de negocio. Con la participaci\u00f3n de profesionales de m\u00e1s de 20 pa\u00edses en ediciones anteriores y un promedio de 200 asistentes en los \u00faltimos encuentros, la Cumbre ALAS se consolida como un punto de conexi\u00f3n para fabricantes, integradores, consultores y tomadores de decisiones que buscan fortalecer su presencia en el mercado regional.<\/p>\n\n\n\n<p>La presencia de Axis se complement\u00f3 con la participaci\u00f3n de Fernando Granados, Regional Sales Manager para M\u00e9xico, quien comparti\u00f3 su visi\u00f3n sobre el futuro del sector y pudo charlar con cada uno de los asistentes al stand, quienes adem\u00e1s pudieron ver de cerca las innovaciones de Axis en este 2026.<\/p>\n\n\n\n<p>Con m\u00e1s de 90 asistentes, la Cumbre Gerencial ALAS 2026 se consolida como un escenario clave para impulsar la innovaci\u00f3n, fortalecer la industria de la seguridad y generar conversaciones que definir\u00e1n su futuro en Am\u00e9rica Latina.<\/p>\n\n\n\n<p><strong>Acerca de FF Group<\/strong><br>Fundado en 2016 y con sede en Praga, FF Group es un experto en inteligencia artificial y an\u00e1lisis de datos de vanguardia que presta servicio a los mercados de transporte y seguridad en m\u00e1s de 30 pa\u00edses. La empresa desarrolla software inteligente que combina el reconocimiento de matr\u00edculas, el procesamiento inteligente de datos y las tecnolog\u00edas de comunicaci\u00f3n c\u00e1mara a c\u00e1mara. Lee m\u00e1s en https:\/\/www.ff-group.ai\/.<\/p>\n\n\n\n<p><strong>Acerca de Axis Communications<\/strong><\/p>\n\n\n\n<p>Axis permite un mundo m\u00e1s inteligente y seguro mediante la creaci\u00f3n de soluciones para mejorar la seguridad y el rendimiento empresarial. Como empresa de tecnolog\u00eda de red y l\u00edder del sector, Axis ofrece soluciones en sistemas de videovigilancia, control de acceso, intercomunicadores y audio. Se mejoran con aplicaciones de anal\u00edticas inteligentes y cuentan con el respaldo de una capacitaci\u00f3n de alta calidad. Axis tiene alrededor de 4500 empleados dedicados en m\u00e1s de 50 pa\u00edses y colabora con socios de integraci\u00f3n de sistemas y tecnolog\u00eda en todo el mundo para ofrecer soluciones a los clientes. Axis se fund\u00f3 en 1984 y la sede se encuentra en Lund, Suecia. Para obtener m\u00e1s informaci\u00f3n sobre Axis, visite nuestro sitio web www.axis.com.\u202f<\/p>\n","protected":false},"excerpt":{"rendered":"<p>Canc\u00fan, M\u00e9xico, 28&nbsp;de abril de 2026.&nbsp;La industria de la seguridad en Latinoam\u00e9rica se reuni\u00f3 como cada a\u00f1o en la Cumbre Gerencial ALAS 2026, realizada los d\u00edas 22 y 23 de&hellip; <\/p>\n","protected":false},"author":2,"featured_media":77701,"comment_status":"closed","ping_status":"closed","sticky":false,"template":"","format":"standard","meta":{"fifu_image_url":"https:\/\/elmundodelosnegocios.com.do\/v1\/wp-content\/uploads\/2026\/04\/unnamed-2-1.jpg","fifu_image_alt":"","footnotes":""},"categories":[166],"tags":[],"class_list":["post-77698","post","type-post","status-publish","format-standard","has-post-thumbnail","hentry","category-tecnologia"],"_links":{"self":[{"href":"https:\/\/elmundodelosnegocios.com.do\/v1\/wp-json\/wp\/v2\/posts\/77698","targetHints":{"allow":["GET"]}}],"collection":[{"href":"https:\/\/elmundodelosnegocios.com.do\/v1\/wp-json\/wp\/v2\/posts"}],"about":[{"href":"https:\/\/elmundodelosnegocios.com.do\/v1\/wp-json\/wp\/v2\/types\/post"}],"author":[{"embeddable":true,"href":"https:\/\/elmundodelosnegocios.com.do\/v1\/wp-json\/wp\/v2\/users\/2"}],"replies":[{"embeddable":true,"href":"https:\/\/elmundodelosnegocios.com.do\/v1\/wp-json\/wp\/v2\/comments?post=77698"}],"version-history":[{"count":1,"href":"https:\/\/elmundodelosnegocios.com.do\/v1\/wp-json\/wp\/v2\/posts\/77698\/revisions"}],"predecessor-version":[{"id":77700,"href":"https:\/\/elmundodelosnegocios.com.do\/v1\/wp-json\/wp\/v2\/posts\/77698\/revisions\/77700"}],"wp:featuredmedia":[{"embeddable":true,"href":"https:\/\/elmundodelosnegocios.com.do\/v1\/wp-json\/wp\/v2\/media\/77701"}],"wp:attachment":[{"href":"https:\/\/elmundodelosnegocios.com.do\/v1\/wp-json\/wp\/v2\/media?parent=77698"}],"wp:term":[{"taxonomy":"category","embeddable":true,"href":"https:\/\/elmundodelosnegocios.com.do\/v1\/wp-json\/wp\/v2\/categories?post=77698"},{"taxonomy":"post_tag","embeddable":true,"href":"https:\/\/elmundodelosnegocios.com.do\/v1\/wp-json\/wp\/v2\/tags?post=77698"}],"curies":[{"name":"wp","href":"https:\/\/api.w.org\/{rel}","templated":true}]}}