{"id":77743,"date":"2026-04-29T11:54:15","date_gmt":"2026-04-29T16:24:15","guid":{"rendered":"https:\/\/elmundodelosnegocios.com.do\/v1\/?p=77743"},"modified":"2026-04-29T11:54:16","modified_gmt":"2026-04-29T16:24:16","slug":"republica-dominicana-y-espana-reafirman-compromiso-bilateral-con-la-cooperacion-el-comercio-y-el-apoyo-a-sus-comunidades","status":"publish","type":"post","link":"https:\/\/elmundodelosnegocios.com.do\/v1\/republica-dominicana-y-espana-reafirman-compromiso-bilateral-con-la-cooperacion-el-comercio-y-el-apoyo-a-sus-comunidades\/","title":{"rendered":"Rep\u00fablica Dominicana y Espa\u00f1a reafirman compromiso bilateral con la cooperaci\u00f3n, el comercio y el apoyo a sus comunidades"},"content":{"rendered":"\n<p><strong>Santo Domingo de Guzm\u00e1n, Rep\u00fablica Dominicana.<\/strong>\u2013 El canciller Roberto \u00c1lvarez y su hom\u00f3logo del Reino de Espa\u00f1a, Jos\u00e9 Manuel Albares, reafirmaron el compromiso de sus respectivos Estados con el fortalecimiento de la cooperaci\u00f3n bilateral, el comercio y la inversi\u00f3n, as\u00ed como con la acogida rec\u00edproca de sus comunidades en ambos territorios.<\/p>\n\n\n<div class=\"wp-block-image\">\n<figure data-wp-context=\"{&quot;imageId&quot;:&quot;69f2569e20b61&quot;}\" data-wp-interactive=\"core\/image\" data-wp-key=\"69f2569e20b61\" class=\"aligncenter size-large wp-lightbox-container\"><img loading=\"lazy\" decoding=\"async\" width=\"1024\" height=\"575\" data-wp-class--hide=\"state.isContentHidden\" data-wp-class--show=\"state.isContentVisible\" data-wp-init=\"callbacks.setButtonStyles\" data-wp-on--click=\"actions.showLightbox\" data-wp-on--load=\"callbacks.setButtonStyles\" data-wp-on-window--resize=\"callbacks.setButtonStyles\" src=\"https:\/\/elmundodelosnegocios.com.do\/v1\/wp-content\/uploads\/2026\/04\/WhatsApp-Image-2026-04-28-at-2.43.27-PM-1-1024x575.jpeg\" alt=\"\" class=\"wp-image-77744\" srcset=\"https:\/\/elmundodelosnegocios.com.do\/v1\/wp-content\/uploads\/2026\/04\/WhatsApp-Image-2026-04-28-at-2.43.27-PM-1-1024x575.jpeg 1024w, https:\/\/elmundodelosnegocios.com.do\/v1\/wp-content\/uploads\/2026\/04\/WhatsApp-Image-2026-04-28-at-2.43.27-PM-1-300x168.jpeg 300w, https:\/\/elmundodelosnegocios.com.do\/v1\/wp-content\/uploads\/2026\/04\/WhatsApp-Image-2026-04-28-at-2.43.27-PM-1-768x431.jpeg 768w, https:\/\/elmundodelosnegocios.com.do\/v1\/wp-content\/uploads\/2026\/04\/WhatsApp-Image-2026-04-28-at-2.43.27-PM-1.jpeg 1366w\" sizes=\"auto, (max-width: 1024px) 100vw, 1024px\" \/><button\n\t\t\tclass=\"lightbox-trigger\"\n\t\t\ttype=\"button\"\n\t\t\taria-haspopup=\"dialog\"\n\t\t\taria-label=\"Agrandar\"\n\t\t\tdata-wp-init=\"callbacks.initTriggerButton\"\n\t\t\tdata-wp-on--click=\"actions.showLightbox\"\n\t\t\tdata-wp-style--right=\"state.imageButtonRight\"\n\t\t\tdata-wp-style--top=\"state.imageButtonTop\"\n\t\t>\n\t\t\t<svg xmlns=\"http:\/\/www.w3.org\/2000\/svg\" width=\"12\" height=\"12\" fill=\"none\" viewBox=\"0 0 12 12\">\n\t\t\t\t<path fill=\"#fff\" d=\"M2 0a2 2 0 0 0-2 2v2h1.5V2a.5.5 0 0 1 .5-.5h2V0H2Zm2 10.5H2a.5.5 0 0 1-.5-.5V8H0v2a2 2 0 0 0 2 2h2v-1.5ZM8 12v-1.5h2a.5.5 0 0 0 .5-.5V8H12v2a2 2 0 0 1-2 2H8Zm2-12a2 2 0 0 1 2 2v2h-1.5V2a.5.5 0 0 0-.5-.5H8V0h2Z\" \/>\n\t\t\t<\/svg>\n\t\t<\/button><\/figure>\n<\/div>\n\n\n<p>Estas valoraciones fueron expresadas durante una conferencia de prensa, en la que ambos diplom\u00e1ticos destacaron los s\u00f3lidos lazos que unen a sus pueblos, as\u00ed como la significativa presencia de dominicanos en Espa\u00f1a y de espa\u00f1oles en Rep\u00fablica Dominicana.<\/p>\n\n\n\n<p>\u201cEn Espa\u00f1a reside la segunda comunidad m\u00e1s numerosa de dominicanos en el exterior, con m\u00e1s de 200,000 compatriotas. Agradecemos sinceramente la acogida brindada a nuestra gente, que hoy contribuye activamente a la vida econ\u00f3mica, social y cultural de ese pa\u00eds\u201d, expres\u00f3 el ministro de Relaciones Exteriores dominicano.<\/p>\n\n\n<div class=\"wp-block-image\">\n<figure data-wp-context=\"{&quot;imageId&quot;:&quot;69f2569e20e25&quot;}\" data-wp-interactive=\"core\/image\" data-wp-key=\"69f2569e20e25\" class=\"aligncenter size-large wp-lightbox-container\"><img loading=\"lazy\" decoding=\"async\" width=\"1024\" height=\"576\" data-wp-class--hide=\"state.isContentHidden\" data-wp-class--show=\"state.isContentVisible\" data-wp-init=\"callbacks.setButtonStyles\" data-wp-on--click=\"actions.showLightbox\" data-wp-on--load=\"callbacks.setButtonStyles\" data-wp-on-window--resize=\"callbacks.setButtonStyles\" src=\"https:\/\/elmundodelosnegocios.com.do\/v1\/wp-content\/uploads\/2026\/04\/WhatsApp-Image-2026-04-28-at-2.43.27-PM-1024x576.jpeg\" alt=\"\" class=\"wp-image-77745\" srcset=\"https:\/\/elmundodelosnegocios.com.do\/v1\/wp-content\/uploads\/2026\/04\/WhatsApp-Image-2026-04-28-at-2.43.27-PM-1024x576.jpeg 1024w, https:\/\/elmundodelosnegocios.com.do\/v1\/wp-content\/uploads\/2026\/04\/WhatsApp-Image-2026-04-28-at-2.43.27-PM-300x169.jpeg 300w, https:\/\/elmundodelosnegocios.com.do\/v1\/wp-content\/uploads\/2026\/04\/WhatsApp-Image-2026-04-28-at-2.43.27-PM-768x432.jpeg 768w, https:\/\/elmundodelosnegocios.com.do\/v1\/wp-content\/uploads\/2026\/04\/WhatsApp-Image-2026-04-28-at-2.43.27-PM.jpeg 1365w\" sizes=\"auto, (max-width: 1024px) 100vw, 1024px\" \/><button\n\t\t\tclass=\"lightbox-trigger\"\n\t\t\ttype=\"button\"\n\t\t\taria-haspopup=\"dialog\"\n\t\t\taria-label=\"Agrandar\"\n\t\t\tdata-wp-init=\"callbacks.initTriggerButton\"\n\t\t\tdata-wp-on--click=\"actions.showLightbox\"\n\t\t\tdata-wp-style--right=\"state.imageButtonRight\"\n\t\t\tdata-wp-style--top=\"state.imageButtonTop\"\n\t\t>\n\t\t\t<svg xmlns=\"http:\/\/www.w3.org\/2000\/svg\" width=\"12\" height=\"12\" fill=\"none\" viewBox=\"0 0 12 12\">\n\t\t\t\t<path fill=\"#fff\" d=\"M2 0a2 2 0 0 0-2 2v2h1.5V2a.5.5 0 0 1 .5-.5h2V0H2Zm2 10.5H2a.5.5 0 0 1-.5-.5V8H0v2a2 2 0 0 0 2 2h2v-1.5ZM8 12v-1.5h2a.5.5 0 0 0 .5-.5V8H12v2a2 2 0 0 1-2 2H8Zm2-12a2 2 0 0 1 2 2v2h-1.5V2a.5.5 0 0 0-.5-.5H8V0h2Z\" \/>\n\t\t\t<\/svg>\n\t\t<\/button><\/figure>\n<\/div>\n\n\n<p>Por su parte, el ministro de Asuntos Exteriores, Uni\u00f3n Europea y Cooperaci\u00f3n de Espa\u00f1a se\u00f1al\u00f3 que \u201cesa cercan\u00eda con Rep\u00fablica Dominicana y con los dominicanos y dominicanas se percibe a diario en Espa\u00f1a, donde miles de ellos se encuentran plenamente integrados y contribuyen a nuestro desarrollo econ\u00f3mico y social. A ellos se sumar\u00e1n, en las pr\u00f3ximas fechas, muchos m\u00e1s, como parte del proceso de regularizaci\u00f3n que el gobierno de Espa\u00f1a ha puesto en marcha para quienes ya viven entre nosotros y les vamos a reconocer los derechos que les corresponden\u201d.<\/p>\n\n\n\n<p>Estos temas fueron abordados durante la reuni\u00f3n bilateral sostenida en el marco de la visita oficial del diplom\u00e1tico espa\u00f1ol al pa\u00eds. En ese contexto, el canciller Albares entreg\u00f3 al ministro \u00c1lvarez la invitaci\u00f3n formal al presidente Luis Abinader para participar en la XXX Cumbre Iberoamericana, que se celebrar\u00e1 en Madrid el pr\u00f3ximo mes de noviembre.&nbsp;<\/p>\n\n\n\n<p>Asimismo, el canciller Albares indic\u00f3 que durante el encuentro conversaron sobre la situaci\u00f3n en Hait\u00ed, reiterando Espa\u00f1a su compromiso de contribuir a los esfuerzos internacionales orientados a la estabilizaci\u00f3n de ese pa\u00eds.<\/p>\n","protected":false},"excerpt":{"rendered":"<p>Santo Domingo de Guzm\u00e1n, Rep\u00fablica Dominicana.\u2013 El canciller Roberto \u00c1lvarez y su hom\u00f3logo del Reino de Espa\u00f1a, Jos\u00e9 Manuel Albares, reafirmaron el compromiso de sus respectivos Estados con el fortalecimiento&hellip; <\/p>\n","protected":false},"author":2,"featured_media":77747,"comment_status":"closed","ping_status":"closed","sticky":false,"template":"","format":"standard","meta":{"fifu_image_url":"https:\/\/elmundodelosnegocios.com.do\/v1\/wp-content\/uploads\/2026\/04\/WhatsApp-Image-2026-04-28-at-2.43.27-PM-1.jpeg","fifu_image_alt":"","footnotes":""},"categories":[74],"tags":[],"class_list":["post-77743","post","type-post","status-publish","format-standard","has-post-thumbnail","hentry","category-comercio-internacional"],"_links":{"self":[{"href":"https:\/\/elmundodelosnegocios.com.do\/v1\/wp-json\/wp\/v2\/posts\/77743","targetHints":{"allow":["GET"]}}],"collection":[{"href":"https:\/\/elmundodelosnegocios.com.do\/v1\/wp-json\/wp\/v2\/posts"}],"about":[{"href":"https:\/\/elmundodelosnegocios.com.do\/v1\/wp-json\/wp\/v2\/types\/post"}],"author":[{"embeddable":true,"href":"https:\/\/elmundodelosnegocios.com.do\/v1\/wp-json\/wp\/v2\/users\/2"}],"replies":[{"embeddable":true,"href":"https:\/\/elmundodelosnegocios.com.do\/v1\/wp-json\/wp\/v2\/comments?post=77743"}],"version-history":[{"count":1,"href":"https:\/\/elmundodelosnegocios.com.do\/v1\/wp-json\/wp\/v2\/posts\/77743\/revisions"}],"predecessor-version":[{"id":77746,"href":"https:\/\/elmundodelosnegocios.com.do\/v1\/wp-json\/wp\/v2\/posts\/77743\/revisions\/77746"}],"wp:featuredmedia":[{"embeddable":true,"href":"https:\/\/elmundodelosnegocios.com.do\/v1\/wp-json\/wp\/v2\/media\/77747"}],"wp:attachment":[{"href":"https:\/\/elmundodelosnegocios.com.do\/v1\/wp-json\/wp\/v2\/media?parent=77743"}],"wp:term":[{"taxonomy":"category","embeddable":true,"href":"https:\/\/elmundodelosnegocios.com.do\/v1\/wp-json\/wp\/v2\/categories?post=77743"},{"taxonomy":"post_tag","embeddable":true,"href":"https:\/\/elmundodelosnegocios.com.do\/v1\/wp-json\/wp\/v2\/tags?post=77743"}],"curies":[{"name":"wp","href":"https:\/\/api.w.org\/{rel}","templated":true}]}}