{"id":77762,"date":"2026-04-29T14:21:05","date_gmt":"2026-04-29T18:51:05","guid":{"rendered":"https:\/\/elmundodelosnegocios.com.do\/v1\/?p=77762"},"modified":"2026-04-29T14:21:06","modified_gmt":"2026-04-29T18:51:06","slug":"grupo-viamar-recibe-reconocimiento-internacional-de-kia-por-mas-de-36-anos-como-su-distribuidor-en-republica-dominicana","status":"publish","type":"post","link":"https:\/\/elmundodelosnegocios.com.do\/v1\/grupo-viamar-recibe-reconocimiento-internacional-de-kia-por-mas-de-36-anos-como-su-distribuidor-en-republica-dominicana\/","title":{"rendered":"Grupo Viamar recibe reconocimiento internacional de KIA por m\u00e1s de 36 a\u00f1os como su distribuidor en Rep\u00fablica Dominicana"},"content":{"rendered":"\n<p>La distinci\u00f3n se entreg\u00f3 durante la KIA Global Distributors Convention 2026 en Melbourne, Australia. Es la primera vez que la marca surcoreana otorga este galard\u00f3n a su distribuidor dominicano, que actualmente lidera los segmentos de SUV y veh\u00edculos comerciales de carga ligera.<\/p>\n\n\n<div class=\"wp-block-image\">\n<figure data-wp-context=\"{&quot;imageId&quot;:&quot;69f27f5f6b0cf&quot;}\" data-wp-interactive=\"core\/image\" data-wp-key=\"69f27f5f6b0cf\" class=\"aligncenter size-large wp-lightbox-container\"><img loading=\"lazy\" decoding=\"async\" width=\"1024\" height=\"682\" data-wp-class--hide=\"state.isContentHidden\" data-wp-class--show=\"state.isContentVisible\" data-wp-init=\"callbacks.setButtonStyles\" data-wp-on--click=\"actions.showLightbox\" data-wp-on--load=\"callbacks.setButtonStyles\" data-wp-on-window--resize=\"callbacks.setButtonStyles\" src=\"https:\/\/elmundodelosnegocios.com.do\/v1\/wp-content\/uploads\/2026\/04\/Joan-Abreu-Pena-vicepresidente-de-Mercadeo-y-Ventas-de-Grupo-Viamar-junto-a-Luis-Alexis-Ricart-director-de-KIA-para-Republica-Dominicana-reciben-el-reconocimiento-1024x682.jpeg\" alt=\"Joan Abreu Pe\u00f1a, vicepresidente de Mercadeo y Ventas de Grupo Viamar, junto a Luis Alexis Ricart, director de KIA para Rep\u00fablica Dominicana, reciben el reconocimiento\" class=\"wp-image-77763\" srcset=\"https:\/\/elmundodelosnegocios.com.do\/v1\/wp-content\/uploads\/2026\/04\/Joan-Abreu-Pena-vicepresidente-de-Mercadeo-y-Ventas-de-Grupo-Viamar-junto-a-Luis-Alexis-Ricart-director-de-KIA-para-Republica-Dominicana-reciben-el-reconocimiento-1024x682.jpeg 1024w, https:\/\/elmundodelosnegocios.com.do\/v1\/wp-content\/uploads\/2026\/04\/Joan-Abreu-Pena-vicepresidente-de-Mercadeo-y-Ventas-de-Grupo-Viamar-junto-a-Luis-Alexis-Ricart-director-de-KIA-para-Republica-Dominicana-reciben-el-reconocimiento-300x200.jpeg 300w, https:\/\/elmundodelosnegocios.com.do\/v1\/wp-content\/uploads\/2026\/04\/Joan-Abreu-Pena-vicepresidente-de-Mercadeo-y-Ventas-de-Grupo-Viamar-junto-a-Luis-Alexis-Ricart-director-de-KIA-para-Republica-Dominicana-reciben-el-reconocimiento-768x512.jpeg 768w, https:\/\/elmundodelosnegocios.com.do\/v1\/wp-content\/uploads\/2026\/04\/Joan-Abreu-Pena-vicepresidente-de-Mercadeo-y-Ventas-de-Grupo-Viamar-junto-a-Luis-Alexis-Ricart-director-de-KIA-para-Republica-Dominicana-reciben-el-reconocimiento-1536x1023.jpeg 1536w, https:\/\/elmundodelosnegocios.com.do\/v1\/wp-content\/uploads\/2026\/04\/Joan-Abreu-Pena-vicepresidente-de-Mercadeo-y-Ventas-de-Grupo-Viamar-junto-a-Luis-Alexis-Ricart-director-de-KIA-para-Republica-Dominicana-reciben-el-reconocimiento.jpeg 1600w\" sizes=\"auto, (max-width: 1024px) 100vw, 1024px\" \/><button\n\t\t\tclass=\"lightbox-trigger\"\n\t\t\ttype=\"button\"\n\t\t\taria-haspopup=\"dialog\"\n\t\t\taria-label=\"Agrandar\"\n\t\t\tdata-wp-init=\"callbacks.initTriggerButton\"\n\t\t\tdata-wp-on--click=\"actions.showLightbox\"\n\t\t\tdata-wp-style--right=\"state.imageButtonRight\"\n\t\t\tdata-wp-style--top=\"state.imageButtonTop\"\n\t\t>\n\t\t\t<svg xmlns=\"http:\/\/www.w3.org\/2000\/svg\" width=\"12\" height=\"12\" fill=\"none\" viewBox=\"0 0 12 12\">\n\t\t\t\t<path fill=\"#fff\" d=\"M2 0a2 2 0 0 0-2 2v2h1.5V2a.5.5 0 0 1 .5-.5h2V0H2Zm2 10.5H2a.5.5 0 0 1-.5-.5V8H0v2a2 2 0 0 0 2 2h2v-1.5ZM8 12v-1.5h2a.5.5 0 0 0 .5-.5V8H12v2a2 2 0 0 1-2 2H8Zm2-12a2 2 0 0 1 2 2v2h-1.5V2a.5.5 0 0 0-.5-.5H8V0h2Z\" \/>\n\t\t\t<\/svg>\n\t\t<\/button><figcaption class=\"wp-element-caption\">Joan Abreu Pe\u00f1a, vicepresidente de Mercadeo y Ventas de Grupo Viamar, junto a Luis Alexis Ricart, director de KIA para Rep\u00fablica Dominicana, reciben el reconocimiento<\/figcaption><\/figure>\n<\/div>\n\n\n<p><strong>Santo Domingo, Rep\u00fablica Dominicana, mi\u00e9rcoles 29 de abril de 2026<\/strong>.&nbsp;<strong>Grupo Viamar<\/strong>, empresa l\u00edder en soluciones de movilidad para familias y empresas, recibi\u00f3 el galard\u00f3n&nbsp;<em>Legacy Partnership Commendation<\/em>&nbsp;de manos de los principales ejecutivos de KIA Motors durante la convenci\u00f3n global de distribuidores de la marca, celebrada en Melbourne, Australia.<\/p>\n\n\n\n<p>El reconocimiento destaca los 36 a\u00f1os consecutivos de&nbsp;<strong>Grupo Viamar<\/strong>&nbsp;como distribuidor autorizado en el pa\u00eds, una relaci\u00f3n que inici\u00f3 en 1990 y que la compa\u00f1\u00eda surcoreana considera uno de sus v\u00ednculos comerciales m\u00e1s estables en la regi\u00f3n de Am\u00e9rica Latina y el Caribe.<\/p>\n\n\n\n<p>El premio&nbsp;<em>Legacy Partnership Commendation<\/em>&nbsp;reconoce especialmente a distribuidores con trayectorias de largo plazo que han mantenido est\u00e1ndares consistentes de operaci\u00f3n, crecimiento en ventas y calidad de servicio postventa.<\/p>\n\n\n\n<p>\u00abSer n\u00famero uno en SUV y carga ligera en Rep\u00fablica Dominicana no lo decide la marca; lo decide el cliente cada vez que entra a un concesionario. Que nos hayan elegido durante 36 a\u00f1os es el \u00fanico reconocimiento que realmente importa, y este galard\u00f3n lo confirma\u00bb, afirm\u00f3 Luis Alexis Ricart, director de KIA en Rep\u00fablica Dominicana.<\/p>\n\n\n\n<p><strong>KIA lidera SUV y carga ligera en el mercado dominicano<\/strong><\/p>\n\n\n\n<p>Seg\u00fan las estad\u00edsticas de la Direcci\u00f3n General de Aduanas (DGA) al cierre de 2025,&nbsp;<strong>KIA<\/strong>&nbsp;reafirma su liderazgo en el mercado dominicano como la marca preferida en el segmento de veh\u00edculos utilitarios deportivos (SUV), liderado por los modelos Sportage y Seltos el cual domina el 45.87% de las importaciones y en veh\u00edculos de carga ligera, logrando un crecimiento interanual de un 17% en sus registros de unidades nuevas. Ese posicionamiento es resultado, en parte, de la renovaci\u00f3n completa que la marca ejecut\u00f3 en su portafolio y en su identidad visual durante los \u00faltimos a\u00f1os, un proceso que impact\u00f3 tanto el dise\u00f1o exterior como las especificaciones t\u00e9cnicas de cada veh\u00edculo.<\/p>\n\n\n\n<p>Durante la actividad, los ejecutivos de&nbsp;<strong>KIA<\/strong>&nbsp;indicaron que la expansi\u00f3n del portafolio continuar\u00e1 en el corto plazo, con actualizaciones de modelos existentes e introducci\u00f3n de nuevas versiones orientadas a segmentos donde la marca fortalecer\u00e1 su presencia directa en el mercado dominicano.<\/p>\n\n\n\n<p><strong>Sobre Grupo Viamar<\/strong><\/p>\n\n\n\n<p>Es la empresa l\u00edder del sector automotriz en Rep\u00fablica Dominicana, que ofrece la m\u00e1s completa gama de veh\u00edculos para suplir las necesidades de movilidad de empresas y familias. En 62 a\u00f1os, ha invertido en infraestructura para brindar la mejor propuesta de valor y servicio postventa, con un alto \u00edndice de satisfacci\u00f3n. Cuenta con sucursales en Santo Domingo, Santiago, Hig\u00fcey, B\u00e1varo y San Francisco de Macor\u00eds. Representa las marcas como: Ford, KIA, Mazda, Lincoln, Geely, Riddara, JAC, SWM, Shineray, Farizon y Forland; expertos en servicios de mantenimiento para carros y camiones con piezas, accesorios, lubricantes y bater\u00edas originales como Motorcraft a trav\u00e9s de su divisi\u00f3n Quick Lane.<\/p>\n\n\n\n<p><strong>KIA<\/strong>&nbsp;se ha posicionado como la marca n\u00famero uno en Rep\u00fablica Dominicana en el segmento de SUVs y veh\u00edculos comerciales de carga ligera. Luego de su impresionante cambio de identidad y el redise\u00f1o de todo su portafolio de veh\u00edculos. Los ejecutivos de la marca comentaron que este es solo el principio de los planes de&nbsp;<strong>KIA<\/strong>&nbsp;a nivel global y que en un futuro inmediato podremos ver m\u00e1s mejoras de los modelos actuales y la introducci\u00f3n de nuevos modelos que permitir\u00e1n abarcar a\u00fan m\u00e1s segmentos del mercado.&nbsp;<\/p>\n","protected":false},"excerpt":{"rendered":"<p>La distinci\u00f3n se entreg\u00f3 durante la KIA Global Distributors Convention 2026 en Melbourne, Australia. Es la primera vez que la marca surcoreana otorga este galard\u00f3n a su distribuidor dominicano, que&hellip; <\/p>\n","protected":false},"author":2,"featured_media":77765,"comment_status":"closed","ping_status":"closed","sticky":false,"template":"","format":"standard","meta":{"fifu_image_url":"https:\/\/elmundodelosnegocios.com.do\/v1\/wp-content\/uploads\/2026\/04\/Joan-Abreu-Pena-vicepresidente-de-Mercadeo-y-Ventas-de-Grupo-Viamar-junto-a-Luis-Alexis-Ricart-director-de-KIA-para-Republica-Dominicana-reciben-el-reconocimiento.jpeg","fifu_image_alt":"","footnotes":""},"categories":[87],"tags":[],"class_list":["post-77762","post","type-post","status-publish","format-standard","has-post-thumbnail","hentry","category-vehiculos-deportes"],"_links":{"self":[{"href":"https:\/\/elmundodelosnegocios.com.do\/v1\/wp-json\/wp\/v2\/posts\/77762","targetHints":{"allow":["GET"]}}],"collection":[{"href":"https:\/\/elmundodelosnegocios.com.do\/v1\/wp-json\/wp\/v2\/posts"}],"about":[{"href":"https:\/\/elmundodelosnegocios.com.do\/v1\/wp-json\/wp\/v2\/types\/post"}],"author":[{"embeddable":true,"href":"https:\/\/elmundodelosnegocios.com.do\/v1\/wp-json\/wp\/v2\/users\/2"}],"replies":[{"embeddable":true,"href":"https:\/\/elmundodelosnegocios.com.do\/v1\/wp-json\/wp\/v2\/comments?post=77762"}],"version-history":[{"count":1,"href":"https:\/\/elmundodelosnegocios.com.do\/v1\/wp-json\/wp\/v2\/posts\/77762\/revisions"}],"predecessor-version":[{"id":77764,"href":"https:\/\/elmundodelosnegocios.com.do\/v1\/wp-json\/wp\/v2\/posts\/77762\/revisions\/77764"}],"wp:featuredmedia":[{"embeddable":true,"href":"https:\/\/elmundodelosnegocios.com.do\/v1\/wp-json\/wp\/v2\/media\/77765"}],"wp:attachment":[{"href":"https:\/\/elmundodelosnegocios.com.do\/v1\/wp-json\/wp\/v2\/media?parent=77762"}],"wp:term":[{"taxonomy":"category","embeddable":true,"href":"https:\/\/elmundodelosnegocios.com.do\/v1\/wp-json\/wp\/v2\/categories?post=77762"},{"taxonomy":"post_tag","embeddable":true,"href":"https:\/\/elmundodelosnegocios.com.do\/v1\/wp-json\/wp\/v2\/tags?post=77762"}],"curies":[{"name":"wp","href":"https:\/\/api.w.org\/{rel}","templated":true}]}}