{"id":77770,"date":"2026-04-29T14:34:45","date_gmt":"2026-04-29T19:04:45","guid":{"rendered":"https:\/\/elmundodelosnegocios.com.do\/v1\/?p=77770"},"modified":"2026-04-29T14:34:46","modified_gmt":"2026-04-29T19:04:46","slug":"participo-bhd-en-date-con-propuesta-de-valor-para-sector-turistico","status":"publish","type":"post","link":"https:\/\/elmundodelosnegocios.com.do\/v1\/participo-bhd-en-date-con-propuesta-de-valor-para-sector-turistico\/","title":{"rendered":"Participo BHD en DATE con propuesta de valor para sector tur\u00edstico\u00a0"},"content":{"rendered":"\n<p>Punta Cana. El Banco BHD particip\u00f3 en la vig\u00e9sima sexta edici\u00f3n del Dominican Annual Tourism Exchange (DATE) 2026, la feria tur\u00edstica anual m\u00e1s importante del pa\u00eds, organizada por la Asociaci\u00f3n de Hoteles y Turismo de la Rep\u00fablica Dominicana (Asonahores).<\/p>\n\n\n<div class=\"wp-block-image\">\n<figure data-wp-context=\"{&quot;imageId&quot;:&quot;69f27a1ff3481&quot;}\" data-wp-interactive=\"core\/image\" data-wp-key=\"69f27a1ff3481\" class=\"aligncenter size-large wp-lightbox-container\"><img loading=\"lazy\" decoding=\"async\" width=\"1024\" height=\"715\" data-wp-class--hide=\"state.isContentHidden\" data-wp-class--show=\"state.isContentVisible\" data-wp-init=\"callbacks.setButtonStyles\" data-wp-on--click=\"actions.showLightbox\" data-wp-on--load=\"callbacks.setButtonStyles\" data-wp-on-window--resize=\"callbacks.setButtonStyles\" src=\"https:\/\/elmundodelosnegocios.com.do\/v1\/wp-content\/uploads\/2026\/04\/El-ministro-de-Turismo-David-Collado-visita-el-stand-del-Banco-BHD-1024x715.jpg\" alt=\"El ministro de Turismo, David Collado, visita el stand del Banco BHD\" class=\"wp-image-77771\" srcset=\"https:\/\/elmundodelosnegocios.com.do\/v1\/wp-content\/uploads\/2026\/04\/El-ministro-de-Turismo-David-Collado-visita-el-stand-del-Banco-BHD-1024x715.jpg 1024w, https:\/\/elmundodelosnegocios.com.do\/v1\/wp-content\/uploads\/2026\/04\/El-ministro-de-Turismo-David-Collado-visita-el-stand-del-Banco-BHD-300x209.jpg 300w, https:\/\/elmundodelosnegocios.com.do\/v1\/wp-content\/uploads\/2026\/04\/El-ministro-de-Turismo-David-Collado-visita-el-stand-del-Banco-BHD-768x536.jpg 768w, https:\/\/elmundodelosnegocios.com.do\/v1\/wp-content\/uploads\/2026\/04\/El-ministro-de-Turismo-David-Collado-visita-el-stand-del-Banco-BHD.jpg 1100w\" sizes=\"auto, (max-width: 1024px) 100vw, 1024px\" \/><button\n\t\t\tclass=\"lightbox-trigger\"\n\t\t\ttype=\"button\"\n\t\t\taria-haspopup=\"dialog\"\n\t\t\taria-label=\"Agrandar\"\n\t\t\tdata-wp-init=\"callbacks.initTriggerButton\"\n\t\t\tdata-wp-on--click=\"actions.showLightbox\"\n\t\t\tdata-wp-style--right=\"state.imageButtonRight\"\n\t\t\tdata-wp-style--top=\"state.imageButtonTop\"\n\t\t>\n\t\t\t<svg xmlns=\"http:\/\/www.w3.org\/2000\/svg\" width=\"12\" height=\"12\" fill=\"none\" viewBox=\"0 0 12 12\">\n\t\t\t\t<path fill=\"#fff\" d=\"M2 0a2 2 0 0 0-2 2v2h1.5V2a.5.5 0 0 1 .5-.5h2V0H2Zm2 10.5H2a.5.5 0 0 1-.5-.5V8H0v2a2 2 0 0 0 2 2h2v-1.5ZM8 12v-1.5h2a.5.5 0 0 0 .5-.5V8H12v2a2 2 0 0 1-2 2H8Zm2-12a2 2 0 0 1 2 2v2h-1.5V2a.5.5 0 0 0-.5-.5H8V0h2Z\" \/>\n\t\t\t<\/svg>\n\t\t<\/button><figcaption class=\"wp-element-caption\">El ministro de Turismo, David Collado, visita el stand del Banco BHD<\/figcaption><\/figure>\n<\/div>\n\n\n<p>A trav\u00e9s de la unidad especializada de turismo de Banca Corporativa y Empresarial, el Banco BHD present\u00f3 una propuesta de valor diferenciada para el sector, en el evento desarrollado en Punta Cana, del 22 al 24 de abril.<\/p>\n\n\n\n<p>\u201cNuestro acompa\u00f1amiento abarca de manera integral a todos los actores del ecosistema tur\u00edstico en la Rep\u00fablica Dominicana, lo que nos permite contribuir a una industria m\u00e1s s\u00f3lida, competitiva y sostenible. Esta propuesta se fortalece con la integraci\u00f3n de los productos y servicios de las empresas que conforman el Centro Financiero BHD\u201d, explica Ariel P\u00e9rez, vicepresidente de Turismo y Servicios Conexos del Banco BHD.<\/p>\n\n\n<div class=\"wp-block-image\">\n<figure data-wp-context=\"{&quot;imageId&quot;:&quot;69f27a1ff3d75&quot;}\" data-wp-interactive=\"core\/image\" data-wp-key=\"69f27a1ff3d75\" class=\"aligncenter size-large wp-lightbox-container\"><img loading=\"lazy\" decoding=\"async\" width=\"1024\" height=\"683\" data-wp-class--hide=\"state.isContentHidden\" data-wp-class--show=\"state.isContentVisible\" data-wp-init=\"callbacks.setButtonStyles\" data-wp-on--click=\"actions.showLightbox\" data-wp-on--load=\"callbacks.setButtonStyles\" data-wp-on-window--resize=\"callbacks.setButtonStyles\" src=\"https:\/\/elmundodelosnegocios.com.do\/v1\/wp-content\/uploads\/2026\/04\/Los-ejecutivos-Pedro-Aevila-Guillermo-Meendez-Ariel-Peerez-y-Andrees-Abbott-presentes-en-DATE-2026-1024x683.jpg\" alt=\"\" class=\"wp-image-77772\" srcset=\"https:\/\/elmundodelosnegocios.com.do\/v1\/wp-content\/uploads\/2026\/04\/Los-ejecutivos-Pedro-Aevila-Guillermo-Meendez-Ariel-Peerez-y-Andrees-Abbott-presentes-en-DATE-2026-1024x683.jpg 1024w, https:\/\/elmundodelosnegocios.com.do\/v1\/wp-content\/uploads\/2026\/04\/Los-ejecutivos-Pedro-Aevila-Guillermo-Meendez-Ariel-Peerez-y-Andrees-Abbott-presentes-en-DATE-2026-300x200.jpg 300w, https:\/\/elmundodelosnegocios.com.do\/v1\/wp-content\/uploads\/2026\/04\/Los-ejecutivos-Pedro-Aevila-Guillermo-Meendez-Ariel-Peerez-y-Andrees-Abbott-presentes-en-DATE-2026-768x512.jpg 768w, https:\/\/elmundodelosnegocios.com.do\/v1\/wp-content\/uploads\/2026\/04\/Los-ejecutivos-Pedro-Aevila-Guillermo-Meendez-Ariel-Peerez-y-Andrees-Abbott-presentes-en-DATE-2026.jpg 1152w\" sizes=\"auto, (max-width: 1024px) 100vw, 1024px\" \/><button\n\t\t\tclass=\"lightbox-trigger\"\n\t\t\ttype=\"button\"\n\t\t\taria-haspopup=\"dialog\"\n\t\t\taria-label=\"Agrandar\"\n\t\t\tdata-wp-init=\"callbacks.initTriggerButton\"\n\t\t\tdata-wp-on--click=\"actions.showLightbox\"\n\t\t\tdata-wp-style--right=\"state.imageButtonRight\"\n\t\t\tdata-wp-style--top=\"state.imageButtonTop\"\n\t\t>\n\t\t\t<svg xmlns=\"http:\/\/www.w3.org\/2000\/svg\" width=\"12\" height=\"12\" fill=\"none\" viewBox=\"0 0 12 12\">\n\t\t\t\t<path fill=\"#fff\" d=\"M2 0a2 2 0 0 0-2 2v2h1.5V2a.5.5 0 0 1 .5-.5h2V0H2Zm2 10.5H2a.5.5 0 0 1-.5-.5V8H0v2a2 2 0 0 0 2 2h2v-1.5ZM8 12v-1.5h2a.5.5 0 0 0 .5-.5V8H12v2a2 2 0 0 1-2 2H8Zm2-12a2 2 0 0 1 2 2v2h-1.5V2a.5.5 0 0 0-.5-.5H8V0h2Z\" \/>\n\t\t\t<\/svg>\n\t\t<\/button><figcaption class=\"wp-element-caption\">Los ejecutivos Pedro A\u011bvila, Guillermo Me\u011bndez, Ariel Pe\u011brez y Andre\u011bs Abbott presentes en DATE 2026<\/figcaption><\/figure>\n<\/div>\n\n\n<p>La propuesta de valor incluye la asesor\u00eda de expertos en estructuraci\u00f3n de pr\u00e9stamos bilaterales y sindicados, financiamientos estructurados, leasing, asesor\u00eda en fusiones y adquisiciones,&nbsp;<em>sale and leaseback<\/em>&nbsp;y soluciones transaccionales y digitales.<\/p>\n\n\n\n<p>Guillermo M\u00e9ndez, vicepresidente ejecutivo de Banca Corporativa y Empresarial del Banco BHD, expresa que \u201cel turismo representa una columna vertebral para la econom\u00eda dominicana y una fuente permanente de progreso para nuestras comunidades. En el Banco BHD estamos comprometidos con su desarrollo sostenible y con brindar acompa\u00f1amiento financiero integral a todo el ecosistema de negocios de la industria tur\u00edstica\u201d.<\/p>\n\n\n\n<p>Destaca que, durante m\u00e1s de 20 a\u00f1os, BHD ha sido un aliado estrat\u00e9gico en el desarrollo de la infraestructura tur\u00edstica nacional, conectando a la Rep\u00fablica Dominicana con oportunidades de inversi\u00f3n local e internacional y acompa\u00f1ando el crecimiento sostenible de esta industria clave para la econom\u00eda.<\/p>\n\n\n\n<p>Actualmente, el turismo representa el 19 % de la cartera corporativa del Banco BHD, y uno de cada cinco d\u00f3lares prestados al sector tur\u00edstico en el pa\u00eds proviene de esta entidad financiera.<\/p>\n\n\n\n<p>En esta edici\u00f3n, la delegaci\u00f3n del Banco BHD en DATE 2026 estuvo encabezada por Guillermo M\u00e9ndez, vicepresidente ejecutivo de Banca Corporativa y Empresarial; Ariel P\u00e9rez, vicepresidente de Turismo y Servicios Conexos; Andr\u00e9s Abbott, segundo vicepresidente de Turismo y Servicios Conexos; as\u00ed como por&nbsp;ejecutivos de BHD International Bank Panam\u00e1.<\/p>\n","protected":false},"excerpt":{"rendered":"<p>Punta Cana. El Banco BHD particip\u00f3 en la vig\u00e9sima sexta edici\u00f3n del Dominican Annual Tourism Exchange (DATE) 2026, la feria tur\u00edstica anual m\u00e1s importante del pa\u00eds, organizada por la Asociaci\u00f3n&hellip; <\/p>\n","protected":false},"author":2,"featured_media":77774,"comment_status":"closed","ping_status":"closed","sticky":false,"template":"","format":"standard","meta":{"fifu_image_url":"https:\/\/elmundodelosnegocios.com.do\/v1\/wp-content\/uploads\/2026\/04\/El-ministro-de-Turismo-David-Collado-visita-el-stand-del-Banco-BHD.jpg","fifu_image_alt":"","footnotes":""},"categories":[172],"tags":[],"class_list":["post-77770","post","type-post","status-publish","format-standard","has-post-thumbnail","hentry","category-turismo"],"_links":{"self":[{"href":"https:\/\/elmundodelosnegocios.com.do\/v1\/wp-json\/wp\/v2\/posts\/77770","targetHints":{"allow":["GET"]}}],"collection":[{"href":"https:\/\/elmundodelosnegocios.com.do\/v1\/wp-json\/wp\/v2\/posts"}],"about":[{"href":"https:\/\/elmundodelosnegocios.com.do\/v1\/wp-json\/wp\/v2\/types\/post"}],"author":[{"embeddable":true,"href":"https:\/\/elmundodelosnegocios.com.do\/v1\/wp-json\/wp\/v2\/users\/2"}],"replies":[{"embeddable":true,"href":"https:\/\/elmundodelosnegocios.com.do\/v1\/wp-json\/wp\/v2\/comments?post=77770"}],"version-history":[{"count":1,"href":"https:\/\/elmundodelosnegocios.com.do\/v1\/wp-json\/wp\/v2\/posts\/77770\/revisions"}],"predecessor-version":[{"id":77773,"href":"https:\/\/elmundodelosnegocios.com.do\/v1\/wp-json\/wp\/v2\/posts\/77770\/revisions\/77773"}],"wp:featuredmedia":[{"embeddable":true,"href":"https:\/\/elmundodelosnegocios.com.do\/v1\/wp-json\/wp\/v2\/media\/77774"}],"wp:attachment":[{"href":"https:\/\/elmundodelosnegocios.com.do\/v1\/wp-json\/wp\/v2\/media?parent=77770"}],"wp:term":[{"taxonomy":"category","embeddable":true,"href":"https:\/\/elmundodelosnegocios.com.do\/v1\/wp-json\/wp\/v2\/categories?post=77770"},{"taxonomy":"post_tag","embeddable":true,"href":"https:\/\/elmundodelosnegocios.com.do\/v1\/wp-json\/wp\/v2\/tags?post=77770"}],"curies":[{"name":"wp","href":"https:\/\/api.w.org\/{rel}","templated":true}]}}