{"id":77796,"date":"2026-04-29T17:36:30","date_gmt":"2026-04-29T22:06:30","guid":{"rendered":"https:\/\/elmundodelosnegocios.com.do\/v1\/?p=77796"},"modified":"2026-04-29T17:36:31","modified_gmt":"2026-04-29T22:06:31","slug":"integra-rd-y-terpel-firman-acuerdo-para-fortalecer-la-inclusion-laboral","status":"publish","type":"post","link":"https:\/\/elmundodelosnegocios.com.do\/v1\/integra-rd-y-terpel-firman-acuerdo-para-fortalecer-la-inclusion-laboral\/","title":{"rendered":"Integra RD y Terpel firman acuerdo para fortalecer la\u00a0inclusi\u00f3n laboral"},"content":{"rendered":"<div class=\"wp-block-image\">\n<figure data-wp-context=\"{&quot;imageId&quot;:&quot;69f2a7c1bb2a3&quot;}\" data-wp-interactive=\"core\/image\" data-wp-key=\"69f2a7c1bb2a3\" class=\"aligncenter size-large wp-lightbox-container\"><img loading=\"lazy\" decoding=\"async\" width=\"1024\" height=\"682\" data-wp-class--hide=\"state.isContentHidden\" data-wp-class--show=\"state.isContentVisible\" data-wp-init=\"callbacks.setButtonStyles\" data-wp-on--click=\"actions.showLightbox\" data-wp-on--load=\"callbacks.setButtonStyles\" data-wp-on-window--resize=\"callbacks.setButtonStyles\" src=\"https:\/\/elmundodelosnegocios.com.do\/v1\/wp-content\/uploads\/2026\/04\/4dba350b-377c-4194-8f15-1d294c9f3c81-1024x682.jpeg\" alt=\"\" class=\"wp-image-77797\" srcset=\"https:\/\/elmundodelosnegocios.com.do\/v1\/wp-content\/uploads\/2026\/04\/4dba350b-377c-4194-8f15-1d294c9f3c81-1024x682.jpeg 1024w, https:\/\/elmundodelosnegocios.com.do\/v1\/wp-content\/uploads\/2026\/04\/4dba350b-377c-4194-8f15-1d294c9f3c81-300x200.jpeg 300w, https:\/\/elmundodelosnegocios.com.do\/v1\/wp-content\/uploads\/2026\/04\/4dba350b-377c-4194-8f15-1d294c9f3c81-768x512.jpeg 768w, https:\/\/elmundodelosnegocios.com.do\/v1\/wp-content\/uploads\/2026\/04\/4dba350b-377c-4194-8f15-1d294c9f3c81-1536x1023.jpeg 1536w, https:\/\/elmundodelosnegocios.com.do\/v1\/wp-content\/uploads\/2026\/04\/4dba350b-377c-4194-8f15-1d294c9f3c81.jpeg 1600w\" sizes=\"auto, (max-width: 1024px) 100vw, 1024px\" \/><button\n\t\t\tclass=\"lightbox-trigger\"\n\t\t\ttype=\"button\"\n\t\t\taria-haspopup=\"dialog\"\n\t\t\taria-label=\"Agrandar\"\n\t\t\tdata-wp-init=\"callbacks.initTriggerButton\"\n\t\t\tdata-wp-on--click=\"actions.showLightbox\"\n\t\t\tdata-wp-style--right=\"state.imageButtonRight\"\n\t\t\tdata-wp-style--top=\"state.imageButtonTop\"\n\t\t>\n\t\t\t<svg xmlns=\"http:\/\/www.w3.org\/2000\/svg\" width=\"12\" height=\"12\" fill=\"none\" viewBox=\"0 0 12 12\">\n\t\t\t\t<path fill=\"#fff\" d=\"M2 0a2 2 0 0 0-2 2v2h1.5V2a.5.5 0 0 1 .5-.5h2V0H2Zm2 10.5H2a.5.5 0 0 1-.5-.5V8H0v2a2 2 0 0 0 2 2h2v-1.5ZM8 12v-1.5h2a.5.5 0 0 0 .5-.5V8H12v2a2 2 0 0 1-2 2H8Zm2-12a2 2 0 0 1 2 2v2h-1.5V2a.5.5 0 0 0-.5-.5H8V0h2Z\" \/>\n\t\t\t<\/svg>\n\t\t<\/button><\/figure>\n<\/div>\n\n\n<p>SANTO DOMINGO, R.D. \u2013 En un paso decidido hacia la construcci\u00f3n de un mercado de trabajo m\u00e1s diverso y equitativo, la Fundaci\u00f3n Integra RD y la empresa Terpel firmaron este mi\u00e9rcoles 29 de abril un acuerdo de intenci\u00f3n de colaboraci\u00f3n estrat\u00e9gica.&nbsp;&nbsp;<br><br>Este acuerdo marca la intenci\u00f3n de Terpel en participar en la \u201cRed de Empresas Inclusivas\u201d, un ecosistema impulsado por la Fundaci\u00f3n Integra RD para derribar las barreras de acceso al trabajo que enfrentan personas en situaci\u00f3n de vulnerabilidad y con discapacidad.<br><br>Yhamminha Dickson, Herelyz Leiva Garcia y Juan Tom\u00e1s D\u00edaz Infante, miembros de la Junta Directiva de Fundaci\u00f3n Integra RD, destacaron la relevancia de sumar aliados con la trayectoria de Terpel: \u201cNuestra misi\u00f3n es transformar vidas a trav\u00e9s del trabajo digno. Al integrar a empresas l\u00edderes en nuestra red, no solo generamos oportunidades reales, sino que enviamos un mensaje potente sobre la competitividad que aporta la diversidad al sector empresarial dominicano\u201d.<br><br>Por parte de Terpel, el evento cont\u00f3 con la participaci\u00f3n de Liliana Tovar, VP de Aviaci\u00f3n y Marinos; Johand Pati\u00f1o, VP Comercial; e Ivan Henao, Gerente Pa\u00eds. Con este paso, la empresa reafirma su compromiso con la Responsabilidad Social y su voluntad de actuar como un agente de cambio sostenible en el pa\u00eds. El acuerdo contempla la posibilidad de contrataciones de las poblaciones que impulsa la fundaci\u00f3n, voluntariado corporativo, apoyo t\u00e9cnico y programas de sensibilizaci\u00f3n que garanticen una integraci\u00f3n efectiva y duradera de los nuevos talentos.<br><br>Un frente com\u00fan por la inclusi\u00f3n<\/p>\n\n\n\n<p>Con esta firma la Fundaci\u00f3n Integra RD contin\u00faa expandiendo su red de colaboraci\u00f3n, reafirmando que la inclusi\u00f3n laboral no es solo un acto de justicia social, sino un motor de innovaci\u00f3n para el desarrollo nacional.<\/p>\n\n\n\n<p>Sobre Fundaci\u00f3n Integra RD:<\/p>\n\n\n\n<p>Instituci\u00f3n dedicada a la integraci\u00f3n sociolaboral de personas con discapacidad y\/o poblaciones en situaci\u00f3n de vulnerabilidad,<\/p>\n\n\n\n<p>Sobre Terpel:<br>Empresa l\u00edder en el sector de combustibles y servicios, comprometida con el desarrollo sostenible y la generaci\u00f3n de valor compartido en las comunidades donde opera. Tiene presencia en Colombia, Chile, Panam\u00e1 y Rep\u00fablica Dominicana.<\/p>\n","protected":false},"excerpt":{"rendered":"<p>SANTO DOMINGO, R.D. \u2013 En un paso decidido hacia la construcci\u00f3n de un mercado de trabajo m\u00e1s diverso y equitativo, la Fundaci\u00f3n Integra RD y la empresa Terpel firmaron este&hellip; <\/p>\n","protected":false},"author":2,"featured_media":77799,"comment_status":"closed","ping_status":"closed","sticky":false,"template":"","format":"standard","meta":{"fifu_image_url":"https:\/\/elmundodelosnegocios.com.do\/v1\/wp-content\/uploads\/2026\/04\/4dba350b-377c-4194-8f15-1d294c9f3c81.jpeg","fifu_image_alt":"","footnotes":""},"categories":[275],"tags":[],"class_list":["post-77796","post","type-post","status-publish","format-standard","has-post-thumbnail","hentry","category-empresarial"],"_links":{"self":[{"href":"https:\/\/elmundodelosnegocios.com.do\/v1\/wp-json\/wp\/v2\/posts\/77796","targetHints":{"allow":["GET"]}}],"collection":[{"href":"https:\/\/elmundodelosnegocios.com.do\/v1\/wp-json\/wp\/v2\/posts"}],"about":[{"href":"https:\/\/elmundodelosnegocios.com.do\/v1\/wp-json\/wp\/v2\/types\/post"}],"author":[{"embeddable":true,"href":"https:\/\/elmundodelosnegocios.com.do\/v1\/wp-json\/wp\/v2\/users\/2"}],"replies":[{"embeddable":true,"href":"https:\/\/elmundodelosnegocios.com.do\/v1\/wp-json\/wp\/v2\/comments?post=77796"}],"version-history":[{"count":1,"href":"https:\/\/elmundodelosnegocios.com.do\/v1\/wp-json\/wp\/v2\/posts\/77796\/revisions"}],"predecessor-version":[{"id":77798,"href":"https:\/\/elmundodelosnegocios.com.do\/v1\/wp-json\/wp\/v2\/posts\/77796\/revisions\/77798"}],"wp:featuredmedia":[{"embeddable":true,"href":"https:\/\/elmundodelosnegocios.com.do\/v1\/wp-json\/wp\/v2\/media\/77799"}],"wp:attachment":[{"href":"https:\/\/elmundodelosnegocios.com.do\/v1\/wp-json\/wp\/v2\/media?parent=77796"}],"wp:term":[{"taxonomy":"category","embeddable":true,"href":"https:\/\/elmundodelosnegocios.com.do\/v1\/wp-json\/wp\/v2\/categories?post=77796"},{"taxonomy":"post_tag","embeddable":true,"href":"https:\/\/elmundodelosnegocios.com.do\/v1\/wp-json\/wp\/v2\/tags?post=77796"}],"curies":[{"name":"wp","href":"https:\/\/api.w.org\/{rel}","templated":true}]}}