{"id":77810,"date":"2026-04-30T05:16:46","date_gmt":"2026-04-30T09:46:46","guid":{"rendered":"https:\/\/elmundodelosnegocios.com.do\/v1\/?p=77810"},"modified":"2026-04-30T05:16:47","modified_gmt":"2026-04-30T09:46:47","slug":"valora-aei-aprobacion-ley-regula-intermediacion-inmobiliaria","status":"publish","type":"post","link":"https:\/\/elmundodelosnegocios.com.do\/v1\/valora-aei-aprobacion-ley-regula-intermediacion-inmobiliaria\/","title":{"rendered":"Valora AEI aprobaci\u00f3n ley regula intermediaci\u00f3n inmobiliaria"},"content":{"rendered":"\n<p>La Asociaci\u00f3n de Agentes y Empresas Inmobiliarias de la Rep\u00fablica Dominicana (AEI) valora como un paso trascendental la aprobaci\u00f3n en primera lectura del proyecto de ley que regula la intermediaci\u00f3n inmobiliaria, una iniciativa impulsada por el sector para fortalecer la transparencia, la seguridad jur\u00eddica y la confianza en el mercado inmobiliario nacional.<\/p>\n\n\n\n<figure data-wp-context=\"{&quot;imageId&quot;:&quot;69f351c2038fb&quot;}\" data-wp-interactive=\"core\/image\" data-wp-key=\"69f351c2038fb\" class=\"wp-block-image size-large wp-lightbox-container\"><img loading=\"lazy\" decoding=\"async\" width=\"1024\" height=\"682\" data-wp-class--hide=\"state.isContentHidden\" data-wp-class--show=\"state.isContentVisible\" data-wp-init=\"callbacks.setButtonStyles\" data-wp-on--click=\"actions.showLightbox\" data-wp-on--load=\"callbacks.setButtonStyles\" data-wp-on-window--resize=\"callbacks.setButtonStyles\" src=\"https:\/\/elmundodelosnegocios.com.do\/v1\/wp-content\/uploads\/2026\/04\/unnamed-1-1024x682.png\" alt=\"\" class=\"wp-image-77811\" srcset=\"https:\/\/elmundodelosnegocios.com.do\/v1\/wp-content\/uploads\/2026\/04\/unnamed-1-1024x682.png 1024w, https:\/\/elmundodelosnegocios.com.do\/v1\/wp-content\/uploads\/2026\/04\/unnamed-1-300x200.png 300w, https:\/\/elmundodelosnegocios.com.do\/v1\/wp-content\/uploads\/2026\/04\/unnamed-1-768x512.png 768w, https:\/\/elmundodelosnegocios.com.do\/v1\/wp-content\/uploads\/2026\/04\/unnamed-1.png 1469w\" sizes=\"auto, (max-width: 1024px) 100vw, 1024px\" \/><button\n\t\t\tclass=\"lightbox-trigger\"\n\t\t\ttype=\"button\"\n\t\t\taria-haspopup=\"dialog\"\n\t\t\taria-label=\"Agrandar\"\n\t\t\tdata-wp-init=\"callbacks.initTriggerButton\"\n\t\t\tdata-wp-on--click=\"actions.showLightbox\"\n\t\t\tdata-wp-style--right=\"state.imageButtonRight\"\n\t\t\tdata-wp-style--top=\"state.imageButtonTop\"\n\t\t>\n\t\t\t<svg xmlns=\"http:\/\/www.w3.org\/2000\/svg\" width=\"12\" height=\"12\" fill=\"none\" viewBox=\"0 0 12 12\">\n\t\t\t\t<path fill=\"#fff\" d=\"M2 0a2 2 0 0 0-2 2v2h1.5V2a.5.5 0 0 1 .5-.5h2V0H2Zm2 10.5H2a.5.5 0 0 1-.5-.5V8H0v2a2 2 0 0 0 2 2h2v-1.5ZM8 12v-1.5h2a.5.5 0 0 0 .5-.5V8H12v2a2 2 0 0 1-2 2H8Zm2-12a2 2 0 0 1 2 2v2h-1.5V2a.5.5 0 0 0-.5-.5H8V0h2Z\" \/>\n\t\t\t<\/svg>\n\t\t<\/button><\/figure>\n\n\n\n<p>Alberto Bogaert, presidente de la AEI, expres\u00f3 su agradecimiento al Senado de la Rep\u00fablica Dominicana por haber respaldado esta propuesta, destacando el compromiso demostrado con una normativa que busca proteger tanto a inversionistas como a las familias dominicanas que adquieren su vivienda.<\/p>\n\n\n\n<p>\u201cEste avance representa un logro significativo para todo el sector inmobiliario organizado, fruto de a\u00f1os de trabajo, di\u00e1logo y consenso. Confiamos en que el proceso legislativo continuar\u00e1 avanzando en su segunda lectura y etapas subsiguientes hasta lograr su aprobaci\u00f3n definitiva\u201d, se\u00f1al\u00f3 Bogaert.<\/p>\n\n\n\n<p>La aprobaci\u00f3n en primera lectura marca el inicio de una etapa clave en el proceso legislativo, reiterando la importancia de continuar impulsando este proyecto, que contribuir\u00e1 al desarrollo ordenado del mercado, la protecci\u00f3n del consumidor y el fortalecimiento institucional del pa\u00eds.<\/p>\n\n\n\n<p>Asimismo, la AEI reafirma su disposici\u00f3n de seguir colaborando con las autoridades y actores involucrados, aportando su experiencia y conocimiento t\u00e9cnico para lograr una ley robusta, equilibrada y efectiva.<\/p>\n\n\n\n<p>Este avance constituye un hito para el sector inmobiliario dominicano y refuerza el compromiso de la AEI con la profesionalizaci\u00f3n, la \u00e9tica y la transparencia en la intermediaci\u00f3n inmobiliaria.<\/p>\n","protected":false},"excerpt":{"rendered":"<p>La Asociaci\u00f3n de Agentes y Empresas Inmobiliarias de la Rep\u00fablica Dominicana (AEI) valora como un paso trascendental la aprobaci\u00f3n en primera lectura del proyecto de ley que regula la intermediaci\u00f3n&hellip; <\/p>\n","protected":false},"author":2,"featured_media":77813,"comment_status":"closed","ping_status":"closed","sticky":false,"template":"","format":"standard","meta":{"fifu_image_url":"https:\/\/elmundodelosnegocios.com.do\/v1\/wp-content\/uploads\/2026\/04\/unnamed-1.png","fifu_image_alt":"","footnotes":""},"categories":[91],"tags":[],"class_list":["post-77810","post","type-post","status-publish","format-standard","has-post-thumbnail","hentry","category-bienes-raices"],"_links":{"self":[{"href":"https:\/\/elmundodelosnegocios.com.do\/v1\/wp-json\/wp\/v2\/posts\/77810","targetHints":{"allow":["GET"]}}],"collection":[{"href":"https:\/\/elmundodelosnegocios.com.do\/v1\/wp-json\/wp\/v2\/posts"}],"about":[{"href":"https:\/\/elmundodelosnegocios.com.do\/v1\/wp-json\/wp\/v2\/types\/post"}],"author":[{"embeddable":true,"href":"https:\/\/elmundodelosnegocios.com.do\/v1\/wp-json\/wp\/v2\/users\/2"}],"replies":[{"embeddable":true,"href":"https:\/\/elmundodelosnegocios.com.do\/v1\/wp-json\/wp\/v2\/comments?post=77810"}],"version-history":[{"count":1,"href":"https:\/\/elmundodelosnegocios.com.do\/v1\/wp-json\/wp\/v2\/posts\/77810\/revisions"}],"predecessor-version":[{"id":77812,"href":"https:\/\/elmundodelosnegocios.com.do\/v1\/wp-json\/wp\/v2\/posts\/77810\/revisions\/77812"}],"wp:featuredmedia":[{"embeddable":true,"href":"https:\/\/elmundodelosnegocios.com.do\/v1\/wp-json\/wp\/v2\/media\/77813"}],"wp:attachment":[{"href":"https:\/\/elmundodelosnegocios.com.do\/v1\/wp-json\/wp\/v2\/media?parent=77810"}],"wp:term":[{"taxonomy":"category","embeddable":true,"href":"https:\/\/elmundodelosnegocios.com.do\/v1\/wp-json\/wp\/v2\/categories?post=77810"},{"taxonomy":"post_tag","embeddable":true,"href":"https:\/\/elmundodelosnegocios.com.do\/v1\/wp-json\/wp\/v2\/tags?post=77810"}],"curies":[{"name":"wp","href":"https:\/\/api.w.org\/{rel}","templated":true}]}}