{"id":77814,"date":"2026-04-30T05:19:50","date_gmt":"2026-04-30T09:49:50","guid":{"rendered":"https:\/\/elmundodelosnegocios.com.do\/v1\/?p=77814"},"modified":"2026-04-30T05:19:51","modified_gmt":"2026-04-30T09:49:51","slug":"sellan-alianza-conep-y-ecored-fortalecer-la-conducta-empresarial-responsable","status":"publish","type":"post","link":"https:\/\/elmundodelosnegocios.com.do\/v1\/sellan-alianza-conep-y-ecored-fortalecer-la-conducta-empresarial-responsable\/","title":{"rendered":"Sellan alianza CONEP y ECORED fortalecer la conducta empresarial responsable"},"content":{"rendered":"\n<p><em>Las instituciones firmaron un memorando de entendimiento para promover la Plataforma de Conducta Empresarial Responsable (CER)<\/em><\/p>\n\n\n\n<p><strong>Santo Domingo, abril de 2026. \u2014<\/strong>&nbsp; El Consejo Nacional de la Empresa Privada (CONEP) y la Red Nacional de Apoyo Empresarial a la Protecci\u00f3n Ambiental (ECORED) suscribieron un memor\u00e1ndum de entendimiento para promover conjuntamente la plataforma de Conducta Empresarial Responsable (CER) y ampliar su alcance en el ecosistema empresarial dominicano.<\/p>\n\n\n<div class=\"wp-block-image\">\n<figure data-wp-context=\"{&quot;imageId&quot;:&quot;69f351a36e4e3&quot;}\" data-wp-interactive=\"core\/image\" data-wp-key=\"69f351a36e4e3\" class=\"aligncenter size-large wp-lightbox-container\"><img loading=\"lazy\" decoding=\"async\" width=\"1024\" height=\"683\" data-wp-class--hide=\"state.isContentHidden\" data-wp-class--show=\"state.isContentVisible\" data-wp-init=\"callbacks.setButtonStyles\" data-wp-on--click=\"actions.showLightbox\" data-wp-on--load=\"callbacks.setButtonStyles\" data-wp-on-window--resize=\"callbacks.setButtonStyles\" src=\"https:\/\/elmundodelosnegocios.com.do\/v1\/wp-content\/uploads\/2026\/04\/Celso-Juan-Marranzini-y-Christy-Luciano-1024x683.jpg\" alt=\"\" class=\"wp-image-77815\" srcset=\"https:\/\/elmundodelosnegocios.com.do\/v1\/wp-content\/uploads\/2026\/04\/Celso-Juan-Marranzini-y-Christy-Luciano-1024x683.jpg 1024w, https:\/\/elmundodelosnegocios.com.do\/v1\/wp-content\/uploads\/2026\/04\/Celso-Juan-Marranzini-y-Christy-Luciano-300x200.jpg 300w, https:\/\/elmundodelosnegocios.com.do\/v1\/wp-content\/uploads\/2026\/04\/Celso-Juan-Marranzini-y-Christy-Luciano-768x512.jpg 768w, https:\/\/elmundodelosnegocios.com.do\/v1\/wp-content\/uploads\/2026\/04\/Celso-Juan-Marranzini-y-Christy-Luciano-1536x1024.jpg 1536w, https:\/\/elmundodelosnegocios.com.do\/v1\/wp-content\/uploads\/2026\/04\/Celso-Juan-Marranzini-y-Christy-Luciano.jpg 2048w\" sizes=\"auto, (max-width: 1024px) 100vw, 1024px\" \/><button\n\t\t\tclass=\"lightbox-trigger\"\n\t\t\ttype=\"button\"\n\t\t\taria-haspopup=\"dialog\"\n\t\t\taria-label=\"Agrandar\"\n\t\t\tdata-wp-init=\"callbacks.initTriggerButton\"\n\t\t\tdata-wp-on--click=\"actions.showLightbox\"\n\t\t\tdata-wp-style--right=\"state.imageButtonRight\"\n\t\t\tdata-wp-style--top=\"state.imageButtonTop\"\n\t\t>\n\t\t\t<svg xmlns=\"http:\/\/www.w3.org\/2000\/svg\" width=\"12\" height=\"12\" fill=\"none\" viewBox=\"0 0 12 12\">\n\t\t\t\t<path fill=\"#fff\" d=\"M2 0a2 2 0 0 0-2 2v2h1.5V2a.5.5 0 0 1 .5-.5h2V0H2Zm2 10.5H2a.5.5 0 0 1-.5-.5V8H0v2a2 2 0 0 0 2 2h2v-1.5ZM8 12v-1.5h2a.5.5 0 0 0 .5-.5V8H12v2a2 2 0 0 1-2 2H8Zm2-12a2 2 0 0 1 2 2v2h-1.5V2a.5.5 0 0 0-.5-.5H8V0h2Z\" \/>\n\t\t\t<\/svg>\n\t\t<\/button><figcaption class=\"wp-element-caption\">Celso Juan Marranzini y Christy Luciano<\/figcaption><\/figure>\n<\/div>\n\n\n<p>La alianza busca articular las capacidades t\u00e9cnicas, redes y recursos de ambas instituciones para elevar los est\u00e1ndares del sector privado, fortaleciendo una cultura empresarial basada en la integridad, la \u00e9tica y la mejora continua.<\/p>\n\n\n<div class=\"wp-block-image\">\n<figure data-wp-context=\"{&quot;imageId&quot;:&quot;69f351a36e7c6&quot;}\" data-wp-interactive=\"core\/image\" data-wp-key=\"69f351a36e7c6\" class=\"aligncenter size-large wp-lightbox-container\"><img loading=\"lazy\" decoding=\"async\" width=\"1024\" height=\"683\" data-wp-class--hide=\"state.isContentHidden\" data-wp-class--show=\"state.isContentVisible\" data-wp-init=\"callbacks.setButtonStyles\" data-wp-on--click=\"actions.showLightbox\" data-wp-on--load=\"callbacks.setButtonStyles\" data-wp-on-window--resize=\"callbacks.setButtonStyles\" src=\"https:\/\/elmundodelosnegocios.com.do\/v1\/wp-content\/uploads\/2026\/04\/Firma-Celso-Juan-Marranzini-y-Christy-Luciano-1024x683.jpg\" alt=\"\" class=\"wp-image-77816\" srcset=\"https:\/\/elmundodelosnegocios.com.do\/v1\/wp-content\/uploads\/2026\/04\/Firma-Celso-Juan-Marranzini-y-Christy-Luciano-1024x683.jpg 1024w, https:\/\/elmundodelosnegocios.com.do\/v1\/wp-content\/uploads\/2026\/04\/Firma-Celso-Juan-Marranzini-y-Christy-Luciano-300x200.jpg 300w, https:\/\/elmundodelosnegocios.com.do\/v1\/wp-content\/uploads\/2026\/04\/Firma-Celso-Juan-Marranzini-y-Christy-Luciano-768x512.jpg 768w, https:\/\/elmundodelosnegocios.com.do\/v1\/wp-content\/uploads\/2026\/04\/Firma-Celso-Juan-Marranzini-y-Christy-Luciano-1536x1024.jpg 1536w, https:\/\/elmundodelosnegocios.com.do\/v1\/wp-content\/uploads\/2026\/04\/Firma-Celso-Juan-Marranzini-y-Christy-Luciano.jpg 2048w\" sizes=\"auto, (max-width: 1024px) 100vw, 1024px\" \/><button\n\t\t\tclass=\"lightbox-trigger\"\n\t\t\ttype=\"button\"\n\t\t\taria-haspopup=\"dialog\"\n\t\t\taria-label=\"Agrandar\"\n\t\t\tdata-wp-init=\"callbacks.initTriggerButton\"\n\t\t\tdata-wp-on--click=\"actions.showLightbox\"\n\t\t\tdata-wp-style--right=\"state.imageButtonRight\"\n\t\t\tdata-wp-style--top=\"state.imageButtonTop\"\n\t\t>\n\t\t\t<svg xmlns=\"http:\/\/www.w3.org\/2000\/svg\" width=\"12\" height=\"12\" fill=\"none\" viewBox=\"0 0 12 12\">\n\t\t\t\t<path fill=\"#fff\" d=\"M2 0a2 2 0 0 0-2 2v2h1.5V2a.5.5 0 0 1 .5-.5h2V0H2Zm2 10.5H2a.5.5 0 0 1-.5-.5V8H0v2a2 2 0 0 0 2 2h2v-1.5ZM8 12v-1.5h2a.5.5 0 0 0 .5-.5V8H12v2a2 2 0 0 1-2 2H8Zm2-12a2 2 0 0 1 2 2v2h-1.5V2a.5.5 0 0 0-.5-.5H8V0h2Z\" \/>\n\t\t\t<\/svg>\n\t\t<\/button><figcaption class=\"wp-element-caption\">Firma Celso Juan Marranzini y Christy Luciano<\/figcaption><\/figure>\n<\/div>\n\n\n<p>CER<strong>&nbsp;<\/strong>es una herramienta de registro voluntario que permite a las empresas evaluar su desempe\u00f1o en materia de cumplimiento e integridad. A trav\u00e9s de un autodiagn\u00f3stico sencillo y pr\u00e1ctico, las organizaciones pueden identificar fortalezas, oportunidades de mejora y tomar acciones para elevar sus est\u00e1ndares internos.<\/p>\n\n\n\n<p>\u201cEsta alianza nace de una convicci\u00f3n compartida: que el sector privado tiene un rol protag\u00f3nico en la construcci\u00f3n de un pa\u00eds m\u00e1s \u00e9tico, transparente y sostenible\u201d, afirm\u00f3 Celso Juan Marranzini, presidente del CONEP.<\/p>\n\n\n\n<p>Mientras que la presidenta de ECORED, Christy Luciano, destac\u00f3 que esta alianza entre gremios refuerza el compromiso de impulsar una aut\u00e9ntica y cre\u00edble sostenibilidad desde la Conducta Empresarial Responsable. \u201cNo se trata solo de qu\u00e9 hacemos como empresas, sino de c\u00f3mo lo hacemos: con \u00e9tica, transparencia y respeto por las personas, el entorno y las reglas del mercado, elevando los est\u00e1ndares del sector y fortaleciendo la confianza necesaria para un desarrollo econ\u00f3mico sostenible\u201d.<\/p>\n\n\n\n<p>Por su parte, ECORED desempe\u00f1ar\u00e1 un rol t\u00e9cnico articulador, aportando herramientas, conocimientos, buenas pr\u00e1cticas y est\u00e1ndares al servicio de las empresas para avanzar de manera conjunta hacia modelos de negocio m\u00e1s \u00e9ticos, competitivos y alineados con el desarrollo sostenible del pa\u00eds.<\/p>\n\n\n\n<p>El CONEP asumi\u00f3 la conducta empresarial responsable como eje estrat\u00e9gico institucional desde su D\u00e9cima Convenci\u00f3n Empresarial, y que la Plataforma CER fue creada como espacio multisectorial para la promoci\u00f3n de programas de integridad y transparencia alineados con est\u00e1ndares internacionales.<\/p>\n\n\n\n<p><strong>Sobre el acuerdo<\/strong><\/p>\n\n\n\n<p>El acuerdo contempla tres grandes \u00e1reas de colaboraci\u00f3n. En materia de fortalecimiento de la Plataforma CER, ECORED aportar\u00e1 gu\u00edas, manuales, herramientas t\u00e9cnicas, modelos de pol\u00edticas y procedimientos, as\u00ed como su red de aliados nacionales e internacionales. El CONEP integrar\u00e1 dichos recursos en la plataforma con el reconocimiento institucional correspondiente y facilitar\u00e1 la participaci\u00f3n de empresas y gremios asociados.<\/p>\n\n\n\n<p>En el \u00e1rea de formaci\u00f3n y desarrollo de capacidades, ambas organizaciones desarrollar\u00e1n conjuntamente programas dirigidos a empresas en materias como cumplimiento normativo, \u00e9tica empresarial, prevenci\u00f3n de riesgos, debida diligencia, sostenibilidad y derechos humanos empresariales.&nbsp;<\/p>\n\n\n\n<p>Finalmente, en di\u00e1logo multisectorial y posicionamiento, las partes promover\u00e1n espacios que involucren al sector privado, la sociedad civil, la academia y organismos internacionales en torno a la agenda de conducta empresarial responsable, adem\u00e1s de identificar y difundir casos de \u00e9xito y buenas pr\u00e1cticas del empresariado dominicano.<\/p>\n\n\n\n<p><strong>Sobre el CONEP<\/strong><\/p>\n\n\n\n<p>El Consejo Nacional de la Empresa Privada (CONEP) es el principal espacio de convergencia del sector privado de la Rep\u00fablica Dominicana. Agrupa a los gremios de todos los sectores productivos y representa a empresas de todos los tama\u00f1os, articulando sus visiones y esfuerzos en favor de un entorno propicio para la inversi\u00f3n, la competitividad y el desarrollo sostenible del pa\u00eds.<\/p>\n\n\n\n<p><strong>Sobre Ecored<\/strong><\/p>\n\n\n\n<p>Ecored, la Red Nacional de Apoyo Empresarial a la Protecci\u00f3n Ambiental, es la \u00fanica asociaci\u00f3n empresarial en Rep\u00fablica Dominicana referente en el impulso de la conservaci\u00f3n del medio ambiente y la sostenibilidad, agrupando a m\u00e1s de 100 empresas de diversos sectores productivos. A trav\u00e9s de alianzas p\u00fablico-privadas, trabaja para lograr un equilibrio entre desarrollo econ\u00f3mico, social y ambiental, convirti\u00e9ndola en un articulador clave entre el sector productivo, las pol\u00edticas p\u00fablicas y los objetivos ambientales.<\/p>\n","protected":false},"excerpt":{"rendered":"<p>Las instituciones firmaron un memorando de entendimiento para promover la Plataforma de Conducta Empresarial Responsable (CER) Santo Domingo, abril de 2026. \u2014&nbsp; El Consejo Nacional de la Empresa Privada (CONEP)&hellip; <\/p>\n","protected":false},"author":2,"featured_media":77818,"comment_status":"closed","ping_status":"closed","sticky":false,"template":"","format":"standard","meta":{"fifu_image_url":"https:\/\/elmundodelosnegocios.com.do\/v1\/wp-content\/uploads\/2026\/04\/Celso-Juan-Marranzini-y-Christy-Luciano.jpg","fifu_image_alt":"","footnotes":""},"categories":[83],"tags":[],"class_list":["post-77814","post","type-post","status-publish","format-standard","has-post-thumbnail","hentry","category-empresariales-empresariales"],"_links":{"self":[{"href":"https:\/\/elmundodelosnegocios.com.do\/v1\/wp-json\/wp\/v2\/posts\/77814","targetHints":{"allow":["GET"]}}],"collection":[{"href":"https:\/\/elmundodelosnegocios.com.do\/v1\/wp-json\/wp\/v2\/posts"}],"about":[{"href":"https:\/\/elmundodelosnegocios.com.do\/v1\/wp-json\/wp\/v2\/types\/post"}],"author":[{"embeddable":true,"href":"https:\/\/elmundodelosnegocios.com.do\/v1\/wp-json\/wp\/v2\/users\/2"}],"replies":[{"embeddable":true,"href":"https:\/\/elmundodelosnegocios.com.do\/v1\/wp-json\/wp\/v2\/comments?post=77814"}],"version-history":[{"count":1,"href":"https:\/\/elmundodelosnegocios.com.do\/v1\/wp-json\/wp\/v2\/posts\/77814\/revisions"}],"predecessor-version":[{"id":77817,"href":"https:\/\/elmundodelosnegocios.com.do\/v1\/wp-json\/wp\/v2\/posts\/77814\/revisions\/77817"}],"wp:featuredmedia":[{"embeddable":true,"href":"https:\/\/elmundodelosnegocios.com.do\/v1\/wp-json\/wp\/v2\/media\/77818"}],"wp:attachment":[{"href":"https:\/\/elmundodelosnegocios.com.do\/v1\/wp-json\/wp\/v2\/media?parent=77814"}],"wp:term":[{"taxonomy":"category","embeddable":true,"href":"https:\/\/elmundodelosnegocios.com.do\/v1\/wp-json\/wp\/v2\/categories?post=77814"},{"taxonomy":"post_tag","embeddable":true,"href":"https:\/\/elmundodelosnegocios.com.do\/v1\/wp-json\/wp\/v2\/tags?post=77814"}],"curies":[{"name":"wp","href":"https:\/\/api.w.org\/{rel}","templated":true}]}}