{"id":7783,"date":"2021-07-06T09:56:24","date_gmt":"2021-07-06T14:26:24","guid":{"rendered":"http:\/\/elmundodelosnegocios.com.do\/v1\/?p=7783"},"modified":"2021-07-06T09:56:24","modified_gmt":"2021-07-06T14:26:24","slug":"macarrulla-sabater-considera-injuriosa-campana-mediatica","status":"publish","type":"post","link":"https:\/\/elmundodelosnegocios.com.do\/v1\/macarrulla-sabater-considera-injuriosa-campana-mediatica\/","title":{"rendered":"Macarrulla Sabater considera injuriosa campana medi\u00e1tica"},"content":{"rendered":"<p>Santo Domingo, R.D. Julio 6, 2021.- El licenciado Lisandro Macarrulla, Ministro de la Presidencia y Presidente del Grupo MAC, denunci\u00f3 que est\u00e1 siendo objeto de una sistem\u00e1tica campa\u00f1a de difamaci\u00f3n e injuria, mediante acusaciones falsas para involucrar a la empresa de su familia en operaciones fraudulentas vinculadas a la construcci\u00f3n de la nueva c\u00e1rcel sustituta de La Victoria.<\/p>\n<p>Declar\u00f3 que esa campa\u00f1a de descr\u00e9dito ha sido financiada y ejecutada por sectores pol\u00edticos interesados en empa\u00f1ar la gesti\u00f3n que realiza el gobierno, y que instrumentalizando las leg\u00edtimas aspiraciones de justicia que tiene la sociedad dominicana, quieren generar un clima de distracci\u00f3n medi\u00e1tica que desv\u00ede la atenci\u00f3n ciudadana de la lucha contra la corrupci\u00f3n que realiza la Procuradur\u00eda General de la Rep\u00fablica.<\/p>\n<p>Asegur\u00f3 que a lo largo de su vida, todas sus actuaciones p\u00fablicas y privadas han sido hechas con transparencia, verticalidad y honradez, y que con esos mismos principios se manejan las empresas de su familia. Asimismo manifest\u00f3 que est\u00e1 dispuesto a someterse a cualquier escrutinio en ese sentido.<\/p>\n<p>\u201cPor a\u00f1os, he servido a mi pa\u00eds como empresario comprometido con los mejores intereses de la naci\u00f3n y no permitir\u00e9 que sectores pol\u00edticos interesados en da\u00f1ar y empa\u00f1ar la gran obra de gobierno del presidente Luis Abinader desmeriten y pongan en entredicho mi dignidad y honorabilidad\u00bb inform\u00f3 el ex Presidente del CONEP.<\/p>\n<p>\u201cEstoy dispuesto a demostrar las calumnias en el terreno de la legalidad y el debido proceso, que los rumores que han sido vertidos en mi contra en los \u00faltimos d\u00edas son absolutamente falaces y no podr\u00e1n mancillar, como se pretende, mi honor y el de mi familia, ni desestabilizar el rectil\u00edneo curso de la transparencia y la decencia del Gobierno Constitucional de nuestra Rep\u00fablica\u201d, expres\u00f3 el reconocido empresario.<\/p>\n","protected":false},"excerpt":{"rendered":"<p>Santo Domingo, R.D. Julio 6, 2021.- El licenciado Lisandro Macarrulla, Ministro de la Presidencia y Presidente del Grupo MAC, denunci\u00f3 que est\u00e1 siendo objeto de una sistem\u00e1tica campa\u00f1a de difamaci\u00f3n&hellip; <\/p>\n","protected":false},"author":2,"featured_media":7784,"comment_status":"open","ping_status":"open","sticky":false,"template":"","format":"standard","meta":{"fifu_image_url":"","fifu_image_alt":"","footnotes":""},"categories":[83],"tags":[],"class_list":["post-7783","post","type-post","status-publish","format-standard","has-post-thumbnail","hentry","category-empresariales-empresariales"],"_links":{"self":[{"href":"https:\/\/elmundodelosnegocios.com.do\/v1\/wp-json\/wp\/v2\/posts\/7783","targetHints":{"allow":["GET"]}}],"collection":[{"href":"https:\/\/elmundodelosnegocios.com.do\/v1\/wp-json\/wp\/v2\/posts"}],"about":[{"href":"https:\/\/elmundodelosnegocios.com.do\/v1\/wp-json\/wp\/v2\/types\/post"}],"author":[{"embeddable":true,"href":"https:\/\/elmundodelosnegocios.com.do\/v1\/wp-json\/wp\/v2\/users\/2"}],"replies":[{"embeddable":true,"href":"https:\/\/elmundodelosnegocios.com.do\/v1\/wp-json\/wp\/v2\/comments?post=7783"}],"version-history":[{"count":0,"href":"https:\/\/elmundodelosnegocios.com.do\/v1\/wp-json\/wp\/v2\/posts\/7783\/revisions"}],"wp:featuredmedia":[{"embeddable":true,"href":"https:\/\/elmundodelosnegocios.com.do\/v1\/wp-json\/wp\/v2\/media\/7784"}],"wp:attachment":[{"href":"https:\/\/elmundodelosnegocios.com.do\/v1\/wp-json\/wp\/v2\/media?parent=7783"}],"wp:term":[{"taxonomy":"category","embeddable":true,"href":"https:\/\/elmundodelosnegocios.com.do\/v1\/wp-json\/wp\/v2\/categories?post=7783"},{"taxonomy":"post_tag","embeddable":true,"href":"https:\/\/elmundodelosnegocios.com.do\/v1\/wp-json\/wp\/v2\/tags?post=7783"}],"curies":[{"name":"wp","href":"https:\/\/api.w.org\/{rel}","templated":true}]}}