{"id":77841,"date":"2026-05-01T13:43:21","date_gmt":"2026-05-01T18:13:21","guid":{"rendered":"https:\/\/elmundodelosnegocios.com.do\/v1\/?p=77841"},"modified":"2026-05-01T13:43:22","modified_gmt":"2026-05-01T18:13:22","slug":"cepm-y-habitat-para-la-humanidad-inician-trabajos-para-transformar-las-viviendas-de-120-familias-vulnerables-en-el-este","status":"publish","type":"post","link":"https:\/\/elmundodelosnegocios.com.do\/v1\/cepm-y-habitat-para-la-humanidad-inician-trabajos-para-transformar-las-viviendas-de-120-familias-vulnerables-en-el-este\/","title":{"rendered":"CEPM y H\u00e1bitat para la Humanidad inician trabajos para transformar las viviendas de 120 familias vulnerables en el Este"},"content":{"rendered":"\n<p><em>Las primeras intervenciones arrancan con reparaciones de pisos, techos, muros e instalaciones el\u00e9ctricas, como parte de un programa de cuatro a\u00f1os que beneficiar\u00e1 especialmente a ni\u00f1os, personas envejecientes y hogares encabezados por mujeres.<\/em><\/p>\n\n\n\n<p><strong>Santo Domingo, mayo de 2026. \u2013<\/strong>\u00a0CEPM y H\u00e1bitat para la Humanidad Rep\u00fablica Dominicana dieron inicio a las primeras intervenciones del programa Hogar Seguro, que mejorar\u00e1 las condiciones de vida de unas 120 familias en situaci\u00f3n de vulnerabilidad en comunidades del Este del pa\u00eds. La iniciativa, respaldada por una inversi\u00f3n de US$200,000 durante cuatro a\u00f1os, es fruto de un acuerdo de colaboraci\u00f3n formalizado en febrero de este a\u00f1o entre ambas organizaciones.<\/p>\n\n\n<div class=\"wp-block-image\">\n<figure data-wp-context=\"{&quot;imageId&quot;:&quot;69f51bc1f3d5c&quot;}\" data-wp-interactive=\"core\/image\" data-wp-key=\"69f51bc1f3d5c\" class=\"aligncenter size-large wp-lightbox-container\"><img loading=\"lazy\" decoding=\"async\" width=\"1024\" height=\"682\" data-wp-class--hide=\"state.isContentHidden\" data-wp-class--show=\"state.isContentVisible\" data-wp-init=\"callbacks.setButtonStyles\" data-wp-on--click=\"actions.showLightbox\" data-wp-on--load=\"callbacks.setButtonStyles\" data-wp-on-window--resize=\"callbacks.setButtonStyles\" src=\"https:\/\/elmundodelosnegocios.com.do\/v1\/wp-content\/uploads\/2026\/05\/Celso-Marranzini-Cesarina-Fabian-y-Roberto-Herrera-1024x682.jpeg\" alt=\"Celso Marranzini, Cesarina Fabian y Roberto Herrera\" class=\"wp-image-77842\" srcset=\"https:\/\/elmundodelosnegocios.com.do\/v1\/wp-content\/uploads\/2026\/05\/Celso-Marranzini-Cesarina-Fabian-y-Roberto-Herrera-1024x682.jpeg 1024w, https:\/\/elmundodelosnegocios.com.do\/v1\/wp-content\/uploads\/2026\/05\/Celso-Marranzini-Cesarina-Fabian-y-Roberto-Herrera-300x200.jpeg 300w, https:\/\/elmundodelosnegocios.com.do\/v1\/wp-content\/uploads\/2026\/05\/Celso-Marranzini-Cesarina-Fabian-y-Roberto-Herrera-768x512.jpeg 768w, https:\/\/elmundodelosnegocios.com.do\/v1\/wp-content\/uploads\/2026\/05\/Celso-Marranzini-Cesarina-Fabian-y-Roberto-Herrera-1536x1024.jpeg 1536w, https:\/\/elmundodelosnegocios.com.do\/v1\/wp-content\/uploads\/2026\/05\/Celso-Marranzini-Cesarina-Fabian-y-Roberto-Herrera-2048x1365.jpeg 2048w\" sizes=\"auto, (max-width: 1024px) 100vw, 1024px\" \/><button\n\t\t\tclass=\"lightbox-trigger\"\n\t\t\ttype=\"button\"\n\t\t\taria-haspopup=\"dialog\"\n\t\t\taria-label=\"Agrandar\"\n\t\t\tdata-wp-init=\"callbacks.initTriggerButton\"\n\t\t\tdata-wp-on--click=\"actions.showLightbox\"\n\t\t\tdata-wp-style--right=\"state.imageButtonRight\"\n\t\t\tdata-wp-style--top=\"state.imageButtonTop\"\n\t\t>\n\t\t\t<svg xmlns=\"http:\/\/www.w3.org\/2000\/svg\" width=\"12\" height=\"12\" fill=\"none\" viewBox=\"0 0 12 12\">\n\t\t\t\t<path fill=\"#fff\" d=\"M2 0a2 2 0 0 0-2 2v2h1.5V2a.5.5 0 0 1 .5-.5h2V0H2Zm2 10.5H2a.5.5 0 0 1-.5-.5V8H0v2a2 2 0 0 0 2 2h2v-1.5ZM8 12v-1.5h2a.5.5 0 0 0 .5-.5V8H12v2a2 2 0 0 1-2 2H8Zm2-12a2 2 0 0 1 2 2v2h-1.5V2a.5.5 0 0 0-.5-.5H8V0h2Z\" \/>\n\t\t\t<\/svg>\n\t\t<\/button><figcaption class=\"wp-element-caption\">Celso Marranzini, Cesarina Fabian y Roberto Herrera<\/figcaption><\/figure>\n<\/div>\n\n\n<p>Las intervenciones se realizar\u00e1n dentro del \u00e1rea de concesi\u00f3n de CEPM, abarcando comunidades como B\u00e1varo, Ver\u00f3n, Punta Cana, Nisib\u00f3n, Uvero Alto y Miches, entre otras.<\/p>\n\n\n\n<p>El programa contempla mejoramientos progresivos de viviendas, que incluyen la sustituci\u00f3n de pisos de tierra o deteriorados por superficies de concreto, reparaciones de techos, mejoras en muros, ba\u00f1os e instalaciones el\u00e9ctricas. Estas intervenciones buscan impactar la salud, la seguridad y la calidad de vida de las familias, con especial atenci\u00f3n a ni\u00f1os, personas envejecientes y hogares encabezados por mujeres.<\/p>\n\n\n\n<p>Para CEPM, la iniciativa forma parte de Hogar Seguro, un programa que busca que las familias de su zona de operaciones cuenten con viviendas m\u00e1s seguras y dignas, como parte de su pilar de valor compartido.<\/p>\n\n\n\n<p>\u201cNuestro compromiso trasciende la labor de proveer energ\u00eda, tambi\u00e9n implica acompa\u00f1ar el desarrollo de nuestras comunidades y contribuir a mejorar la calidad de vida de las familias que forman parte de nuestra zona\u201d, afirm\u00f3 \u00d3scar San Mart\u00edn, gerente general de CEPM. \u201cEsta alianza con H\u00e1bitat para la Humanidad Rep\u00fablica Dominicana nos permite generar un impacto real en la vida de muchas familias\u201d.<\/p>\n\n\n\n<p>H\u00e1bitat para la Humanidad Rep\u00fablica Dominicana tendr\u00e1 a su cargo la administraci\u00f3n de los recursos y la ejecuci\u00f3n de las intervenciones, aportando su experiencia t\u00e9cnica en programas de vivienda y desarrollo comunitario. A los trabajos se integrar\u00e1 tambi\u00e9n el voluntariado de CEPM, sumando la participaci\u00f3n directa de colaboradores de la empresa en las mejoras de los hogares.<\/p>\n\n\n\n<p>\u201cPara H\u00e1bitat para la Humanidad, las alianzas con el sector privado son fundamentales para ampliar el alcance de nuestro trabajo. Este acuerdo con CEPM permitir\u00e1 llevar soluciones concretas a familias que hoy enfrentan condiciones de vivienda complejas, generando impactos positivos en su bienestar\u201d, expres\u00f3 Cesarina Fabi\u00e1n, directora nacional de H\u00e1bitat para la humanidad Rep\u00fablica Dominicana.<\/p>\n\n\n\n<p>Para CEPM, este tipo de proyectos forman parte de una visi\u00f3n m\u00e1s amplia de desarrollo sostenible en el Este del pa\u00eds, donde la empresa ha acompa\u00f1ado durante m\u00e1s de tres d\u00e9cadas el crecimiento de uno de los polos tur\u00edsticos m\u00e1s din\u00e1micos del Caribe.<\/p>\n\n\n\n<p>\u201cCuando hablamos de energ\u00eda que cambia vidas, tambi\u00e9n hablamos de comunidades m\u00e1s fuertes, hogares m\u00e1s seguros y familias con mejores oportunidades\u201d, concluy\u00f3 San Mart\u00edn.<\/p>\n\n\n\n<p>Con el arranque de estos trabajos, CEPM refuerza su compromiso social, apostando por soluciones que permiten impulsar hogares resilientes y acompa\u00f1ar el desarrollo sostenible de las comunidades donde opera.<\/p>\n","protected":false},"excerpt":{"rendered":"<p>Las primeras intervenciones arrancan con reparaciones de pisos, techos, muros e instalaciones el\u00e9ctricas, como parte de un programa de cuatro a\u00f1os que beneficiar\u00e1 especialmente a ni\u00f1os, personas envejecientes y hogares&hellip; <\/p>\n","protected":false},"author":2,"featured_media":77844,"comment_status":"closed","ping_status":"closed","sticky":false,"template":"","format":"standard","meta":{"fifu_image_url":"https:\/\/elmundodelosnegocios.com.do\/v1\/wp-content\/uploads\/2026\/05\/Celso-Marranzini-Cesarina-Fabian-y-Roberto-Herrera.jpeg","fifu_image_alt":"","footnotes":""},"categories":[78],"tags":[],"class_list":["post-77841","post","type-post","status-publish","format-standard","has-post-thumbnail","hentry","category-con-responsabilidad"],"_links":{"self":[{"href":"https:\/\/elmundodelosnegocios.com.do\/v1\/wp-json\/wp\/v2\/posts\/77841","targetHints":{"allow":["GET"]}}],"collection":[{"href":"https:\/\/elmundodelosnegocios.com.do\/v1\/wp-json\/wp\/v2\/posts"}],"about":[{"href":"https:\/\/elmundodelosnegocios.com.do\/v1\/wp-json\/wp\/v2\/types\/post"}],"author":[{"embeddable":true,"href":"https:\/\/elmundodelosnegocios.com.do\/v1\/wp-json\/wp\/v2\/users\/2"}],"replies":[{"embeddable":true,"href":"https:\/\/elmundodelosnegocios.com.do\/v1\/wp-json\/wp\/v2\/comments?post=77841"}],"version-history":[{"count":1,"href":"https:\/\/elmundodelosnegocios.com.do\/v1\/wp-json\/wp\/v2\/posts\/77841\/revisions"}],"predecessor-version":[{"id":77843,"href":"https:\/\/elmundodelosnegocios.com.do\/v1\/wp-json\/wp\/v2\/posts\/77841\/revisions\/77843"}],"wp:featuredmedia":[{"embeddable":true,"href":"https:\/\/elmundodelosnegocios.com.do\/v1\/wp-json\/wp\/v2\/media\/77844"}],"wp:attachment":[{"href":"https:\/\/elmundodelosnegocios.com.do\/v1\/wp-json\/wp\/v2\/media?parent=77841"}],"wp:term":[{"taxonomy":"category","embeddable":true,"href":"https:\/\/elmundodelosnegocios.com.do\/v1\/wp-json\/wp\/v2\/categories?post=77841"},{"taxonomy":"post_tag","embeddable":true,"href":"https:\/\/elmundodelosnegocios.com.do\/v1\/wp-json\/wp\/v2\/tags?post=77841"}],"curies":[{"name":"wp","href":"https:\/\/api.w.org\/{rel}","templated":true}]}}