{"id":7867,"date":"2021-07-07T16:58:04","date_gmt":"2021-07-07T21:28:04","guid":{"rendered":"http:\/\/elmundodelosnegocios.com.do\/v1\/?p=7867"},"modified":"2021-07-07T16:58:04","modified_gmt":"2021-07-07T21:28:04","slug":"ceo-nice-dominicana-destaca-importancia-fortalecer-conectividad-destino-puerto-plata","status":"publish","type":"post","link":"https:\/\/elmundodelosnegocios.com.do\/v1\/ceo-nice-dominicana-destaca-importancia-fortalecer-conectividad-destino-puerto-plata\/","title":{"rendered":"CEO Nice Dominicana destaca importancia fortalecer conectividad destino Puerto Plata"},"content":{"rendered":"<p>Puerto Plata, R.D. Julio 7, 2021.- La se\u00f1ora Katherine Henriquez, CEO de la empresa Nice Dominicana, destac\u00f3 que a trav\u00e9s de la iniciativa Puerto Plata Somos Todos, con una serie de conversatorios sobre los temas de mayor relevancia para el crecimiento del turismo de Puerto Plata.<\/p>\n<p>Indic\u00f3 que el objetivo de esta iniciativa que tiene como tema principal la Conectividad es generar no s\u00f3lo informaci\u00f3n positiva sino tambi\u00e9n contribuir a la mejora continua del destino Puerto Plata, en el cual el fortalecimiento de la conectividad es fundamental para el crecimiento del mismo.<\/p>\n<p>Henr\u00edquez resalt\u00f3 que en su participaci\u00f3n en el d\u00e9cimo foro Exceltur organizado por el l\u00edder hotelero Gabriel Escarrer en el marco de Fitur 2021 se dieron cita los principales l\u00edderes del sector generando una gran cantidad de noticias positivas, siendo la principal el incremento de vuelos por el aeropuerto Madrid, Barajas, Adolfo Suarez, lo que ha servido como est\u00edmulo para la propuesta de esta jornada de conversatorios.<\/p>\n<p>En el primer Conversatorio Puerto Plata Somos Todos participan como expositores, el director del Instituto Dominicano de Aviaci\u00f3n Civil, Rom\u00e1n Caama\u00f1o, el asesor del Poder Ejecutivo en materia tur\u00edstica, Joel L\u00f3pez, la presidenta de la C\u00e1mara de Comercio y Producci\u00f3n de Puerto Plata, Mileyka Brugal, teniendo como moderador al periodista Leonardo Medrano.<\/p>\n<p>La jornada cont\u00f3 con la presencia de ejecutivos hoteleros el presidente del Cl\u00faster Tur\u00edstico del Destino Puerto Plata, Cesar Jos\u00e9 de los Santos la directora ejecutiva de la entidad Juana Bierd, Taty, la directora ejecutiva de la Asociaci\u00f3n de Hoteles del Norte, Kathy Morillo, el director ejecutivo de la Asociaci\u00f3n de Hoteles de Playa Dorada Manuel Finke, la directora general de negocios tur\u00edsticos del Banco de Reservas, Deyanira Pappaterra, entre otros ejecutivos. <\/p>\n","protected":false},"excerpt":{"rendered":"<p>Puerto Plata, R.D. Julio 7, 2021.- La se\u00f1ora Katherine Henriquez, CEO de la empresa Nice Dominicana, destac\u00f3 que a trav\u00e9s de la iniciativa Puerto Plata Somos Todos, con una serie&hellip; <\/p>\n","protected":false},"author":2,"featured_media":7869,"comment_status":"open","ping_status":"open","sticky":false,"template":"","format":"standard","meta":{"fifu_image_url":"","fifu_image_alt":"","footnotes":""},"categories":[64],"tags":[],"class_list":["post-7867","post","type-post","status-publish","format-standard","has-post-thumbnail","hentry","category-telecomunicaciones"],"_links":{"self":[{"href":"https:\/\/elmundodelosnegocios.com.do\/v1\/wp-json\/wp\/v2\/posts\/7867","targetHints":{"allow":["GET"]}}],"collection":[{"href":"https:\/\/elmundodelosnegocios.com.do\/v1\/wp-json\/wp\/v2\/posts"}],"about":[{"href":"https:\/\/elmundodelosnegocios.com.do\/v1\/wp-json\/wp\/v2\/types\/post"}],"author":[{"embeddable":true,"href":"https:\/\/elmundodelosnegocios.com.do\/v1\/wp-json\/wp\/v2\/users\/2"}],"replies":[{"embeddable":true,"href":"https:\/\/elmundodelosnegocios.com.do\/v1\/wp-json\/wp\/v2\/comments?post=7867"}],"version-history":[{"count":0,"href":"https:\/\/elmundodelosnegocios.com.do\/v1\/wp-json\/wp\/v2\/posts\/7867\/revisions"}],"wp:featuredmedia":[{"embeddable":true,"href":"https:\/\/elmundodelosnegocios.com.do\/v1\/wp-json\/wp\/v2\/media\/7869"}],"wp:attachment":[{"href":"https:\/\/elmundodelosnegocios.com.do\/v1\/wp-json\/wp\/v2\/media?parent=7867"}],"wp:term":[{"taxonomy":"category","embeddable":true,"href":"https:\/\/elmundodelosnegocios.com.do\/v1\/wp-json\/wp\/v2\/categories?post=7867"},{"taxonomy":"post_tag","embeddable":true,"href":"https:\/\/elmundodelosnegocios.com.do\/v1\/wp-json\/wp\/v2\/tags?post=7867"}],"curies":[{"name":"wp","href":"https:\/\/api.w.org\/{rel}","templated":true}]}}