{"id":7942,"date":"2021-07-08T16:20:25","date_gmt":"2021-07-08T20:50:25","guid":{"rendered":"http:\/\/elmundodelosnegocios.com.do\/v1\/?p=7942"},"modified":"2026-03-06T08:17:54","modified_gmt":"2026-03-06T12:47:54","slug":"articulo-exclusivo-en-pocas-palabras-la-tragedia-de-miami","status":"publish","type":"post","link":"https:\/\/elmundodelosnegocios.com.do\/v1\/articulo-exclusivo-en-pocas-palabras-la-tragedia-de-miami\/","title":{"rendered":"ART\u00cdCULO EXCLUSIVO: En Pocas Palabras:  La tragedia de Miami"},"content":{"rendered":"<p>Por: Lic. Juan Guiliani Cury<br \/>\n              jguiliani@edcrd.com<br \/>\n              Economista, presidente Estrategias del Caribe, JGC.<br \/>\n              Embajador itinerante de Rep\u00fablica Dominicana ante Comunidad del Caribe (CARICOM)<br \/>\n              Ex viceministro de Relaciones Exteriores para Asuntos Econ\u00f3micos y Negociaciones<br \/>\n              Comerciales, de la R.D.  (VER resumen CV al pie).<br \/>\nPara \u201cEl Mundo de los Negocios\u201d, \u201cSeguros, Salud, Pensiones &#038; Seguridad\u201d, y<br \/>\n     dem\u00e1s Multimedios de The Ballester Business &#038; Media Group.<\/p>\n<p>Unas 41 personas han sido reportadas de fallecidas y faltar\u00edan de 109 de ser sus cuerpos rescatados, de las personas atrapadas en el derrumbe del edificio en Miami Beach, hace dos semanas. La zona de la tragedia fue en Surfside, a la vera de la concurrida playa de esa conocida zona de diversi\u00f3n del condado Miami-Dade. <\/p>\n<p>El condominio Champlain se derrumb\u00f3 el pasado 24 de junio aproximadamente a la 1:30 a.m. de la madrugada, seg\u00fan reportaron las autoridades de la llamada Ciudad del Sol. Una familia completa de apellido Guara, integrada por una pareja de esposos y dos ni\u00f1as de 10 y 4 a\u00f1os que perecieron fueron de las tragedias m\u00e1s impactantes del horroroso hecho. Una brigada de 50 especialistas rescatistas de Israel llegaron a Miami para unirse a la b\u00fasqueda de sobrevivientes como identificar cad\u00e1veres, algunos de ellos de origen israel\u00ed en el desastre de la llamada \u201czona cero\u201d, donde ocurri\u00f3 el hecho.  <\/p>\n<p>Grupos internacionales de pa\u00edses como M\u00e9xico y otros, han ofrecido su cooperaci\u00f3n a las autoridades del estado para las labores de rescates, encontrar sobrevivientes e identificaci\u00f3n de cuerpos humanos. La tormenta tropical Elsa ha sido un factor adicional que ha afectado las labores de los rescatistas debido a las lluvias y vientos en el \u00e1rea. <\/p>\n<p>Lo que narro, lo he visto en la televisi\u00f3n estadounidense y el sentir de que a cualquiera le pueda pasar, es pensar que, \u201cnada es nada.\u201d En la escena se han visto perros adiestrados en rescate de vidas humanas y los famosos caninos Golden Retriever, utilizados para consolar a familiares de las v\u00edctimas. <\/p>\n<p>La tragedia de Surfside llama la atenci\u00f3n para que las edificaciones de ciertas alturas sean revisadas en la atractiva meca norteamericana de parte de los reguladores inmobiliarios y donde millones de visitantes extranjeros y locales visitan anualmente esa paradisiaca ciudad.<br \/>\nEn nuestro pa\u00eds, no deja de preocupar este hecho, y mirarnos en el espejo de lo sucedido en el sur de la Florida. Afortunadamente, ning\u00fan ciudadano dominicano ha estado entre las victimas o residentes en el colapsado condominio residencial. As\u00ed es que tambi\u00e9n hay que poner las \u201cbarbas en remojo,\u201d y aqu\u00ed, reforzar nuestras edificaciones de mayor altura.<br \/>\nQ.E.P.D. esos ciudadanos de ultramar.<\/p>\n<hr>\n<p>Santo Domingo, R.D., julio 8, 2021<\/p>\n<p>RESUMEN DE CURRICULUM VITAE, del autor, Juan O. Guiliani Cury: Economista de profesi\u00f3n. Inici\u00f3 sus estudios de econom\u00eda en el Instituto Tecnol\u00f3gico y de Estudios Superiores de Monterrey (ITESM), en Monterrey, M\u00e9xico, desde 1966 a 1968, estando previamente de 1964 a 1965 realizando estudios de idioma ingl\u00e9s en Saint Michael\u2019s College, en Winooski, Vermont, Estados Unidos de Am\u00e9rica, donde obtuvo varios diplomas. Desde 1968 a 1971, pas\u00f3 a continuar sus estudios de econom\u00eda en McGill University, Montreal, Canad\u00e1, donde obtuvo su licenciatura y desde 1971 a 1972 realiz\u00f3 estudios de post grado en Carleton University, Ottawa, Canad\u00e1, en la escuela para asuntos internacionales en el \u00e1rea de desarrollo econ\u00f3mico y econom\u00eda internacional. En 1973 fue a Amberes, B\u00e9lgica, becado por el gobierno de ese pa\u00eds a realizar estudios de post grado en el \u00e1rea de comercio internacional. En este a\u00f1o de 1973 hasta 1975 trabaj\u00f3 como economista en la divisi\u00f3n de mercado del departamento de estudios especiales del Centro Dominicano de Promoci\u00f3n de Exportaciones (CEDOPEX) y en el a\u00f1o de 1979 a 1972 se desempe\u00f1\u00f3 como asistente especial de la embajada de la Rep\u00fablica Dominicana en Ottawa, Canad\u00e1. Desde 1974 a 1976 fue vicepresidente del Colegio Dominicano de Economista (CODECO). En el a\u00f1o de 1975 fue designado en encargado de la Oficina Sectorial de Programaci\u00f3n de la Secretar\u00eda de Estado de Industria y Comercio y desde enero de 1976 labor\u00f3 como economista de la oficina de asesor\u00eda econ\u00f3mica del Poder Ejecutivo hasta mediado de ese a\u00f1o donde fue contratado como economista de mercado del Grupo de Pa\u00edses Latinoamericano y del Caribe Exportadores de Az\u00facar (GEPLACEA), en ciudad de M\u00e9xico, M\u00e9xico. A finales de 1978 regresa al pa\u00eds y ejerce trabajos de consultor\u00eda econ\u00f3mica en la empresa Envases Antillanos, y en 1979 es nombrado secretario ejecutivo del directorio de Desarrollo Industrial, organismo adscrito a la Secretar\u00eda de Estado de Industria y Comercio. En 1979 es becado por la Organizaci\u00f3n de Estados Americanos (OEA) y el gobierno de Israel, para conocer proyectos de alta tecnolog\u00eda, en el Instituto Tecnol\u00f3gico de Haifa, Haifa, Israel. En el a\u00f1o de 1980 fue contratado como asesor t\u00e9cnico del Instituto Azucarero Dominicano (INAZUCAR) y luego es designado subdirector t\u00e9cnico del mismo hasta 1984. Fue asimismo desde 1981 a 1984 editor econ\u00f3mico del peri\u00f3dico HOY y luego es designado como director ejecutivo de la Asociaci\u00f3n de Bancos Comerciales de la Rep\u00fablica Dominicana (ABCRD) funciones que realiz\u00f3 hasta 1996. Desde 1985 a 1990 fue miembro de la junta directiva y tesorero del Consejo de Promoci\u00f3n de las Inversiones Extranjeras (CPI), proyecto financiado por la Agencia de los Estados Unidos para el Desarrollo Internacional (USAID) y el gobierno dominicano. En 1992 fundador y editor el suplemento mensual El Financiero, con el peri\u00f3dico El Nacional. Entre 1996-1997 asesor de la ABCRD. En el a\u00f1o de 1989 es invitado por el departamento de Estado de los Estados Unidos a realizar un programa de estudios y visitas a importantes instituciones pol\u00edticas y econ\u00f3micas de ese pa\u00eds. En 1990 recibe una beca para realizar un entrenamiento especializado en t\u00e9cnicas de privatizaci\u00f3n con la Universidad George Washington y el Grupo Intrados, en la ciudad de Washington, Estados Unidos. Desde 1991 a 1992 fue director de las escuelas de Econom\u00eda y Banca de la Universidad Nacional Pedro Henriquez Ure\u00f1a (UNPHU). Desde 1995 hasta la fecha es designado representante dominicano ante el Consejo de directores de la Agencia del Caribe para el Desarrollo de las Exportaciones, mejor conocida por sus siglas en ingl\u00e9s como, Caribbean Export, proyecto conjunto entre la Uni\u00f3n Europea y el Grupo de pa\u00edses miembro del Cariforo, que impulsa el Programa Regional de Comercio entre las naciones del Caribe. En enero de 1997 hasta la fecha ejerce las funciones de asesor econ\u00f3mico externo de la Autoridad Portuaria Dominicana. Ha sido miembro de los consejos directivos de diferentes C\u00e1maras de Comercio binacionales entre ellas la C\u00e1mara de Comercio Dominico-Hondure\u00f1a, la C\u00e1mara de Comercio Dominico-Costarricense, presidente de la C\u00e1mara de Comercio Dominico-Colombiana (1996-1998). Tesorero de la C\u00e1mara de Comercio Dominico-Rusa desde 1994 a 1996. En 1996 al 1998 fue asesor externo en proyectos especiales de la Liga Municipal Dominicana (LMD). Desde 1998 es asesor econ\u00f3mico externo de la Embajada de Costa Rica en el pa\u00eds. Desde el a\u00f1o de 1997 desarrolla actividades privadas en el \u00e1rea econ\u00f3mica y financiera como en asuntos especializados en el \u00e1rea de las relaciones p\u00fablicas y las comunicaciones estrat\u00e9gicas. Es consultor para fines de estrategias econ\u00f3micas de opini\u00f3n del Banco Interamericano de Desarrollo (BID) y asesor del secretariado T\u00e9cnico de la Presidencia desde 1998 en asuntos de comunicaciones estrat\u00e9gicas. Desde 1998 ha sido asesor de Relaciones P\u00fablicas del director de la Corporaci\u00f3n Dominicana de Empresas Estatales (CORDE).Ha sido columnista del peri\u00f3dico El Caribe y conduce programas de televisi\u00f3n en cuestiones econ\u00f3micas desde 1983. Tambi\u00e9n ha sido colaborador de medios como el Listin Diario, El Nacional, HOY y el Miami Herald en espa\u00f1ol. Es tambi\u00e9n asesor de la Universidad Ince, para las Escuelas de Econom\u00eda y Banca.  Ha sido reconocido como profesional por la mundialmente famosa publicaci\u00f3n desde 1995 a la fecha Who\u2019s Who in the World and Who\u2019s Who in Finance and Industry, entre otros reconocimientos. Juan Guiliani Cury ha participado adem\u00e1s en numerosas conferencias, seminarios y talleres a nivel internacional. Ha escrito asimismo numerosos art\u00edculos y ensayos relacionados sobre aspectos de desarrollo econ\u00f3mico, econom\u00eda internacional banca y finanzas,  privatizaci\u00f3n, banca y otros temas de inter\u00e9s en el \u00e1rea de la econom\u00eda y los negocios en medios nacionales e internacionales. En la actualidad escribe su columna 2002 en la secci\u00f3n El Dinero del peri\u00f3dico Listin Diario.  En el a\u00f1o 2003 fue elegido presidente de la C\u00e1mara Puertorrique\u00f1a de Comercio en la Rep\u00fablica Dominicana como tambi\u00e9n Miembro Titular para la Rep\u00fablica Dominicana del Consejo de directores de la Agencia del Caribe para el Desarrollo de las Exportaciones (Caribbean Export) Desde el 1 de septiembre del 2004 desempe\u00f1a la posici\u00f3n de Viceministro de Relaciones Exteriores para Asuntos Econ\u00f3micos y Negociaciones Comerciales. Desde marzo 2011 es embajador itinerante de la Rep\u00fablica Dominicana ante la Comunidad del Caribe (CARICOM).-.<\/p>\n","protected":false},"excerpt":{"rendered":"<p>Por: Lic. Juan Guiliani Cury jguiliani@edcrd.com Economista, presidente Estrategias del Caribe, JGC. Embajador itinerante de Rep\u00fablica Dominicana ante Comunidad del Caribe (CARICOM) Ex viceministro de Relaciones Exteriores para Asuntos Econ\u00f3micos&hellip; <\/p>\n","protected":false},"author":2,"featured_media":7944,"comment_status":"open","ping_status":"open","sticky":false,"template":"","format":"standard","meta":{"fifu_image_url":"","fifu_image_alt":"","footnotes":""},"categories":[233,273,86],"tags":[],"class_list":["post-7942","post","type-post","status-publish","format-standard","has-post-thumbnail","hentry","category-articulo","category-exclusivo","category-seguridad"],"_links":{"self":[{"href":"https:\/\/elmundodelosnegocios.com.do\/v1\/wp-json\/wp\/v2\/posts\/7942","targetHints":{"allow":["GET"]}}],"collection":[{"href":"https:\/\/elmundodelosnegocios.com.do\/v1\/wp-json\/wp\/v2\/posts"}],"about":[{"href":"https:\/\/elmundodelosnegocios.com.do\/v1\/wp-json\/wp\/v2\/types\/post"}],"author":[{"embeddable":true,"href":"https:\/\/elmundodelosnegocios.com.do\/v1\/wp-json\/wp\/v2\/users\/2"}],"replies":[{"embeddable":true,"href":"https:\/\/elmundodelosnegocios.com.do\/v1\/wp-json\/wp\/v2\/comments?post=7942"}],"version-history":[{"count":1,"href":"https:\/\/elmundodelosnegocios.com.do\/v1\/wp-json\/wp\/v2\/posts\/7942\/revisions"}],"predecessor-version":[{"id":76507,"href":"https:\/\/elmundodelosnegocios.com.do\/v1\/wp-json\/wp\/v2\/posts\/7942\/revisions\/76507"}],"wp:featuredmedia":[{"embeddable":true,"href":"https:\/\/elmundodelosnegocios.com.do\/v1\/wp-json\/wp\/v2\/media\/7944"}],"wp:attachment":[{"href":"https:\/\/elmundodelosnegocios.com.do\/v1\/wp-json\/wp\/v2\/media?parent=7942"}],"wp:term":[{"taxonomy":"category","embeddable":true,"href":"https:\/\/elmundodelosnegocios.com.do\/v1\/wp-json\/wp\/v2\/categories?post=7942"},{"taxonomy":"post_tag","embeddable":true,"href":"https:\/\/elmundodelosnegocios.com.do\/v1\/wp-json\/wp\/v2\/tags?post=7942"}],"curies":[{"name":"wp","href":"https:\/\/api.w.org\/{rel}","templated":true}]}}