{"id":8110,"date":"2021-07-15T11:42:29","date_gmt":"2021-07-15T16:12:29","guid":{"rendered":"http:\/\/elmundodelosnegocios.com.do\/v1\/?p=8110"},"modified":"2021-07-15T11:42:29","modified_gmt":"2021-07-15T16:12:29","slug":"realiza-cuerpo-consular-visita-guiada-exposicion-paul-giudicelli-100-anos","status":"publish","type":"post","link":"https:\/\/elmundodelosnegocios.com.do\/v1\/realiza-cuerpo-consular-visita-guiada-exposicion-paul-giudicelli-100-anos\/","title":{"rendered":"Realiza Cuerpo Consular visita guiada exposici\u00f3n \u201cPaul Giudicelli &#8211; 100 a\u00f1os\u00bb"},"content":{"rendered":"<p>SANTO DOMINGO, R.D. Julio 15, 2021.-  El Cuerpo Consular acreditado en la Rep\u00fablica Dominicana realiz\u00f3 una visita  guiada a la exposici\u00f3n \u201cPaul Giudicelli &#8211; 100 a\u00f1os\u201d que organiza el Centro Cultural Banreservas en conmemoraci\u00f3n al primer centenario del natalicio del pintor abstracto dominicano.<\/p>\n<p>Encabezada por el Decano del Cuerpo Consular y C\u00f3nsul Honorario de la Rep\u00fablica de Albania, Jos\u00e9 Manuel Romero, los asistentes conocieron la exposici\u00f3n pict\u00f3rica, la cual resalta la obra de Guidicelli en una muestra curada por Myrna Guerrero y asistida por la arquitecta Raulina Capell\u00e1n con una conjugaci\u00f3n del coraje, la audacia y la rebeld\u00eda de un formidable pintor que conecta con la poes\u00eda que surge de la inspiraci\u00f3n art\u00edstica.  <\/p>\n<p>\u201cNos sentimos honrados y agradecidos de recibir esta invitaci\u00f3n de parte del Centro Cultural Banreservas a deleitarnos con la obra de este maestro del arte. Estamos seguros de que representa un gran aporte a la cultura y educaci\u00f3n dominicana y enaltece la obra y trayectoria de este talento. Aplaudimos esta interesante iniciativa que tanto aporta al acervo social\u201d, manifest\u00f3 Romero durante el recorrido. <\/p>\n<p>Giudicelli, hijo de padres corsos asentados como colonos azucareros en San Pedro de Macor\u00eds, naci\u00f3 en 1921. Ingres\u00f3 a la Escuela Nacional de Bellas Artes de Santo Domingo en 1948 de donde obtuvo el t\u00edtulo \u201cProfesor de Pintura\u201d en 1951.  <\/p>\n<p>Su gran destreza y conocimientos adquiridos le permitieron representar al pa\u00eds en los m\u00e1s importantes eventos internacionales de pintura que llevaban a cabo en Europa y Am\u00e9rica sobresaliendo: \u201cIII Bienal Hispanoamericana de Arte en Barcelona\u201d (1955), donde present\u00f3 la obra \u201cEl ingenio de ca\u00f1a\u201d; \u201cIV Bienal de S\u00e3o Paulo\u201d (1952) con su pintura \u201cEl mensaje de los cem\u00edes\u201d; \u201cVI Bienal de S\u00e3o Paulo\u201d (1957), con su obra \u201cM\u00fasico\u201d y \u201cPrimera Bienal Interamericana de Pintura y Grabado\u201d (1958), celebrada en el Palacio de Bellas Artes de M\u00e9xico.<br \/>\n<div id='gallery-1' class='gallery galleryid-8110 gallery-columns-3 gallery-size-large'><figure class='gallery-item'>\n\t\t\t<div class='gallery-icon landscape'>\n\t\t\t\t<a href='https:\/\/elmundodelosnegocios.com.do\/v1\/wp-content\/uploads\/2021\/07\/00-FOTO-SIN-EDITAR-14-2-scaled.jpg'><img loading=\"lazy\" decoding=\"async\" width=\"1024\" height=\"783\" src=\"https:\/\/elmundodelosnegocios.com.do\/v1\/wp-content\/uploads\/2021\/07\/00-FOTO-SIN-EDITAR-14-2-1024x783.jpg\" class=\"attachment-large size-large\" alt=\"\" srcset=\"https:\/\/elmundodelosnegocios.com.do\/v1\/wp-content\/uploads\/2021\/07\/00-FOTO-SIN-EDITAR-14-2-1024x783.jpg 1024w, https:\/\/elmundodelosnegocios.com.do\/v1\/wp-content\/uploads\/2021\/07\/00-FOTO-SIN-EDITAR-14-2-300x229.jpg 300w, https:\/\/elmundodelosnegocios.com.do\/v1\/wp-content\/uploads\/2021\/07\/00-FOTO-SIN-EDITAR-14-2-768x587.jpg 768w, https:\/\/elmundodelosnegocios.com.do\/v1\/wp-content\/uploads\/2021\/07\/00-FOTO-SIN-EDITAR-14-2-1536x1174.jpg 1536w, https:\/\/elmundodelosnegocios.com.do\/v1\/wp-content\/uploads\/2021\/07\/00-FOTO-SIN-EDITAR-14-2-2048x1566.jpg 2048w\" sizes=\"auto, (max-width: 1024px) 100vw, 1024px\" \/><\/a>\n\t\t\t<\/div><\/figure><figure class='gallery-item'>\n\t\t\t<div class='gallery-icon landscape'>\n\t\t\t\t<a href='https:\/\/elmundodelosnegocios.com.do\/v1\/wp-content\/uploads\/2021\/07\/00-PRINCIPAL-El-presidente-Luis-Abinader-junto-a-los-ejecutivos-de-Viva-Wyndham-Resorts-Ettore-Colussi-Rafael-Blanco-C-10.jpg'><img loading=\"lazy\" decoding=\"async\" width=\"1024\" height=\"683\" src=\"https:\/\/elmundodelosnegocios.com.do\/v1\/wp-content\/uploads\/2021\/07\/00-PRINCIPAL-El-presidente-Luis-Abinader-junto-a-los-ejecutivos-de-Viva-Wyndham-Resorts-Ettore-Colussi-Rafael-Blanco-C-10-1024x683.jpg\" class=\"attachment-large size-large\" alt=\"\" srcset=\"https:\/\/elmundodelosnegocios.com.do\/v1\/wp-content\/uploads\/2021\/07\/00-PRINCIPAL-El-presidente-Luis-Abinader-junto-a-los-ejecutivos-de-Viva-Wyndham-Resorts-Ettore-Colussi-Rafael-Blanco-C-10-1024x683.jpg 1024w, https:\/\/elmundodelosnegocios.com.do\/v1\/wp-content\/uploads\/2021\/07\/00-PRINCIPAL-El-presidente-Luis-Abinader-junto-a-los-ejecutivos-de-Viva-Wyndham-Resorts-Ettore-Colussi-Rafael-Blanco-C-10-300x200.jpg 300w, https:\/\/elmundodelosnegocios.com.do\/v1\/wp-content\/uploads\/2021\/07\/00-PRINCIPAL-El-presidente-Luis-Abinader-junto-a-los-ejecutivos-de-Viva-Wyndham-Resorts-Ettore-Colussi-Rafael-Blanco-C-10-768x512.jpg 768w, https:\/\/elmundodelosnegocios.com.do\/v1\/wp-content\/uploads\/2021\/07\/00-PRINCIPAL-El-presidente-Luis-Abinader-junto-a-los-ejecutivos-de-Viva-Wyndham-Resorts-Ettore-Colussi-Rafael-Blanco-C-10-1536x1024.jpg 1536w, https:\/\/elmundodelosnegocios.com.do\/v1\/wp-content\/uploads\/2021\/07\/00-PRINCIPAL-El-presidente-Luis-Abinader-junto-a-los-ejecutivos-de-Viva-Wyndham-Resorts-Ettore-Colussi-Rafael-Blanco-C-10-2048x1366.jpg 2048w\" sizes=\"auto, (max-width: 1024px) 100vw, 1024px\" \/><\/a>\n\t\t\t<\/div><\/figure><figure class='gallery-item'>\n\t\t\t<div class='gallery-icon landscape'>\n\t\t\t\t<a href='https:\/\/elmundodelosnegocios.com.do\/v1\/wp-content\/uploads\/2021\/07\/00-PRINCIPAL-El-presidente-Luis-Abinader-junto-a-los-ejecutivos-de-Viva-Wyndham-Resorts-Ettore-Colussi-Rafael-Blanco-Cant.png-11-scaled.jpg'><img loading=\"lazy\" decoding=\"async\" width=\"1024\" height=\"683\" src=\"https:\/\/elmundodelosnegocios.com.do\/v1\/wp-content\/uploads\/2021\/07\/00-PRINCIPAL-El-presidente-Luis-Abinader-junto-a-los-ejecutivos-de-Viva-Wyndham-Resorts-Ettore-Colussi-Rafael-Blanco-Cant.png-11-1024x683.jpg\" class=\"attachment-large size-large\" alt=\"\" srcset=\"https:\/\/elmundodelosnegocios.com.do\/v1\/wp-content\/uploads\/2021\/07\/00-PRINCIPAL-El-presidente-Luis-Abinader-junto-a-los-ejecutivos-de-Viva-Wyndham-Resorts-Ettore-Colussi-Rafael-Blanco-Cant.png-11-1024x683.jpg 1024w, https:\/\/elmundodelosnegocios.com.do\/v1\/wp-content\/uploads\/2021\/07\/00-PRINCIPAL-El-presidente-Luis-Abinader-junto-a-los-ejecutivos-de-Viva-Wyndham-Resorts-Ettore-Colussi-Rafael-Blanco-Cant.png-11-300x200.jpg 300w, https:\/\/elmundodelosnegocios.com.do\/v1\/wp-content\/uploads\/2021\/07\/00-PRINCIPAL-El-presidente-Luis-Abinader-junto-a-los-ejecutivos-de-Viva-Wyndham-Resorts-Ettore-Colussi-Rafael-Blanco-Cant.png-11-768x512.jpg 768w, https:\/\/elmundodelosnegocios.com.do\/v1\/wp-content\/uploads\/2021\/07\/00-PRINCIPAL-El-presidente-Luis-Abinader-junto-a-los-ejecutivos-de-Viva-Wyndham-Resorts-Ettore-Colussi-Rafael-Blanco-Cant.png-11-1536x1024.jpg 1536w, https:\/\/elmundodelosnegocios.com.do\/v1\/wp-content\/uploads\/2021\/07\/00-PRINCIPAL-El-presidente-Luis-Abinader-junto-a-los-ejecutivos-de-Viva-Wyndham-Resorts-Ettore-Colussi-Rafael-Blanco-Cant.png-11-2048x1366.jpg 2048w\" sizes=\"auto, (max-width: 1024px) 100vw, 1024px\" \/><\/a>\n\t\t\t<\/div><\/figure>\n\t\t<\/div>\n<\/p>\n<p>Cabe destacar que el Cuerpo Consular est\u00e1 integrado por 140 C\u00f3nsules, siendo estos destacados ciudadanos dominicanos y extranjeros, en los que los m\u00e1s de 80 Estados representados, han delegado su representaci\u00f3n pol\u00edtica, econ\u00f3mica, cultural y de protecci\u00f3n de sus intereses.<\/p>\n<p>El nuevo consejo directivo est\u00e1 integrado, adem\u00e1s, por los c\u00f3nsules Honorarios Fernando Gonz\u00e1lez Nicol\u00e1s, del Reino de Malasia; Mariajos\u00e9 Turull, del Reino de Tailandia; Gustavo Vega, de Polonia; Federico Reyes, de Trinidad y Tobago; Gina Victoriano, Vicec\u00f3nsul de la Rep\u00fablica Checa, y Francisco Zakarias-Bendek, c\u00f3nsul de la Rep\u00fablica de Chipre.<\/p>\n<p>Tambi\u00e9n, John Pierre Bahsa Ward, del L\u00edbano; Margarita de los Santos, de la Rep\u00fablica de Malta; Raiza Rodr\u00edguez de Cruz, del Paraguay; Virgilio P\u00e9rez Bernal, de El Salvador; Juan Jos\u00e9 Leira, del Reino de Espa\u00f1a en Constanza; Jean Antonio Hache, de los Estados Unidos Mexicanos en Santiago; Bettina Panzardi, de la Rep\u00fablica Oriental del Uruguay en Punta Cana; Sixto Alfredo Inchaustegui, de la Rep\u00fablica De Montenegro, y Emilio Hasbun, de Barbados.<\/p>\n<p>Fungen como asesores Paulo Alves, c\u00f3nsul honorario de Portugal; Arturo Villanueva, de la Rep\u00fablica de Rumania; y Riccardo Dina, de Lituania. Asimismo, la pasada Decana Clara Reid de Frankenberg es la representante del consejo de ex decanos y miembros de honor del Cuerpo Consular acreditado en la Rep\u00fablica Dominicana.<\/p>\n","protected":false},"excerpt":{"rendered":"<p>SANTO DOMINGO, R.D. Julio 15, 2021.- El Cuerpo Consular acreditado en la Rep\u00fablica Dominicana realiz\u00f3 una visita guiada a la exposici\u00f3n \u201cPaul Giudicelli &#8211; 100 a\u00f1os\u201d que organiza el Centro&hellip; <\/p>\n","protected":false},"author":2,"featured_media":8112,"comment_status":"open","ping_status":"open","sticky":false,"template":"","format":"standard","meta":{"fifu_image_url":"","fifu_image_alt":"","footnotes":""},"categories":[148],"tags":[],"class_list":["post-8110","post","type-post","status-publish","format-standard","has-post-thumbnail","hentry","category-cultura"],"_links":{"self":[{"href":"https:\/\/elmundodelosnegocios.com.do\/v1\/wp-json\/wp\/v2\/posts\/8110","targetHints":{"allow":["GET"]}}],"collection":[{"href":"https:\/\/elmundodelosnegocios.com.do\/v1\/wp-json\/wp\/v2\/posts"}],"about":[{"href":"https:\/\/elmundodelosnegocios.com.do\/v1\/wp-json\/wp\/v2\/types\/post"}],"author":[{"embeddable":true,"href":"https:\/\/elmundodelosnegocios.com.do\/v1\/wp-json\/wp\/v2\/users\/2"}],"replies":[{"embeddable":true,"href":"https:\/\/elmundodelosnegocios.com.do\/v1\/wp-json\/wp\/v2\/comments?post=8110"}],"version-history":[{"count":0,"href":"https:\/\/elmundodelosnegocios.com.do\/v1\/wp-json\/wp\/v2\/posts\/8110\/revisions"}],"wp:featuredmedia":[{"embeddable":true,"href":"https:\/\/elmundodelosnegocios.com.do\/v1\/wp-json\/wp\/v2\/media\/8112"}],"wp:attachment":[{"href":"https:\/\/elmundodelosnegocios.com.do\/v1\/wp-json\/wp\/v2\/media?parent=8110"}],"wp:term":[{"taxonomy":"category","embeddable":true,"href":"https:\/\/elmundodelosnegocios.com.do\/v1\/wp-json\/wp\/v2\/categories?post=8110"},{"taxonomy":"post_tag","embeddable":true,"href":"https:\/\/elmundodelosnegocios.com.do\/v1\/wp-json\/wp\/v2\/tags?post=8110"}],"curies":[{"name":"wp","href":"https:\/\/api.w.org\/{rel}","templated":true}]}}