{"id":8293,"date":"2021-07-21T09:57:25","date_gmt":"2021-07-21T14:27:25","guid":{"rendered":"http:\/\/elmundodelosnegocios.com.do\/v1\/?p=8293"},"modified":"2021-07-21T09:57:25","modified_gmt":"2021-07-21T14:27:25","slug":"micm-y-cepal-imparten-cursos-sector-privado-sobre-manejo-plataformas-comercio-exterior-magic-plus-y-siagro","status":"publish","type":"post","link":"https:\/\/elmundodelosnegocios.com.do\/v1\/micm-y-cepal-imparten-cursos-sector-privado-sobre-manejo-plataformas-comercio-exterior-magic-plus-y-siagro\/","title":{"rendered":"MICM y CEPAL imparten cursos sector privado sobre manejo plataformas  comercio exterior Magic Plus y Siagro"},"content":{"rendered":"<p>SANTO DOMINGO. &#8211; El Ministerio de Industria, Comercio y Mipymes (MICM) y la Subsede Regional de M\u00e9xico de la Comisi\u00f3n para Am\u00e9rica Latina y el Caribe (CEPAL), impartieron capacitaciones a las principales asociaciones del sector privado, en el manejo de las versiones m\u00e1s recientes de las plataformas Magic Plus y Siagro, bases de datos clave para tomadores de decisiones, reguladores y el sector productivo.<\/p>\n<p>En los cursos, organizados a trav\u00e9s del Viceministerio de Comercio Exterior del MICM para representantes de las principales asociaciones empresariales, la Asociaci\u00f3n Dominicana de Exportadores -ADOEXPO-, Asociaci\u00f3n de Industrias y Empresas de Haina y la Regi\u00f3n Sur, Inc. (AIEHaina y el Sur), Junta Agroempresarial Dominicana -JAD-, C\u00e1mara de Comercio y Producci\u00f3n de Santo Domingo, C\u00e1mara de Comercio y Producci\u00f3n de Santiago, Observatorio Dominicano de Comercio Internacional -ODCI-, Asociaci\u00f3n Nacional de Empresas Industriales de Herrera \u2013 AEIH , entre otras.<\/p>\n<p>Las palabras de bienvenida a la formaci\u00f3n fueron ofrecidas por el se\u00f1or Vladimir Hern\u00e1ndez, subdirector de Administraci\u00f3n de Acuerdos y Tratados Comerciales Internacionales (DAATCI) del Viceministerio de Comercio Exterior, en representaci\u00f3n de la viceministra Vilma Arbaje de Contreras.<\/p>\n<p>Por parte de la CEPAL participaron los se\u00f1ores Jorge Mart\u00ednez Piva, jefe de la Unidad de Comercio Internacional e Industria, y los capacitadores Martha Cordero, Jos\u00e9 Manuel Iraheta y Jaime Olivares.<\/p>\n<p>Herramientas para la competitividad<\/p>\n<p>El M\u00f3dulo para Analizar el Crecimiento del Comercio Internacional (MAGIC Plus, por sus siglas en ingl\u00e9s) es un robusto instrumento de an\u00e1lisis e informaci\u00f3n de mercados para analizar la competitividad exportadora de productos y pa\u00edses en mercados determinados. Contiene informaci\u00f3n detallada del comercio de bienes de exportaci\u00f3n de Costa Rica, El Salvador, Estados Unidos, Guatemala, Honduras, Nicaragua, Panam\u00e1 y Centroam\u00e9rica (en su conjunto), entre s\u00ed y con el mundo.<\/p>\n<p>El Sistema de Informaci\u00f3n Agropecuaria de Centroam\u00e9rica y la Rep\u00fablica Dominicana (SIAGRO) es un sistema impulsado por la Unidad de Desarrollo Agr\u00edcola y Cambio Clim\u00e1tico en la Sede Subregional en M\u00e9xico de la CEPAL y contiene informaci\u00f3n de variables de la actividad agropecuaria, desarrollo rural, y seguridad alimentaria y nutricional en los pa\u00edses de Centroam\u00e9rica, M\u00e9xico, Cuba, Hait\u00ed y la Rep\u00fablica Dominicana, con datos anuales y mensuales.<\/p>\n<p>Las plataformas Magic Plus y Siagro ofrecen informaci\u00f3n estad\u00edstica, de manera amigable y \u00e1gil, para la toma de decisiones sobre pol\u00edticas p\u00fablicas en favor de los sectores productivos. Entre las informaciones que presenta se encuentran:<\/p>\n<p>Fortalezas y debilidades del comercio exterior<br \/>\nOportunidades para las empresas dominicanas<br \/>\nPerfiles comerciales bilaterales de exportaci\u00f3n e importaci\u00f3n de nuestros socios comerciales<br \/>\nIndicadores de an\u00e1lisis para medir la competitividad de productos<br \/>\nMercados donde las empresas dominicanas pueden penetrar<\/p>\n","protected":false},"excerpt":{"rendered":"<p>SANTO DOMINGO. &#8211; El Ministerio de Industria, Comercio y Mipymes (MICM) y la Subsede Regional de M\u00e9xico de la Comisi\u00f3n para Am\u00e9rica Latina y el Caribe (CEPAL), impartieron capacitaciones a&hellip; <\/p>\n","protected":false},"author":2,"featured_media":8295,"comment_status":"open","ping_status":"open","sticky":false,"template":"","format":"standard","meta":{"fifu_image_url":"","fifu_image_alt":"","footnotes":""},"categories":[83],"tags":[],"class_list":["post-8293","post","type-post","status-publish","format-standard","has-post-thumbnail","hentry","category-empresariales-empresariales"],"_links":{"self":[{"href":"https:\/\/elmundodelosnegocios.com.do\/v1\/wp-json\/wp\/v2\/posts\/8293","targetHints":{"allow":["GET"]}}],"collection":[{"href":"https:\/\/elmundodelosnegocios.com.do\/v1\/wp-json\/wp\/v2\/posts"}],"about":[{"href":"https:\/\/elmundodelosnegocios.com.do\/v1\/wp-json\/wp\/v2\/types\/post"}],"author":[{"embeddable":true,"href":"https:\/\/elmundodelosnegocios.com.do\/v1\/wp-json\/wp\/v2\/users\/2"}],"replies":[{"embeddable":true,"href":"https:\/\/elmundodelosnegocios.com.do\/v1\/wp-json\/wp\/v2\/comments?post=8293"}],"version-history":[{"count":0,"href":"https:\/\/elmundodelosnegocios.com.do\/v1\/wp-json\/wp\/v2\/posts\/8293\/revisions"}],"wp:featuredmedia":[{"embeddable":true,"href":"https:\/\/elmundodelosnegocios.com.do\/v1\/wp-json\/wp\/v2\/media\/8295"}],"wp:attachment":[{"href":"https:\/\/elmundodelosnegocios.com.do\/v1\/wp-json\/wp\/v2\/media?parent=8293"}],"wp:term":[{"taxonomy":"category","embeddable":true,"href":"https:\/\/elmundodelosnegocios.com.do\/v1\/wp-json\/wp\/v2\/categories?post=8293"},{"taxonomy":"post_tag","embeddable":true,"href":"https:\/\/elmundodelosnegocios.com.do\/v1\/wp-json\/wp\/v2\/tags?post=8293"}],"curies":[{"name":"wp","href":"https:\/\/api.w.org\/{rel}","templated":true}]}}