{"id":8302,"date":"2021-07-21T10:08:20","date_gmt":"2021-07-21T14:38:20","guid":{"rendered":"http:\/\/elmundodelosnegocios.com.do\/v1\/?p=8302"},"modified":"2021-07-21T10:08:20","modified_gmt":"2021-07-21T14:38:20","slug":"aerodom-y-transitando-inauguran-exposicion-de-murales-de-artistas-dominicanos-en-aila-jfpg","status":"publish","type":"post","link":"https:\/\/elmundodelosnegocios.com.do\/v1\/aerodom-y-transitando-inauguran-exposicion-de-murales-de-artistas-dominicanos-en-aila-jfpg\/","title":{"rendered":"AERODOM y Transitando inauguran exposici\u00f3n de murales de artistas dominicanos en AILA-JFPG"},"content":{"rendered":"<p>Aeropuertos Dominicanos Siglo XXI (AERODOM), junto al colectivo de arte Transitando, inauguraron la exposici\u00f3n de murales \u201cEl Color de Santo Domingo\u201d, en la que un grupo de 13 artistas pintaron murales con elementos ic\u00f3nicos de la ciudad de Santo Domingo con el objetivo de ofrecer una c\u00e1lida bienvenida a todos los pasajeros que ingresan al pa\u00eds a trav\u00e9s del Aeropuerto Int. de Las Am\u00e9ricas, Jos\u00e9 Fco. Pe\u00f1a G\u00f3mez (AILA-JFPG).<\/p>\n<p>Los murales, ubicados en el \u00e1rea de Llegadas de la terminal, fueron pintados por artistas visuales consagrados y emergentes del colectivo Transitando, en los que se aprecia el patrimonio cultural, la gastronom\u00eda, la vida nocturna y vida social de la ciudad capital a la que sirve este aeropuerto.<\/p>\n<p>\u201cEsta exposici\u00f3n forma parte de nuestro continuo inter\u00e9s por mejorar la experiencia de todos aquellos que ingresan a nuestro pa\u00eds a trav\u00e9s de las terminales a\u00e9reas administradas por nosotros, y complementa los numerosos esfuerzos que desde AERODOM y VINCI Airports estamos realizando para satisfacer las crecientes expectativas de todos nuestros usuarios\u201d, expres\u00f3 M\u00f3nika Infante Henr\u00edquez, directora general de AERODOM.<\/p>\n","protected":false},"excerpt":{"rendered":"<p>Aeropuertos Dominicanos Siglo XXI (AERODOM), junto al colectivo de arte Transitando, inauguraron la exposici\u00f3n de murales \u201cEl Color de Santo Domingo\u201d, en la que un grupo de 13 artistas pintaron&hellip; <\/p>\n","protected":false},"author":2,"featured_media":8303,"comment_status":"open","ping_status":"open","sticky":false,"template":"","format":"standard","meta":{"fifu_image_url":"","fifu_image_alt":"","footnotes":""},"categories":[179],"tags":[],"class_list":["post-8302","post","type-post","status-publish","format-standard","has-post-thumbnail","hentry","category-arte"],"_links":{"self":[{"href":"https:\/\/elmundodelosnegocios.com.do\/v1\/wp-json\/wp\/v2\/posts\/8302","targetHints":{"allow":["GET"]}}],"collection":[{"href":"https:\/\/elmundodelosnegocios.com.do\/v1\/wp-json\/wp\/v2\/posts"}],"about":[{"href":"https:\/\/elmundodelosnegocios.com.do\/v1\/wp-json\/wp\/v2\/types\/post"}],"author":[{"embeddable":true,"href":"https:\/\/elmundodelosnegocios.com.do\/v1\/wp-json\/wp\/v2\/users\/2"}],"replies":[{"embeddable":true,"href":"https:\/\/elmundodelosnegocios.com.do\/v1\/wp-json\/wp\/v2\/comments?post=8302"}],"version-history":[{"count":0,"href":"https:\/\/elmundodelosnegocios.com.do\/v1\/wp-json\/wp\/v2\/posts\/8302\/revisions"}],"wp:featuredmedia":[{"embeddable":true,"href":"https:\/\/elmundodelosnegocios.com.do\/v1\/wp-json\/wp\/v2\/media\/8303"}],"wp:attachment":[{"href":"https:\/\/elmundodelosnegocios.com.do\/v1\/wp-json\/wp\/v2\/media?parent=8302"}],"wp:term":[{"taxonomy":"category","embeddable":true,"href":"https:\/\/elmundodelosnegocios.com.do\/v1\/wp-json\/wp\/v2\/categories?post=8302"},{"taxonomy":"post_tag","embeddable":true,"href":"https:\/\/elmundodelosnegocios.com.do\/v1\/wp-json\/wp\/v2\/tags?post=8302"}],"curies":[{"name":"wp","href":"https:\/\/api.w.org\/{rel}","templated":true}]}}