{"id":83192,"date":"2026-08-31T09:19:31","date_gmt":"2026-08-31T13:49:31","guid":{"rendered":"https:\/\/elmundodelosnegocios.com.do\/v1\/?p=83192"},"modified":"2026-08-31T10:08:11","modified_gmt":"2026-08-31T14:38:11","slug":"gray-line-amplia-su-presencia-internacional-hacia-el-salvador-con-inversion-y-liderazgo-dominico-salvadoreno","status":"publish","type":"post","link":"https:\/\/elmundodelosnegocios.com.do\/v1\/gray-line-amplia-su-presencia-internacional-hacia-el-salvador-con-inversion-y-liderazgo-dominico-salvadoreno\/","title":{"rendered":"Gray Line ampl\u00eda su presencia internacional hacia El Salvador con inversi\u00f3n y liderazgo dominico-salvadore\u00f1o"},"content":{"rendered":"\n<p class=\"wp-block-paragraph\">Ministra de Turismo de El Salvador da la bienvenida a Gray Line y destaca los lazos fraternales con Rep\u00fablica Dominicana<\/p>\n\n\n\n<p class=\"wp-block-paragraph\">San Salvador.\u2013 La reconocida marca internacional de experiencias tur\u00edsticas Gray Line inici\u00f3 operaciones en El Salvador con inversi\u00f3n y participaci\u00f3n empresarial dominicana, encabezada por el empresario Juan Tom\u00e1s D\u00edaz, socio de Gray Line El Salvador y vinculado durante 14 a\u00f1os a las operaciones de la compa\u00f1\u00eda en Rep\u00fablica Dominicana, y el empresario israel\u00ed y desarrollador tur\u00edstico Yossi Abadi. La llegada de la empresa se produce en un contexto marcado por los avances de El Salvador en materia de seguridad, factor que ha contribuido a fortalecer la confianza de visitantes e inversionistas y a potenciar el crecimiento de la actividad tur\u00edstica.<\/p>\n\n\n\n<figure data-wp-context=\"{&quot;imageId&quot;:&quot;6a95f9f2c26a3&quot;}\" data-wp-interactive=\"core\/image\" data-wp-key=\"6a95f9f2c26a3\" class=\"wp-block-image size-large wp-lightbox-container\"><img loading=\"lazy\" decoding=\"async\" width=\"1024\" height=\"441\" data-wp-class--hide=\"state.isContentHidden\" data-wp-class--show=\"state.isContentVisible\" data-wp-init=\"callbacks.setButtonStyles\" data-wp-on--click=\"actions.showLightbox\" data-wp-on--load=\"callbacks.setButtonStyles\" data-wp-on--pointerdown=\"actions.preloadImage\" data-wp-on--pointerenter=\"actions.preloadImageWithDelay\" data-wp-on--pointerleave=\"actions.cancelPreload\" data-wp-on-window--resize=\"callbacks.setButtonStyles\" src=\"https:\/\/elmundodelosnegocios.com.do\/v1\/wp-content\/uploads\/2026\/08\/922d70cb-f9c2-4b91-985f-bf664b4867ea-1024x441.jpeg\" alt=\"\" class=\"wp-image-83193\" srcset=\"https:\/\/elmundodelosnegocios.com.do\/v1\/wp-content\/uploads\/2026\/08\/922d70cb-f9c2-4b91-985f-bf664b4867ea-1024x441.jpeg 1024w, https:\/\/elmundodelosnegocios.com.do\/v1\/wp-content\/uploads\/2026\/08\/922d70cb-f9c2-4b91-985f-bf664b4867ea-300x129.jpeg 300w, https:\/\/elmundodelosnegocios.com.do\/v1\/wp-content\/uploads\/2026\/08\/922d70cb-f9c2-4b91-985f-bf664b4867ea-767x330.jpeg 767w, https:\/\/elmundodelosnegocios.com.do\/v1\/wp-content\/uploads\/2026\/08\/922d70cb-f9c2-4b91-985f-bf664b4867ea.jpeg 1280w\" sizes=\"auto, (max-width: 1024px) 100vw, 1024px\" \/><button\n\t\t\tclass=\"lightbox-trigger\"\n\t\t\ttype=\"button\"\n\t\t\taria-haspopup=\"dialog\"\n\t\t\tdata-wp-bind--aria-label=\"state.thisImage.triggerButtonAriaLabel\"\n\t\t\tdata-wp-init=\"callbacks.initTriggerButton\"\n\t\t\tdata-wp-on--click=\"actions.showLightbox\"\n\t\t\tdata-wp-style--right=\"state.thisImage.buttonRight\"\n\t\t\tdata-wp-style--top=\"state.thisImage.buttonTop\"\n\t\t>\n\t\t\t<svg xmlns=\"http:\/\/www.w3.org\/2000\/svg\" width=\"12\" height=\"12\" fill=\"none\" viewBox=\"0 0 12 12\">\n\t\t\t\t<path fill=\"#fff\" d=\"M2 0a2 2 0 0 0-2 2v2h1.5V2a.5.5 0 0 1 .5-.5h2V0H2Zm2 10.5H2a.5.5 0 0 1-.5-.5V8H0v2a2 2 0 0 0 2 2h2v-1.5ZM8 12v-1.5h2a.5.5 0 0 0 .5-.5V8H12v2a2 2 0 0 1-2 2H8Zm2-12a2 2 0 0 1 2 2v2h-1.5V2a.5.5 0 0 0-.5-.5H8V0h2Z\" \/>\n\t\t\t<\/svg>\n\t\t<\/button><\/figure>\n\n\n\n<p class=\"wp-block-paragraph\">La nueva operaci\u00f3n busca ampliar la oferta de transporte, excursiones y experiencias tur\u00edsticas para visitantes nacionales e internacionales.<\/p>\n\n\n\n<p class=\"wp-block-paragraph\">Una oferta tur\u00edstica para descubrir El Salvador<\/p>\n\n\n\n<p class=\"wp-block-paragraph\">La empresa, especializada en sightseeing y con m\u00e1s de 115 a\u00f1os de trayectoria, inici\u00f3 sus servicios con tours de un d\u00eda, transporte tur\u00edstico privado y compartido, paquetes personalizados y traslados desde y hacia el aeropuerto. Su oferta incluye destinos como la Ruta de las Flores, Lago de Coatepeque, El Tunco, El Zonte, Centro Hist\u00f3rico de San Salvador, Joya de Cer\u00e9n, volcanes y playas, integrando algunos de los principales atractivos naturales, culturales e hist\u00f3ricos del pa\u00eds.<\/p>\n\n\n\n<p class=\"wp-block-paragraph\">Gray Line apuesta por una movilidad tur\u00edstica 100% el\u00e9ctrica<\/p>\n\n\n\n<p class=\"wp-block-paragraph\">Como parte de su plan de expansi\u00f3n, Gray Line prepara para octubre una segunda etapa que contempla la incorporaci\u00f3n de nuevos veh\u00edculos 100% el\u00e9ctricos y el lanzamiento de Gray Line City Tour, un producto dise\u00f1ado para recorrer de manera organizada los principales atractivos de San Salvador y ampliar las alternativas de movilidad tur\u00edstica en el pa\u00eds.<\/p>\n\n\n\n<p class=\"wp-block-paragraph\">Turismo destaca el impacto de la nueva inversi\u00f3n<\/p>\n\n\n\n<p class=\"wp-block-paragraph\">La llegada de la compa\u00f1\u00eda fue valorada por la ministra de Turismo de El Salvador, Morena Ileana Valdez Vigil, quien destac\u00f3 que la incorporaci\u00f3n de operadores internacionales contribuye a diversificar y fortalecer la oferta tur\u00edstica. La funcionaria resalt\u00f3 adem\u00e1s el potencial de este tipo de inversiones para generar empleos, oportunidades para proveedores locales y nuevos encadenamientos dentro de la industria tur\u00edstica salvadore\u00f1a.<\/p>\n\n\n\n<p class=\"wp-block-paragraph\">Inversi\u00f3n dominicana con visi\u00f3n regional<\/p>\n\n\n\n<p class=\"wp-block-paragraph\">Juan Tom\u00e1s D\u00edaz destac\u00f3 que la experiencia acumulada durante 14 a\u00f1os en Rep\u00fablica Dominicana permiti\u00f3 identificar oportunidades para llevar el modelo de Gray Line a nuevos mercados de la regi\u00f3n. El empresario felicit\u00f3 a la ministra de Turismo por el trabajo que desarrolla para impulsar el sector y resalt\u00f3 el clima favorable para la inversi\u00f3n que presenta actualmente El Salvador, no solo en el \u00e1mbito tur\u00edstico, sino tambi\u00e9n en otras \u00e1reas de la econom\u00eda, lo que abre espacio para nuevas inversiones, servicios especializados, generaci\u00f3n de empleos y alianzas con empresas locales.<\/p>\n\n\n\n<p class=\"wp-block-paragraph\">\u201cEstamos invirtiendo con una visi\u00f3n de largo plazo porque vemos una oportunidad real en el crecimiento tur\u00edstico de El Salvador. El pa\u00eds est\u00e1 despertando un mayor inter\u00e9s entre viajeros internacionales y consideramos que ese crecimiento debe ir acompa\u00f1ado de m\u00e1s infraestructura, transporte especializado y experiencias con est\u00e1ndares internacionales\u201d, afirm\u00f3 D\u00edaz, al destacar que la apuesta es desarrollar una operaci\u00f3n que crezca junto al destino y genere oportunidades para otros actores de la industria.<\/p>\n\n\n\n<p class=\"wp-block-paragraph\">Por su parte, Yossi Abadi, socio de Gray Line El Salvador, explic\u00f3 que el proyecto busca combinar la experiencia internacional de la marca con el conocimiento del mercado salvadore\u00f1o. Destac\u00f3 que el pa\u00eds concentra en distancias relativamente cortas playas, volcanes, ciudades, gastronom\u00eda, cultura e historia, lo que permite desarrollar experiencias organizadas y accesibles. La operaci\u00f3n tambi\u00e9n contempla oportunidades de colaboraci\u00f3n con hoteles, restaurantes, operadores tur\u00edsticos, gu\u00edas, proveedores y comunidades locales.<\/p>\n","protected":false},"excerpt":{"rendered":"<p>Ministra de Turismo de El Salvador da la bienvenida a Gray Line y destaca los lazos fraternales con Rep\u00fablica Dominicana San Salvador.\u2013 La reconocida marca internacional de experiencias tur\u00edsticas Gray&hellip; <\/p>\n","protected":false},"author":2,"featured_media":83213,"comment_status":"closed","ping_status":"closed","sticky":false,"template":"","format":"standard","meta":{"fifu_image_url":"https:\/\/elmundodelosnegocios.com.do\/v1\/wp-content\/uploads\/2026\/08\/922d70cb-f9c2-4b91-985f-bf664b4867ea-1024x441.jpeg","fifu_image_alt":"","footnotes":""},"categories":[172],"tags":[],"class_list":["post-83192","post","type-post","status-publish","format-standard","has-post-thumbnail","hentry","category-turismo"],"jetpack_featured_media_url":"https:\/\/elmundodelosnegocios.com.do\/v1\/wp-content\/uploads\/2026\/08\/922d70cb-f9c2-4b91-985f-bf664b4867ea-1024x441.jpeg","_links":{"self":[{"href":"https:\/\/elmundodelosnegocios.com.do\/v1\/wp-json\/wp\/v2\/posts\/83192","targetHints":{"allow":["GET"]}}],"collection":[{"href":"https:\/\/elmundodelosnegocios.com.do\/v1\/wp-json\/wp\/v2\/posts"}],"about":[{"href":"https:\/\/elmundodelosnegocios.com.do\/v1\/wp-json\/wp\/v2\/types\/post"}],"author":[{"embeddable":true,"href":"https:\/\/elmundodelosnegocios.com.do\/v1\/wp-json\/wp\/v2\/users\/2"}],"replies":[{"embeddable":true,"href":"https:\/\/elmundodelosnegocios.com.do\/v1\/wp-json\/wp\/v2\/comments?post=83192"}],"version-history":[{"count":1,"href":"https:\/\/elmundodelosnegocios.com.do\/v1\/wp-json\/wp\/v2\/posts\/83192\/revisions"}],"predecessor-version":[{"id":83194,"href":"https:\/\/elmundodelosnegocios.com.do\/v1\/wp-json\/wp\/v2\/posts\/83192\/revisions\/83194"}],"wp:featuredmedia":[{"embeddable":true,"href":"https:\/\/elmundodelosnegocios.com.do\/v1\/wp-json\/wp\/v2\/media\/83213"}],"wp:attachment":[{"href":"https:\/\/elmundodelosnegocios.com.do\/v1\/wp-json\/wp\/v2\/media?parent=83192"}],"wp:term":[{"taxonomy":"category","embeddable":true,"href":"https:\/\/elmundodelosnegocios.com.do\/v1\/wp-json\/wp\/v2\/categories?post=83192"},{"taxonomy":"post_tag","embeddable":true,"href":"https:\/\/elmundodelosnegocios.com.do\/v1\/wp-json\/wp\/v2\/tags?post=83192"}],"curies":[{"name":"wp","href":"https:\/\/api.w.org\/{rel}","templated":true}]}}