{"id":83195,"date":"2026-08-31T09:24:38","date_gmt":"2026-08-31T13:54:38","guid":{"rendered":"https:\/\/elmundodelosnegocios.com.do\/v1\/?p=83195"},"modified":"2026-08-31T10:08:51","modified_gmt":"2026-08-31T14:38:51","slug":"emergerd-presenta-su-agenda-oficial-y-consolida-a-santo-domingo-como-punto-de-encuentro-de-la-nueva-moda-dominicana","status":"publish","type":"post","link":"https:\/\/elmundodelosnegocios.com.do\/v1\/emergerd-presenta-su-agenda-oficial-y-consolida-a-santo-domingo-como-punto-de-encuentro-de-la-nueva-moda-dominicana\/","title":{"rendered":"EMERGERD presenta su agenda oficial y consolida a Santo Domingo como punto de encuentro de la nueva moda Dominicana"},"content":{"rendered":"\n<p class=\"wp-block-paragraph\"><strong><em>\u201cLa plataforma reunir\u00e1 a dise\u00f1adores emergentes, instituciones acad\u00e9micas, fundaciones y l\u00edderes de la industria, con la dise\u00f1adora espa\u00f1ola \u00c1gatha Ruiz de la Prada y Jos\u00e9 Forteza, la m\u00e1xima autoridad en moda latinoamericana, como padrinos internacionales\u201d.<\/em><\/strong><\/p>\n\n\n\n<p class=\"wp-block-paragraph\"><strong>Santo Domingo, Rep\u00fablica Dominicana .<\/strong>\u2014 EmergeRD presenta oficialmente su din\u00e1mica agenda de actividades durante una conferencia de prensa que tuvo lugar en el Sal\u00f3n Las Am\u00e9ricas del Crowne Plaza Santo Domingo by IHG, ante representantes de los medios de comunicaci\u00f3n, dise\u00f1adores, instituciones acad\u00e9micas, fundaciones vinculadas a la moda y destacadas personalidades de la industria creativa nacional.<\/p>\n\n\n\n<figure data-wp-context=\"{&quot;imageId&quot;:&quot;6a95f6c6293a5&quot;}\" data-wp-interactive=\"core\/image\" data-wp-key=\"6a95f6c6293a5\" class=\"wp-block-image size-large wp-lightbox-container\"><img loading=\"lazy\" decoding=\"async\" width=\"1024\" height=\"683\" data-wp-class--hide=\"state.isContentHidden\" data-wp-class--show=\"state.isContentVisible\" data-wp-init=\"callbacks.setButtonStyles\" data-wp-on--click=\"actions.showLightbox\" data-wp-on--load=\"callbacks.setButtonStyles\" data-wp-on--pointerdown=\"actions.preloadImage\" data-wp-on--pointerenter=\"actions.preloadImageWithDelay\" data-wp-on--pointerleave=\"actions.cancelPreload\" data-wp-on-window--resize=\"callbacks.setButtonStyles\" src=\"https:\/\/elmundodelosnegocios.com.do\/v1\/wp-content\/uploads\/2026\/08\/Foto-Principal-I-Henry-Coradin-Angelica-de-los-SantosJoan-Gonzalez-Marielle-Araujo-Socrates-Mckinney-Ichanell-Rodriguez-Estela-Coiscou-Francis-Rosa-1024x683.jpg\" alt=\"\" class=\"wp-image-83196\" srcset=\"https:\/\/elmundodelosnegocios.com.do\/v1\/wp-content\/uploads\/2026\/08\/Foto-Principal-I-Henry-Coradin-Angelica-de-los-SantosJoan-Gonzalez-Marielle-Araujo-Socrates-Mckinney-Ichanell-Rodriguez-Estela-Coiscou-Francis-Rosa-1024x683.jpg 1024w, https:\/\/elmundodelosnegocios.com.do\/v1\/wp-content\/uploads\/2026\/08\/Foto-Principal-I-Henry-Coradin-Angelica-de-los-SantosJoan-Gonzalez-Marielle-Araujo-Socrates-Mckinney-Ichanell-Rodriguez-Estela-Coiscou-Francis-Rosa-300x200.jpg 300w, https:\/\/elmundodelosnegocios.com.do\/v1\/wp-content\/uploads\/2026\/08\/Foto-Principal-I-Henry-Coradin-Angelica-de-los-SantosJoan-Gonzalez-Marielle-Araujo-Socrates-Mckinney-Ichanell-Rodriguez-Estela-Coiscou-Francis-Rosa-768x512.jpg 768w, https:\/\/elmundodelosnegocios.com.do\/v1\/wp-content\/uploads\/2026\/08\/Foto-Principal-I-Henry-Coradin-Angelica-de-los-SantosJoan-Gonzalez-Marielle-Araujo-Socrates-Mckinney-Ichanell-Rodriguez-Estela-Coiscou-Francis-Rosa.jpg 1152w\" sizes=\"auto, (max-width: 1024px) 100vw, 1024px\" \/><button\n\t\t\tclass=\"lightbox-trigger\"\n\t\t\ttype=\"button\"\n\t\t\taria-haspopup=\"dialog\"\n\t\t\tdata-wp-bind--aria-label=\"state.thisImage.triggerButtonAriaLabel\"\n\t\t\tdata-wp-init=\"callbacks.initTriggerButton\"\n\t\t\tdata-wp-on--click=\"actions.showLightbox\"\n\t\t\tdata-wp-style--right=\"state.thisImage.buttonRight\"\n\t\t\tdata-wp-style--top=\"state.thisImage.buttonTop\"\n\t\t>\n\t\t\t<svg xmlns=\"http:\/\/www.w3.org\/2000\/svg\" width=\"12\" height=\"12\" fill=\"none\" viewBox=\"0 0 12 12\">\n\t\t\t\t<path fill=\"#fff\" d=\"M2 0a2 2 0 0 0-2 2v2h1.5V2a.5.5 0 0 1 .5-.5h2V0H2Zm2 10.5H2a.5.5 0 0 1-.5-.5V8H0v2a2 2 0 0 0 2 2h2v-1.5ZM8 12v-1.5h2a.5.5 0 0 0 .5-.5V8H12v2a2 2 0 0 1-2 2H8Zm2-12a2 2 0 0 1 2 2v2h-1.5V2a.5.5 0 0 0-.5-.5H8V0h2Z\" \/>\n\t\t\t<\/svg>\n\t\t<\/button><\/figure>\n\n\n\n<p class=\"wp-block-paragraph\">El encuentro reuni\u00f3 a m\u00e1s de cien dise\u00f1adores emergentes que respondieron a la convocatoria de esta primera edici\u00f3n, las seis colecciones seleccionadas para la etapa final, representantes de las escuelas y universidades participantes, aliados institucionales y empresariales, as\u00ed como a importantes figuras del mundo fashionista de la Rep\u00fablica Dominicana.<\/p>\n\n\n\n<p class=\"wp-block-paragraph\">EmergeRD nace como una plataforma dedicada a descubrir, formar, acompa\u00f1ar y proyectar a la nueva generaci\u00f3n de dise\u00f1adores dominicanos, ofreci\u00e9ndoles oportunidades reales de capacitaci\u00f3n, mentor\u00eda, exposici\u00f3n y vinculaci\u00f3n con la industria local e internacional.<\/p>\n\n\n\n<p class=\"wp-block-paragraph\">\u201cEmergeRD representa mucho m\u00e1s que una competencia. Es un proyecto concebido como marca-pa\u00eds que conecta talento, educaci\u00f3n, industria y oportunidades de negocio. Queremos que nuestros j\u00f3venes dise\u00f1adores comprendan que es posible construir una carrera profesional desde la Rep\u00fablica Dominicana y proyectarla dentro y fuera de nuestro territorio\u201d, expres\u00f3 S\u00f3crates McKinney, creador y director general de la plataforma.<\/p>\n\n\n\n<p class=\"wp-block-paragraph\"><strong>IHG: los hoteles de la moda en Santo Domingo<\/strong><\/p>\n\n\n\n<p class=\"wp-block-paragraph\">Las palabras de bienvenida estuvieron a cargo de Masiel Santana, gerente comercial del Crowne Plaza, quien destac\u00f3 el importante apoyo brindado por IHG Hotels &amp; Resorts, cuyos hoteles en Santo Domingo han servido como sedes de las distintas etapas de EmergeRD y continuar\u00e1n recibiendo los principales encuentros de su agenda oficial.<\/p>\n\n\n\n<p class=\"wp-block-paragraph\">El Crowne Plaza Santo Domingo, el InterContinental Real Santo Domingo, el Holiday Inn Santo Domingo, Las Casas del XVI y el Kimpton Las Mercedes se han convertido en aliados estrat\u00e9gicos de la plataforma, abriendo sus espacios a la creatividad, el talento emergente y la construcci\u00f3n de una industria de la moda m\u00e1s s\u00f3lida, profesional y conectada internacionalmente. Esta alianza posiciona a los hoteles de IHG como <strong>los hoteles de moda en Santo Domingo<\/strong>.<\/p>\n\n\n\n<p class=\"wp-block-paragraph\"><strong>\u00c1gatha Ruiz de la Prada, madrina internacional de EmergeRD<\/strong><\/p>\n\n\n\n<p class=\"wp-block-paragraph\">Uno de los momentos m\u00e1s esperados ser\u00e1 la llegada al pa\u00eds de la reconocida dise\u00f1adora espa\u00f1ola <strong>\u00c1gatha Ruiz de la Prada<\/strong>, madrina internacional de EmergeRD.<\/p>\n\n\n\n<p class=\"wp-block-paragraph\">La creadora agotar\u00e1 una agenda especial que incluir\u00e1 encuentros con los medios de comunicaci\u00f3n y una actividad coordinada con la Alcald\u00eda del Distrito Nacional, dentro de la cual se contempla una declaraci\u00f3n especial y la intervenci\u00f3n art\u00edstica de un emblem\u00e1tico espacio urbano de Santo Domingo. Esta iniciativa contar\u00e1 con la colaboraci\u00f3n de la Universidad Iberoamericana, UNIBE, y busca acercar la moda, el dise\u00f1o y el arte a la ciudad y a sus habitantes.<\/p>\n\n\n\n<p class=\"wp-block-paragraph\">Como parte de su visita, \u00c1gatha Ruiz de la Prada tambi\u00e9n presentar\u00e1 su m\u00e1s reciente colecci\u00f3n en un desfile especial en la Casa de los Vitrales, cuyos beneficios estar\u00e1n destinados a apoyar los programas de la <strong>Fundaci\u00f3n RD es Moda<\/strong>.<\/p>\n\n\n\n<p class=\"wp-block-paragraph\">Su presencia en el pa\u00eds constituye una oportunidad excepcional para el intercambio creativo y la proyecci\u00f3n internacional de la moda dominicana, especialmente para los j\u00f3venes dise\u00f1adores que participan en esta primera edici\u00f3n de EmergeRD.<\/p>\n\n\n\n<p class=\"wp-block-paragraph\"><strong>Fashion Talks: conocimiento, di\u00e1logo y visi\u00f3n de futuro<\/strong><\/p>\n\n\n\n<p class=\"wp-block-paragraph\">El martes 22 de septiembre, el Crowne Plaza Santo Domingo ser\u00e1 el escenario de <strong>EmergeRD Fashion Talks<\/strong>, una jornada formativa integrada por cuatro paneles en los que especialistas nacionales e internacionales analizar\u00e1n algunos de los temas m\u00e1s relevantes para el presente y el futuro de la industria.<\/p>\n\n\n\n<p class=\"wp-block-paragraph\">Los paneles abordar\u00e1n:<\/p>\n\n\n\n<ul class=\"wp-block-list\">\n<li>Moda y sostenibilidad, desde una perspectiva m\u00e1s all\u00e1 del impacto medioambiental, sino tambi\u00e9n econ\u00f3mica, social y cultural.\u00a0<\/li>\n\n\n\n<li>Comunicaci\u00f3n de moda y los nuevos lenguajes para conectar con las audiencias.\u00a0<\/li>\n\n\n\n<li>Retos de la educaci\u00f3n y la formaci\u00f3n t\u00e9cnica y profesional como pilares de una econom\u00eda con potencial.\u00a0<\/li>\n\n\n\n<li>Estilismo, dise\u00f1o de moda y construcci\u00f3n de una identidad creativa.\u00a0<\/li>\n\n\n\n<li>Inclusi\u00f3n financiera para pymes de moda.\u00a0<\/li>\n<\/ul>\n\n\n\n<p class=\"wp-block-paragraph\">La jornada concluir\u00e1 con la charla magistral de \u00c1gatha Ruiz de la Prada, <strong>\u201cMi Historia\u201d<\/strong>, basada en su libro autobiogr\u00e1fico del mismo t\u00edtulo. \u00c1gatha ser\u00e1 presentada por <strong>Jos\u00e9 Forteza<\/strong>, de las revistas <em>Vogue<\/em> y <em>GQ Latinoam\u00e9rica<\/em>.<\/p>\n\n\n\n<p class=\"wp-block-paragraph\">Fashion Talks ha sido concebido como un espacio educativo, de reflexi\u00f3n e intercambio de experiencias, abierto al di\u00e1logo entre dise\u00f1adores, estudiantes, docentes, comunicadores, empresarios y profesionales de las industrias creativas.<\/p>\n\n\n\n<p class=\"wp-block-paragraph\"><strong>LA GRAN FINAL DE EMERGERD<\/strong><\/p>\n\n\n\n<p class=\"wp-block-paragraph\">La agenda culminar\u00e1 el mi\u00e9rcoles 23 de septiembre con la gran noche final de EmergeRD, que se celebrar\u00e1 en el <strong>Kimpton Las Mercedes<\/strong>, en la Ciudad Colonial de Santo Domingo.<\/p>\n\n\n\n<p class=\"wp-block-paragraph\">Durante el evento, las seis colecciones finalistas ser\u00e1n presentadas en pasarela ante un jurado integrado por profesionales nacionales e internacionales. Al cierre de la noche ser\u00e1 seleccionada la <strong>Colecci\u00f3n Emergente 2026<\/strong>, reconocimiento que distinguir\u00e1 la propuesta con mayor solidez conceptual, creatividad, innovaci\u00f3n, calidad de ejecuci\u00f3n y potencial de proyecci\u00f3n comercial e internacional.<\/p>\n\n\n\n<p class=\"wp-block-paragraph\">La colecci\u00f3n ganadora recibir\u00e1 como premio principal una experiencia formativa en el prestigioso <strong>Instituto Marangoni de Mil\u00e1n<\/strong>, una de las instituciones de moda y dise\u00f1o m\u00e1s reconocidas internacionalmente.<\/p>\n\n\n\n<p class=\"wp-block-paragraph\">El programa de premios tambi\u00e9n incluye una pasant\u00eda remunerada, otorgada por la <strong>Fundaci\u00f3n Jenny Polanco<\/strong>, as\u00ed como oportunidades de visibilidad, acompa\u00f1amiento profesional y vinculaci\u00f3n con importantes actores de la industria.<\/p>\n\n\n\n<p class=\"wp-block-paragraph\"><strong>Una plataforma construida colectivamente<\/strong><\/p>\n\n\n\n<p class=\"wp-block-paragraph\">EmergeRD ha logrado articular en su primera edici\u00f3n a dise\u00f1adores, instituciones acad\u00e9micas, fundaciones, empresas, hoteles, organismos p\u00fablicos, profesionales y referentes internacionales alrededor de un prop\u00f3sito com\u00fan: impulsar el talento emergente y fortalecer el ecosistema de la moda dominicana.<\/p>\n\n\n\n<p class=\"wp-block-paragraph\">La plataforma reconoce especialmente la participaci\u00f3n de todos los dise\u00f1adores que respondieron a la convocatoria, no solamente de quienes avanzaron a la etapa final. Su entusiasmo y diversidad creativa evidencian el enorme potencial de una generaci\u00f3n preparada para transformar la industria.<\/p>\n\n\n\n<p class=\"wp-block-paragraph\">A las <strong>Fundaciones Refidomsa y RD es Moda<\/strong>, gracias a Noelia Garc\u00eda de Pereyra y Laura Fern\u00e1ndez de Castillo, por su apoyo y por creer en la importancia de seguir impulsando la moda y el talento dominicano en nuestro pa\u00eds y el exterior.<\/p>\n\n\n\n<p class=\"wp-block-paragraph\">A la <strong>Fundaci\u00f3n Women&#8217;s Care<\/strong>, gracias a Bethania Guerrero de Rizek, por apoyar el desarrollo del dise\u00f1o y las artes en nuestro pa\u00eds.<\/p>\n\n\n\n<p class=\"wp-block-paragraph\">A la <strong>Fundaci\u00f3n Ind\u00f3mita<\/strong>, gracias a Karina Cortorreal de Cruz y Eduardo Cruz, por crear un proyecto extraordinario que impulsa el dise\u00f1o dominicano desde la educaci\u00f3n y la comercializaci\u00f3n en el mercado local e internacional.<\/p>\n\n\n\n<p class=\"wp-block-paragraph\">A la <strong>Fundaci\u00f3n Jenny Polanco por las Artes<\/strong>, gracias a Carla Qui\u00f1ones y Dafnee Fr\u00edas, por mantener vivo el esp\u00edritu de su creadora en el desarrollo de proyectos que eleven la calidad y la identidad de nuestra industria.<\/p>\n\n\n\n<p class=\"wp-block-paragraph\">Para nosotros, la construcci\u00f3n de relaciones firmes y duraderas es un norte. Por eso, en este momento queremos agradecer a nuestro equipo t\u00e9cnico y a quienes lo conforman: <strong>Francis Rosa y Backpannels; Carlos Sousa e Inventivas; Joan Gonz\u00e1lez y Light Group y Modelare<\/strong>, quienes nos acompa\u00f1an con entusiasmo y profesionalidad desde siempre.<\/p>\n\n\n\n<p class=\"wp-block-paragraph\">Adem\u00e1s, queremos reconocer y agradecer a las marcas que apuestan por el talento local: <strong>Alcald\u00eda del Distrito Nacional, Arajet Airlines, Grupo Viamar, Mazda, Moda Jumbo, United Brands y sus marcas: Ron Siboney, Perlino y Champagne Taittinger; Daniel Espinal y sus marcas Elizabeth Arden y Kokie Cosmetics; nuestras amigas de ICAMP, representantes del Istituto Marangoni; Ministerio de Medio Ambiente, Oncoserv, Camila Casual, Corad\u00edn RRPP y STAM Beauty Academy<\/strong>.<\/p>\n\n\n\n<p class=\"wp-block-paragraph\">Y a nuestros <em>media partners<\/em>: <strong>Fashion Freak Club y TV, Revista Pandora, Revista A la Moda, La Boca Mag. y E3 Noticias<\/strong>.<\/p>\n\n\n\n<p class=\"wp-block-paragraph\">Con una agenda que integra educaci\u00f3n, cultura, sostenibilidad, comunicaci\u00f3n, ciudad, filantrop\u00eda y proyecci\u00f3n internacional, EmergeRD reafirma su compromiso de convertirse en un espacio permanente de acompa\u00f1amiento para los nuevos talentos y en una plataforma capaz de mostrarle al mundo una moda dominicana contempor\u00e1nea, diversa y con identidad propia.<\/p>\n","protected":false},"excerpt":{"rendered":"<p>\u201cLa plataforma reunir\u00e1 a dise\u00f1adores emergentes, instituciones acad\u00e9micas, fundaciones y l\u00edderes de la industria, con la dise\u00f1adora espa\u00f1ola \u00c1gatha Ruiz de la Prada y Jos\u00e9 Forteza, la m\u00e1xima autoridad en&hellip; <\/p>\n","protected":false},"author":2,"featured_media":83214,"comment_status":"closed","ping_status":"closed","sticky":false,"template":"","format":"standard","meta":{"fifu_image_url":"https:\/\/elmundodelosnegocios.com.do\/v1\/wp-content\/uploads\/2026\/08\/Foto-Principal-I-Henry-Coradin-Angelica-de-los-SantosJoan-Gonzalez-Marielle-Araujo-Socrates-Mckinney-Ichanell-Rodriguez-Estela-Coiscou-Francis-Rosa-1024x683.jpg","fifu_image_alt":"","footnotes":""},"categories":[274],"tags":[],"class_list":["post-83195","post","type-post","status-publish","format-standard","has-post-thumbnail","hentry","category-arte-y-cultura"],"jetpack_featured_media_url":"https:\/\/elmundodelosnegocios.com.do\/v1\/wp-content\/uploads\/2026\/08\/Foto-Principal-I-Henry-Coradin-Angelica-de-los-SantosJoan-Gonzalez-Marielle-Araujo-Socrates-Mckinney-Ichanell-Rodriguez-Estela-Coiscou-Francis-Rosa-1024x683.jpg","_links":{"self":[{"href":"https:\/\/elmundodelosnegocios.com.do\/v1\/wp-json\/wp\/v2\/posts\/83195","targetHints":{"allow":["GET"]}}],"collection":[{"href":"https:\/\/elmundodelosnegocios.com.do\/v1\/wp-json\/wp\/v2\/posts"}],"about":[{"href":"https:\/\/elmundodelosnegocios.com.do\/v1\/wp-json\/wp\/v2\/types\/post"}],"author":[{"embeddable":true,"href":"https:\/\/elmundodelosnegocios.com.do\/v1\/wp-json\/wp\/v2\/users\/2"}],"replies":[{"embeddable":true,"href":"https:\/\/elmundodelosnegocios.com.do\/v1\/wp-json\/wp\/v2\/comments?post=83195"}],"version-history":[{"count":1,"href":"https:\/\/elmundodelosnegocios.com.do\/v1\/wp-json\/wp\/v2\/posts\/83195\/revisions"}],"predecessor-version":[{"id":83197,"href":"https:\/\/elmundodelosnegocios.com.do\/v1\/wp-json\/wp\/v2\/posts\/83195\/revisions\/83197"}],"wp:featuredmedia":[{"embeddable":true,"href":"https:\/\/elmundodelosnegocios.com.do\/v1\/wp-json\/wp\/v2\/media\/83214"}],"wp:attachment":[{"href":"https:\/\/elmundodelosnegocios.com.do\/v1\/wp-json\/wp\/v2\/media?parent=83195"}],"wp:term":[{"taxonomy":"category","embeddable":true,"href":"https:\/\/elmundodelosnegocios.com.do\/v1\/wp-json\/wp\/v2\/categories?post=83195"},{"taxonomy":"post_tag","embeddable":true,"href":"https:\/\/elmundodelosnegocios.com.do\/v1\/wp-json\/wp\/v2\/tags?post=83195"}],"curies":[{"name":"wp","href":"https:\/\/api.w.org\/{rel}","templated":true}]}}