{"id":83218,"date":"2026-09-01T08:39:36","date_gmt":"2026-09-01T13:09:36","guid":{"rendered":"https:\/\/elmundodelosnegocios.com.do\/v1\/?p=83218"},"modified":"2026-09-01T08:39:37","modified_gmt":"2026-09-01T13:09:37","slug":"el-poder-de-la-creatividad-humana-en-la-era-de-la-inteligenciaartificial-sera-el-eje-de-la-conversacion-en-la-sexta-edicion-del-foro-caribe-naranja","status":"publish","type":"post","link":"https:\/\/elmundodelosnegocios.com.do\/v1\/el-poder-de-la-creatividad-humana-en-la-era-de-la-inteligenciaartificial-sera-el-eje-de-la-conversacion-en-la-sexta-edicion-del-foro-caribe-naranja\/","title":{"rendered":"El poder de la creatividad humana en la era de la inteligenciaartificial ser\u00e1 el eje de la conversaci\u00f3n en la sexta edici\u00f3n del Foro Caribe Naranja"},"content":{"rendered":"\n<p class=\"wp-block-paragraph\"><strong>Santo Domingo. \u2013<\/strong> Con el prop\u00f3sito de abrir una conversaci\u00f3n sobre el valor insustituible de la imaginaci\u00f3n, la sensibilidad y la identidad en una era marcada por la inteligencia artificial, se celebrar\u00e1 la sexta edici\u00f3n del Foro Caribe Naranja, bajo el lema \u00abCreatividad humana: lo que la IA no puede imaginar\u00bb, un evento organizado por Switch HAVAS y SIP Group.<\/p>\n\n\n<div class=\"wp-block-image\">\n<figure data-wp-context=\"{&quot;imageId&quot;:&quot;6a979b619a8a8&quot;}\" data-wp-interactive=\"core\/image\" data-wp-key=\"6a979b619a8a8\" class=\"aligncenter size-large wp-lightbox-container\"><img loading=\"lazy\" decoding=\"async\" width=\"1024\" height=\"682\" data-wp-class--hide=\"state.isContentHidden\" data-wp-class--show=\"state.isContentVisible\" data-wp-init=\"callbacks.setButtonStyles\" data-wp-on--click=\"actions.showLightbox\" data-wp-on--load=\"callbacks.setButtonStyles\" data-wp-on--pointerdown=\"actions.preloadImage\" data-wp-on--pointerenter=\"actions.preloadImageWithDelay\" data-wp-on--pointerleave=\"actions.cancelPreload\" data-wp-on-window--resize=\"callbacks.setButtonStyles\" src=\"https:\/\/elmundodelosnegocios.com.do\/v1\/wp-content\/uploads\/2026\/09\/IMG-20260831-WA0031-1024x682.jpg\" alt=\"\" class=\"wp-image-83219\" srcset=\"https:\/\/elmundodelosnegocios.com.do\/v1\/wp-content\/uploads\/2026\/09\/IMG-20260831-WA0031-1024x682.jpg 1024w, https:\/\/elmundodelosnegocios.com.do\/v1\/wp-content\/uploads\/2026\/09\/IMG-20260831-WA0031-300x200.jpg 300w, https:\/\/elmundodelosnegocios.com.do\/v1\/wp-content\/uploads\/2026\/09\/IMG-20260831-WA0031-767x511.jpg 767w, https:\/\/elmundodelosnegocios.com.do\/v1\/wp-content\/uploads\/2026\/09\/IMG-20260831-WA0031-1536x1023.jpg 1536w, https:\/\/elmundodelosnegocios.com.do\/v1\/wp-content\/uploads\/2026\/09\/IMG-20260831-WA0031.jpg 1600w\" sizes=\"auto, (max-width: 1024px) 100vw, 1024px\" \/><button\n\t\t\tclass=\"lightbox-trigger\"\n\t\t\ttype=\"button\"\n\t\t\taria-haspopup=\"dialog\"\n\t\t\tdata-wp-bind--aria-label=\"state.thisImage.triggerButtonAriaLabel\"\n\t\t\tdata-wp-init=\"callbacks.initTriggerButton\"\n\t\t\tdata-wp-on--click=\"actions.showLightbox\"\n\t\t\tdata-wp-style--right=\"state.thisImage.buttonRight\"\n\t\t\tdata-wp-style--top=\"state.thisImage.buttonTop\"\n\t\t>\n\t\t\t<svg xmlns=\"http:\/\/www.w3.org\/2000\/svg\" width=\"12\" height=\"12\" fill=\"none\" viewBox=\"0 0 12 12\">\n\t\t\t\t<path fill=\"#fff\" d=\"M2 0a2 2 0 0 0-2 2v2h1.5V2a.5.5 0 0 1 .5-.5h2V0H2Zm2 10.5H2a.5.5 0 0 1-.5-.5V8H0v2a2 2 0 0 0 2 2h2v-1.5ZM8 12v-1.5h2a.5.5 0 0 0 .5-.5V8H12v2a2 2 0 0 1-2 2H8Zm2-12a2 2 0 0 1 2 2v2h-1.5V2a.5.5 0 0 0-.5-.5H8V0h2Z\" \/>\n\t\t\t<\/svg>\n\t\t<\/button><\/figure>\n<\/div>\n\n\n<p class=\"wp-block-paragraph\">El evento, que tendr\u00e1 lugar el martes 6 de octubre de 2026, reunir\u00e1 a l\u00edderes, representantes del sector empresarial e instituciones p\u00fablicas para convertir los desaf\u00edos de la transformaci\u00f3n tecnol\u00f3gica en nuevas oportunidades de desarrollo.<\/p>\n\n\n\n<p class=\"wp-block-paragraph\">Foro Caribe Naranja se consolida como un escenario de reflexi\u00f3n y acci\u00f3n donde se abordan temas clave como la profesionalizaci\u00f3n de los oficios creativos, el acceso a financiamiento, la digitalizaci\u00f3n de la cultura y la generaci\u00f3n de modelos de negocio sostenibles.<\/p>\n\n\n\n<p class=\"wp-block-paragraph\">Durante la jornada, en la que tambi\u00e9n intervendr\u00e1n dos expertos internacionales, se desarrollar\u00e1n conferencias magistrales, paneles y sesiones de networking que permitir\u00e1n a los participantes conectar con aliados estrat\u00e9gicos, explorar nuevos mercados y fortalecer sus proyectos culturales con herramientas tecnol\u00f3gicas innovadoras.<\/p>\n\n\n\n<p class=\"wp-block-paragraph\"><em>\u00abEn un mundo en el que la inteligencia artificial est\u00e1 transformando la manera de crear, producir y trabajar, resulta fundamental impulsar espacios que reconozcan el valor insustituible de la creatividad humana. Aquello que nace de nuestra sensibilidad, intuici\u00f3n, identidad y capacidad de imaginar contin\u00faa siendo el principal motor para generar innovaci\u00f3n y posicionar al Caribe como un referente de las industrias culturales y creativas\u00bb,<\/em> expres\u00f3 Jos\u00e9 Grateraux, CEO de Switch | HAVAS.<\/p>\n\n\n\n<p class=\"wp-block-paragraph\">Asimismo, Pamela Pitizia, gerente general de Switch | HAVAS, afirm\u00f3 que \u00ab<em>Caribe Naranja propone entender la inteligencia artificial como una herramienta que puede potenciar el talento, pero no sustituir la esencia humana detr\u00e1s de cada idea. Invertir en creatividad significa apostar por personas capaces de pensar de manera cr\u00edtica, interpretar su realidad y transformar su identidad cultural en proyectos innovadores, sostenibles y con potencial para competir en escenarios internacionales\u00bb<\/em>.<\/p>\n\n\n\n<p class=\"wp-block-paragraph\"><em>\u00abLa inteligencia artificial no sustituye la creatividad, la desaf\u00eda. Nos obliga a redefinir qu\u00e9 nos hace \u00fanicos como creadores. En ese contexto, el emprendimiento cultural y creativo en Rep\u00fablica Dominicana cobra a\u00fan m\u00e1s valor: es ah\u00ed donde la tecnolog\u00eda encuentra prop\u00f3sito. No se trata solo de innovar, sino de contar historias que solo nacen aqu\u00ed, en nuestra cultura, con nuestra voz\u00bb,<\/em> afirm\u00f3 \u00c1ngel Rosario, Chief Creative Officer de Switch\u239fHavas.<\/p>\n\n\n\n<p class=\"wp-block-paragraph\">Por su parte, Arlette Palacio, fundadora y CEO de SIP Group y Educology, subray\u00f3 que la econom\u00eda naranja es, antes que nada, una econom\u00eda del talento: <em>\u00abLa inteligencia artificial democratiz\u00f3 la ejecuci\u00f3n: hoy cualquiera puede producir una pieza en minutos. Lo que no se democratiza es el criterio, la sensibilidad y la identidad cultural desde la que se crea. Por eso el reto del Caribe no es adoptar m\u00e1s herramientas, sino formar a las personas que sabr\u00e1n usarlas con prop\u00f3sito. La creatividad no es un don que se hereda, es una competencia que se desarrolla, y ah\u00ed la educaci\u00f3n tiene un rol econ\u00f3mico, no solo cultural\u00bb.<\/em><\/p>\n\n\n\n<p class=\"wp-block-paragraph\">Agreg\u00f3 que la sostenibilidad de las industrias creativas depende de que sean tambi\u00e9n un buen negocio: \u00abCuando hablamos de creatividad como motor de desarrollo estamos hablando de una industria de bajo impacto ambiental y alto valor agregado, exactamente el tipo de crecimiento que la regi\u00f3n necesita. Pero para que sea sostenible tiene que ser rentable. Profesionalizar los oficios creativos significa dotar a nuestros creadores de modelos de negocio, competencias digitales y capacidad real de competir fuera de la isla. El Caribe no tiene que escoger entre su identidad y la tecnolog\u00eda: nuestra ventaja competitiva est\u00e1 justamente en la combinaci\u00f3n de ambas\u00bb.<\/p>\n\n\n\n<p class=\"wp-block-paragraph\">El sexto Foro Caribe Naranja se realizar\u00e1 en Santo Domingo el pr\u00f3ximo 06 de octubre y cuenta con el apoyo de instituciones p\u00fablicas, privadas y organismos internacionales comprometidos con la dinamizaci\u00f3n de la econom\u00eda creativa como motor de desarrollo en la regi\u00f3n.<\/p>\n\n\n\n<p class=\"wp-block-paragraph\"><strong>Sobre Foro Caribe Naranja<\/strong><\/p>\n\n\n\n<p class=\"wp-block-paragraph\">El Foro Caribe Naranja tiene el objetivo de visibilizar, conectar e impulsar las industrias culturales y creativas de Rep\u00fablica Dominicana y el Caribe, as\u00ed como posicionar al pa\u00eds como hub creativo de la regi\u00f3n.<\/p>\n\n\n\n<p class=\"wp-block-paragraph\">Desde 2021, el Foro ha abordado temas vinculados con la econom\u00eda naranja, la convergencia digital, el turismo cultural y sostenible, la exportaci\u00f3n de la creatividad dominicana y el emprendimiento cultural y creativo. En cinco a\u00f1os ha involucrado a m\u00e1s de 120 actores, seis instituciones p\u00fablicas, 12 empresas privadas y tres organizaciones internacionales. Adem\u00e1s, ha reunido a m\u00e1s de 1,200 asistentes presenciales y alcanzado m\u00e1s de 10,000 registros en sus transmisiones v\u00eda streaming.<\/p>\n\n\n\n<p class=\"wp-block-paragraph\">Esta sexta edici\u00f3n del Foro cuenta con el patrocinio de BANRESERVAS, INICIA, Banco Popular. Para m\u00e1s informaci\u00f3n puede contactar la p\u00e1gina web <a href=\"https:\/\/forocaribenaranja.com\/\">https:\/\/forocaribenaranja.com\/<\/a>&nbsp;<\/p>\n\n\n\n<p class=\"wp-block-paragraph\"><strong>Caribe Naranja<\/strong><\/p>\n\n\n\n<p class=\"wp-block-paragraph\">Caribe Naranja es una plataforma creada por Switch HAVAS y SIP Group conformada por tres proyectos que se van desarrollando durante todo el a\u00f1o. Adem\u00e1s del Foro, la integran La Silla Naranja, una serie de temporada que tiene como objetivo darle visibilidad a diferentes actores que pertenecen a las industrias creativas y culturales del pa\u00eds, quienes a trav\u00e9s de sus visiones e historias demuestran el potencial la Rep\u00fablica Dominicana para seguir posicion\u00e1ndose como referente creativo del Caribe. El tercer proyecto es Conexi\u00f3n Naranja, que consiste en conversatorios puntuales que facilitan el intercambio de ideas, con la participaci\u00f3n de expertos y personalidades de diferentes gremios de la industria creativa, quienes comparten sus visiones y experiencias.<\/p>\n","protected":false},"excerpt":{"rendered":"<p>Santo Domingo. \u2013 Con el prop\u00f3sito de abrir una conversaci\u00f3n sobre el valor insustituible de la imaginaci\u00f3n, la sensibilidad y la identidad en una era marcada por la inteligencia artificial,&hellip; <\/p>\n","protected":false},"author":2,"featured_media":83221,"comment_status":"closed","ping_status":"closed","sticky":false,"template":"","format":"standard","meta":{"fifu_image_url":"https:\/\/elmundodelosnegocios.com.do\/v1\/wp-content\/uploads\/2026\/09\/IMG-20260831-WA0031-1024x682.jpg","fifu_image_alt":"","footnotes":""},"categories":[62],"tags":[],"class_list":["post-83218","post","type-post","status-publish","format-standard","has-post-thumbnail","hentry","category-economia"],"jetpack_featured_media_url":"https:\/\/elmundodelosnegocios.com.do\/v1\/wp-content\/uploads\/2026\/09\/IMG-20260831-WA0031-1024x682.jpg","_links":{"self":[{"href":"https:\/\/elmundodelosnegocios.com.do\/v1\/wp-json\/wp\/v2\/posts\/83218","targetHints":{"allow":["GET"]}}],"collection":[{"href":"https:\/\/elmundodelosnegocios.com.do\/v1\/wp-json\/wp\/v2\/posts"}],"about":[{"href":"https:\/\/elmundodelosnegocios.com.do\/v1\/wp-json\/wp\/v2\/types\/post"}],"author":[{"embeddable":true,"href":"https:\/\/elmundodelosnegocios.com.do\/v1\/wp-json\/wp\/v2\/users\/2"}],"replies":[{"embeddable":true,"href":"https:\/\/elmundodelosnegocios.com.do\/v1\/wp-json\/wp\/v2\/comments?post=83218"}],"version-history":[{"count":1,"href":"https:\/\/elmundodelosnegocios.com.do\/v1\/wp-json\/wp\/v2\/posts\/83218\/revisions"}],"predecessor-version":[{"id":83220,"href":"https:\/\/elmundodelosnegocios.com.do\/v1\/wp-json\/wp\/v2\/posts\/83218\/revisions\/83220"}],"wp:featuredmedia":[{"embeddable":true,"href":"https:\/\/elmundodelosnegocios.com.do\/v1\/wp-json\/wp\/v2\/media\/83221"}],"wp:attachment":[{"href":"https:\/\/elmundodelosnegocios.com.do\/v1\/wp-json\/wp\/v2\/media?parent=83218"}],"wp:term":[{"taxonomy":"category","embeddable":true,"href":"https:\/\/elmundodelosnegocios.com.do\/v1\/wp-json\/wp\/v2\/categories?post=83218"},{"taxonomy":"post_tag","embeddable":true,"href":"https:\/\/elmundodelosnegocios.com.do\/v1\/wp-json\/wp\/v2\/tags?post=83218"}],"curies":[{"name":"wp","href":"https:\/\/api.w.org\/{rel}","templated":true}]}}