{"id":83226,"date":"2026-09-02T14:34:50","date_gmt":"2026-09-02T19:04:50","guid":{"rendered":"https:\/\/elmundodelosnegocios.com.do\/v1\/ministerio-de-industria-comercio-y-mipymes-proyecta-a-rd-como-socio-confiable-para-producir-e-invertir-en-las-americas\/"},"modified":"2026-09-02T14:34:50","modified_gmt":"2026-09-02T19:04:50","slug":"ministerio-de-industria-comercio-y-mipymes-proyecta-a-rd-como-socio-confiable-para-producir-e-invertir-en-las-americas","status":"publish","type":"post","link":"https:\/\/elmundodelosnegocios.com.do\/v1\/ministerio-de-industria-comercio-y-mipymes-proyecta-a-rd-como-socio-confiable-para-producir-e-invertir-en-las-americas\/","title":{"rendered":"Ministerio de Industria, Comercio y Mipymes proyecta a RD como socio confiable para producir e invertir en Las Am\u00e9ricas"},"content":{"rendered":"<div>\n<div><em><b>Mi\u00e9rcoles, 2 de septiembre, 2026<\/b><\/em><\/div>\n<div><\/div>\n<div><i data-olk-copy-source=\"MessageBody\">Durante el 12\u00ba Congreso Mundial de la Alianza Empresarial para el Comercio Seguro Congreso Mundial (BASC), ante autoridades gubernamentales, organismos aduaneros, expertos internacionales y empresas vinculadas a la actividad log\u00edstica.<\/i><\/div>\n<div><i>\u00a0<\/i><\/div>\n<div><b><img fetchpriority=\"high\" decoding=\"async\" class=\"size-medium wp-image-275371 alignright\" src=\"https:\/\/micm.gob.do\/wp-content\/uploads\/2026\/09\/ministerio-de-industria-comercio-y-mipymes-proyecta-a-rd-como-socio-confiable-para-producir-e-invertir-en-las-americas-01-300x200.jpeg\" alt=\"\" width=\"300\" height=\"200\" srcset=\"https:\/\/micm.gob.do\/wp-content\/uploads\/2026\/09\/ministerio-de-industria-comercio-y-mipymes-proyecta-a-rd-como-socio-confiable-para-producir-e-invertir-en-las-americas-01-300x200.jpeg 300w, https:\/\/micm.gob.do\/wp-content\/uploads\/2026\/09\/ministerio-de-industria-comercio-y-mipymes-proyecta-a-rd-como-socio-confiable-para-producir-e-invertir-en-las-americas-01-1024x683.jpeg 1024w, https:\/\/micm.gob.do\/wp-content\/uploads\/2026\/09\/ministerio-de-industria-comercio-y-mipymes-proyecta-a-rd-como-socio-confiable-para-producir-e-invertir-en-las-americas-01-768x512.jpeg 768w, https:\/\/micm.gob.do\/wp-content\/uploads\/2026\/09\/ministerio-de-industria-comercio-y-mipymes-proyecta-a-rd-como-socio-confiable-para-producir-e-invertir-en-las-americas-01.jpeg 1280w\" sizes=\"(max-width: 300px) 100vw, 300px\">Miami, EE. UU. \u2013\u00a0<\/b>\u00a0El viceministro de Comercio Exterior, Daniel Pe\u00f1a, del Ministerio de Industria, Comercio y Mipymes (MICM), represent\u00f3 al ministro Yayo Sanz Lovat\u00f3n, como orador principal en el 12\u00ba Congreso Mundial de la Alianza Empresarial para el Comercio Seguro (BASC, por sus siglas en ingl\u00e9s): \u201cAsegurando el Comercio, Fortaleciendo la Confianza\u201d, a donde este fue invitado por los aportes que ha producido en materia de facilitaci\u00f3n y control del comercio desde que asumi\u00f3 la Direcci\u00f3n General de Aduanas en 2020 y que contin\u00faa desde el MICM.<\/div>\n<div><\/div>\n<div>All\u00ed Pe\u00f1a revalid\u00f3 que la Rep\u00fablica Dominicana tiene ya las condiciones para consolidarse como una plataforma ideal para el encadenamiento productivo y un socio confiable en Las Am\u00e9ricas sobre la base de instituciones modernas, innovaci\u00f3n, productividad y confianza.<\/div>\n<div><\/div>\n<div>El evento re\u00fane a autoridades gubernamentales, organismos aduaneros, expertos internacionales y empresas vinculadas a los distintos eslabones de la cadena de suministro.<\/div>\n<div><\/div>\n<div>Desde el MICM, Sanz Lovat\u00f3n contin\u00faa haciendo aportes a la regulaci\u00f3n comercial e industrial del pa\u00eds, encabezando \u00f3rganos como el Consejo Nacional de Log\u00edstica, la Mesa de Il\u00edcitos y el Consejo Interministerial de Propiedad Intelectual (CIPI).<\/div>\n<div><\/div>\n<div>Pe\u00f1a destac\u00f3 que el pa\u00eds cuenta con una infraestructura f\u00edsica amplia, desarrollada y ajustada a los requerimientos de una sociedad enfocada hacia el encadenamiento productivo y comercializaci\u00f3n de bienes y servicios.<\/div>\n<div><\/div>\n<div>\u201cLa Rep\u00fablica Dominicana es un punto de enlace comercial entre Europa, Norteam\u00e9rica y el resto de Latinoam\u00e9rica, con estabilidad social, pol\u00edtica y econ\u00f3mica, con talento humano disponible y con un s\u00f3lido marco legal y de incentivos para la inversi\u00f3n extranjera\u201d, a\u00f1adi\u00f3.<\/div>\n<div><\/div>\n<div>Cit\u00f3 que la inversi\u00f3n extranjera directa (IED) alcanz\u00f3 los US$3,276.5 millones al cierre del primer semestre de 2026, aumentando US$233.4 millones (7.7 %) en comparaci\u00f3n con el mismo periodo del a\u00f1o anterior, lo que refleja la confianza que el pa\u00eds sigue generando en los inversionistas.<\/div>\n<div><\/div>\n<div>Bajo la visi\u00f3n estrat\u00e9gica del presidente Luis Abinader, se han establecido el Gabinete Presidencial para el Desarrollo de las Exportaciones, el Plan Nacional de Fomento a las Exportaciones y herramientas como la Estrategia Nacional de Exportaci\u00f3n de Servicios Modernos. En este contexto, las exportaciones dominicanas alcanzaron un r\u00e9cord de US$9,277.0 millones durante el per\u00edodo enero-julio de 2026, lo que representa un crecimiento interanual de 12.5% y consolida el desempe\u00f1o positivo del sector exportador nacional.<\/div>\n<div><\/div>\n<div>Resalt\u00f3 que el MICM fortalece un comercio basado en reglas, mediante la Mesa de Coordinaci\u00f3n contra el Comercio Il\u00edcito y Competencia Desleal, mientras el Gobierno impulsa el Consejo Interministerial y la Estrategia Nacional de Propiedad Intelectual 2030, contribuyendo a un entorno m\u00e1s seguro para competir e invertir.<\/div>\n<div><\/div>\n<div><b>Sobre el congreso<\/b><\/div>\n<div><b>\u00a0<\/b><\/div>\n<div>Este congreso lo organiza BASC y coincide con el 30 aniversario de esta instituci\u00f3n, la cual promueve un comercio seguro en cooperaci\u00f3n con gobiernos y organismos internacionales.<\/div>\n<div>La agenda aborda seguridad de carga, amenazas transnacionales, comercio il\u00edcito, propiedad intelectual, tecnolog\u00edas avanzadas, cooperaci\u00f3n p\u00fablico-privada, facilitaci\u00f3n del comercio, seguridad fronteriza e inteligencia artificial aplicada a las cadenas de suministro.<\/div>\n<div><\/div>\n<div>Entre otros, en el evento participan Ian Saunders, secretario general de la Organizaci\u00f3n Mundial de Aduanas (OMA);\u00a0 Susan Thomas, comisionada ejecutiva adjunta de la Oficina de Comercio de Aduanas y Protecci\u00f3n Fronteriza de Estados Unidos (CBP); Erik Moncayo, presidente internacional de World BASC Organization; Shane Campbell, subdirector ejecutivo de Seguridad de Carga y Transporte de Aduanas y Protecci\u00f3n Fronteriza de Estados Unidos (CBP);\u00a0 Suzanne Lemaitre, directora ejecutiva de World BASC Organization;\u00a0 Adi Grimberg, presidente de BASC.<\/div>\n<div><\/div>\n<div><b>Direcci\u00f3n de Comunicaciones MICM<\/b><\/div>\n<p>The post <a href=\"https:\/\/micm.gob.do\/ministerio-de-industria-comercio-y-mipymes-proyecta-a-rd-como-socio-confiable-para-producir-e-invertir-en-las-americas\/\">Ministerio de Industria, Comercio y Mipymes proyecta a RD como socio confiable para producir e invertir en Las Am\u00e9ricas<\/a> appeared first on <a href=\"https:\/\/micm.gob.do\/\">MICM<\/a>.<\/p>\n<\/div>\n","protected":false},"excerpt":{"rendered":"<p>Mi\u00e9rcoles, 2 de septiembre, 2026 Durante el 12\u00ba Congreso Mundial de la Alianza Empresarial para el Comercio Seguro Congreso Mundial (BASC), ante autoridades gubernamentales, organismos aduaneros, expertos internacionales y empresas&hellip; <\/p>\n","protected":false},"author":2,"featured_media":83227,"comment_status":"closed","ping_status":"closed","sticky":false,"template":"","format":"standard","meta":{"fifu_image_url":"","fifu_image_alt":"","footnotes":""},"categories":[147],"tags":[],"class_list":["post-83226","post","type-post","status-publish","format-standard","has-post-thumbnail","hentry","category-comercio"],"jetpack_featured_media_url":"https:\/\/elmundodelosnegocios.com.do\/v1\/wp-content\/uploads\/2026\/09\/ministerio-de-industria-comercio-y-mipymes-proyecta-a-rd-como-socio-confiable-para-producir-e-invertir-en-las-americas-01-300x200-1.jpeg","_links":{"self":[{"href":"https:\/\/elmundodelosnegocios.com.do\/v1\/wp-json\/wp\/v2\/posts\/83226","targetHints":{"allow":["GET"]}}],"collection":[{"href":"https:\/\/elmundodelosnegocios.com.do\/v1\/wp-json\/wp\/v2\/posts"}],"about":[{"href":"https:\/\/elmundodelosnegocios.com.do\/v1\/wp-json\/wp\/v2\/types\/post"}],"author":[{"embeddable":true,"href":"https:\/\/elmundodelosnegocios.com.do\/v1\/wp-json\/wp\/v2\/users\/2"}],"replies":[{"embeddable":true,"href":"https:\/\/elmundodelosnegocios.com.do\/v1\/wp-json\/wp\/v2\/comments?post=83226"}],"version-history":[{"count":0,"href":"https:\/\/elmundodelosnegocios.com.do\/v1\/wp-json\/wp\/v2\/posts\/83226\/revisions"}],"wp:featuredmedia":[{"embeddable":true,"href":"https:\/\/elmundodelosnegocios.com.do\/v1\/wp-json\/wp\/v2\/media\/83227"}],"wp:attachment":[{"href":"https:\/\/elmundodelosnegocios.com.do\/v1\/wp-json\/wp\/v2\/media?parent=83226"}],"wp:term":[{"taxonomy":"category","embeddable":true,"href":"https:\/\/elmundodelosnegocios.com.do\/v1\/wp-json\/wp\/v2\/categories?post=83226"},{"taxonomy":"post_tag","embeddable":true,"href":"https:\/\/elmundodelosnegocios.com.do\/v1\/wp-json\/wp\/v2\/tags?post=83226"}],"curies":[{"name":"wp","href":"https:\/\/api.w.org\/{rel}","templated":true}]}}