{"id":83233,"date":"2026-09-03T09:26:34","date_gmt":"2026-09-03T13:56:34","guid":{"rendered":"https:\/\/elmundodelosnegocios.com.do\/v1\/?p=83233"},"modified":"2026-09-03T09:26:35","modified_gmt":"2026-09-03T13:56:35","slug":"aventurate-rd-reune-mas-300-compradores-nacionales-e-internacionales","status":"publish","type":"post","link":"https:\/\/elmundodelosnegocios.com.do\/v1\/aventurate-rd-reune-mas-300-compradores-nacionales-e-internacionales\/","title":{"rendered":"Avent\u00farate RD reune mas 300 compradores nacionales e internacionales"},"content":{"rendered":"\n<p class=\"wp-block-paragraph\"><strong>Puerto Plata, Rep\u00fablica Dominicana.<\/strong>\u2013 Con la participaci\u00f3n de 60 expositores y 300 agentes de viajes y turoperadores, se realiza la segunda edici\u00f3n de la feria Avent\u00farate RD, que busca la promoci\u00f3n y comercializaci\u00f3n de experiencias de aventura, naturaleza y cultura de Rep\u00fablica Dominicana.<\/p>\n\n\n<div class=\"wp-block-image\">\n<figure data-wp-context=\"{&quot;imageId&quot;:&quot;6a9d69abde2ff&quot;}\" data-wp-interactive=\"core\/image\" data-wp-key=\"6a9d69abde2ff\" class=\"aligncenter size-large wp-lightbox-container\"><img loading=\"lazy\" decoding=\"async\" width=\"1024\" height=\"683\" data-wp-class--hide=\"state.isContentHidden\" data-wp-class--show=\"state.isContentVisible\" data-wp-init=\"callbacks.setButtonStyles\" data-wp-on--click=\"actions.showLightbox\" data-wp-on--load=\"callbacks.setButtonStyles\" data-wp-on--pointerdown=\"actions.preloadImage\" data-wp-on--pointerenter=\"actions.preloadImageWithDelay\" data-wp-on--pointerleave=\"actions.cancelPreload\" data-wp-on-window--resize=\"callbacks.setButtonStyles\" src=\"https:\/\/elmundodelosnegocios.com.do\/v1\/wp-content\/uploads\/2026\/09\/Inicio-Aventurate-RD-1024x683.jpg\" alt=\"\" class=\"wp-image-83234\" srcset=\"https:\/\/elmundodelosnegocios.com.do\/v1\/wp-content\/uploads\/2026\/09\/Inicio-Aventurate-RD-1024x683.jpg 1024w, https:\/\/elmundodelosnegocios.com.do\/v1\/wp-content\/uploads\/2026\/09\/Inicio-Aventurate-RD-300x200.jpg 300w, https:\/\/elmundodelosnegocios.com.do\/v1\/wp-content\/uploads\/2026\/09\/Inicio-Aventurate-RD-767x511.jpg 767w, https:\/\/elmundodelosnegocios.com.do\/v1\/wp-content\/uploads\/2026\/09\/Inicio-Aventurate-RD-1536x1024.jpg 1536w, https:\/\/elmundodelosnegocios.com.do\/v1\/wp-content\/uploads\/2026\/09\/Inicio-Aventurate-RD-2048x1365.jpg 2048w\" sizes=\"auto, (max-width: 1024px) 100vw, 1024px\" \/><button\n\t\t\tclass=\"lightbox-trigger\"\n\t\t\ttype=\"button\"\n\t\t\taria-haspopup=\"dialog\"\n\t\t\tdata-wp-bind--aria-label=\"state.thisImage.triggerButtonAriaLabel\"\n\t\t\tdata-wp-init=\"callbacks.initTriggerButton\"\n\t\t\tdata-wp-on--click=\"actions.showLightbox\"\n\t\t\tdata-wp-style--right=\"state.thisImage.buttonRight\"\n\t\t\tdata-wp-style--top=\"state.thisImage.buttonTop\"\n\t\t>\n\t\t\t<svg xmlns=\"http:\/\/www.w3.org\/2000\/svg\" width=\"12\" height=\"12\" fill=\"none\" viewBox=\"0 0 12 12\">\n\t\t\t\t<path fill=\"#fff\" d=\"M2 0a2 2 0 0 0-2 2v2h1.5V2a.5.5 0 0 1 .5-.5h2V0H2Zm2 10.5H2a.5.5 0 0 1-.5-.5V8H0v2a2 2 0 0 0 2 2h2v-1.5ZM8 12v-1.5h2a.5.5 0 0 0 .5-.5V8H12v2a2 2 0 0 1-2 2H8Zm2-12a2 2 0 0 1 2 2v2h-1.5V2a.5.5 0 0 0-.5-.5H8V0h2Z\" \/>\n\t\t\t<\/svg>\n\t\t<\/button><\/figure>\n<\/div>\n\n\n<p class=\"wp-block-paragraph\">En el evento, que se desarrolla en la Novia del Atl\u00e1ntico, desde este lunes y se extender\u00e1 hasta este jueves, participan autoridades, representantes del sector tur\u00edstico, empresarios, expositores, agentes de viajes y turoperadores.<\/p>\n\n\n\n<p class=\"wp-block-paragraph\">Jakaira Cid, CEO de Manureva y de Avent\u00farate RD, inform\u00f3 que en el c\u00f3nclave participan agentes mayoristas y minoristas procedentes de m\u00e1s de 15 pa\u00edses. Se\u00f1al\u00f3 que este inter\u00e9s responde a la evoluci\u00f3n de un viajero que ya no se conforma con visitar un destino, sino que busca vivirlo a trav\u00e9s de su gente, su cultura y las historias que puede llevar consigo.<\/p>\n\n\n\n<p class=\"wp-block-paragraph\">Expres\u00f3 que Avent\u00farate RD es una plataforma para promover un turismo sostenible, capaz de generar oportunidades, proteger los recursos y mostrar al mundo \u00abesa otra Rep\u00fablica Dominicana\u00bb, mediante experiencias vinculadas con la gastronom\u00eda, la naturaleza y otras ofertas. Sostuvo que la innovaci\u00f3n, la tecnolog\u00eda y la inteligencia artificial abren nuevas posibilidades para conectar mercados y personalizar la oferta, pero advirti\u00f3 que ese avance debe acompa\u00f1arse de la preservaci\u00f3n de la identidad de las comunidades.<\/p>\n\n\n\n<p class=\"wp-block-paragraph\">Yira Vermenthon, directora de Iniciativas Tur\u00edsticas del Ministerio de Turismo, reafirm\u00f3 el inter\u00e9s institucional en respaldar espacios que favorezcan la diversificaci\u00f3n del producto tur\u00edstico nacional y la integraci\u00f3n de propuestas de aventura, naturaleza, cultura y comunidad.<\/p>\n\n\n\n<p class=\"wp-block-paragraph\">\u201cEsta feria da entrada a nuevos nichos de mercado, a personas que quieren ver que podemos ofrecerles a sus clientes que han visitado Republica Dominicana por sus playas y las experiencias que han tenido y desean volver a conocer m\u00e1s\u201d, expres\u00f3 la funcionaria, mientras que Carlos Rodol\u00ed, representante de AERODOM, resalt\u00f3 la importancia de la conectividad a\u00e9rea para acercar a Puerto Plata y a la diversidad de experiencias dominicanas con los mercados emisores.<\/p>\n\n\n\n<p class=\"wp-block-paragraph\">Dijo que los turistas visitan los destino y que el aeropuerto es la puerta de entrada, pero que las experiencias, la hospitalidad de su gente, la cultura, gastronom\u00eda, la riqueza natural de cada comunidad, son las que motivan al visitante a llegar, quedarse, regresar y recomendar.<\/p>\n\n\n\n<p class=\"wp-block-paragraph\">Ricardo Felip, en representaci\u00f3n de Coral Hospitality Corp., afirm\u00f3 que la incorporaci\u00f3n del Holiday Inn Puerto Plata a su portafolio expresa la confianza de la compa\u00f1\u00eda en el destino, en el crecimiento del turismo dominicano y en la capacidad del pa\u00eds para ampliar una oferta hotelera diversa y competitiva. Agreg\u00f3 que la gesti\u00f3n hotelera debe trascender el alojamiento y contribuir con la econom\u00eda del entorno, la creaci\u00f3n de experiencias y el desarrollo del talento local.<\/p>\n\n\n\n<p class=\"wp-block-paragraph\">Anthony Gonz\u00e1lez, vicepresidente del cl\u00faster tur\u00edstico de Puerto Plata, valor\u00f3 la celebraci\u00f3n de la feria en la provincia como una oportunidad para fortalecer la articulaci\u00f3n entre los actores locales y ampliar la comercializaci\u00f3n de la oferta complementaria del destino.<\/p>\n\n\n\n<p class=\"wp-block-paragraph\">\u201cEstamos trabajando por un turismo m\u00e1s diversificado e inclusivo y con mayores oportunidades, que nos permita ampliar nuestra oferta, incorporar nuevas experiencias y mostrar las distintas maneras en que se puede vivir en Puerto Plata\u201d, indic\u00f3.<\/p>\n","protected":false},"excerpt":{"rendered":"<p>Puerto Plata, Rep\u00fablica Dominicana.\u2013 Con la participaci\u00f3n de 60 expositores y 300 agentes de viajes y turoperadores, se realiza la segunda edici\u00f3n de la feria Avent\u00farate RD, que busca la&hellip; <\/p>\n","protected":false},"author":2,"featured_media":83236,"comment_status":"closed","ping_status":"closed","sticky":false,"template":"","format":"standard","meta":{"fifu_image_url":"https:\/\/elmundodelosnegocios.com.do\/v1\/wp-content\/uploads\/2026\/09\/Inicio-Aventurate-RD-1024x683.jpg","fifu_image_alt":"","footnotes":""},"categories":[172],"tags":[],"class_list":["post-83233","post","type-post","status-publish","format-standard","has-post-thumbnail","hentry","category-turismo"],"jetpack_featured_media_url":"https:\/\/elmundodelosnegocios.com.do\/v1\/wp-content\/uploads\/2026\/09\/Inicio-Aventurate-RD-1024x683.jpg","_links":{"self":[{"href":"https:\/\/elmundodelosnegocios.com.do\/v1\/wp-json\/wp\/v2\/posts\/83233","targetHints":{"allow":["GET"]}}],"collection":[{"href":"https:\/\/elmundodelosnegocios.com.do\/v1\/wp-json\/wp\/v2\/posts"}],"about":[{"href":"https:\/\/elmundodelosnegocios.com.do\/v1\/wp-json\/wp\/v2\/types\/post"}],"author":[{"embeddable":true,"href":"https:\/\/elmundodelosnegocios.com.do\/v1\/wp-json\/wp\/v2\/users\/2"}],"replies":[{"embeddable":true,"href":"https:\/\/elmundodelosnegocios.com.do\/v1\/wp-json\/wp\/v2\/comments?post=83233"}],"version-history":[{"count":1,"href":"https:\/\/elmundodelosnegocios.com.do\/v1\/wp-json\/wp\/v2\/posts\/83233\/revisions"}],"predecessor-version":[{"id":83235,"href":"https:\/\/elmundodelosnegocios.com.do\/v1\/wp-json\/wp\/v2\/posts\/83233\/revisions\/83235"}],"wp:featuredmedia":[{"embeddable":true,"href":"https:\/\/elmundodelosnegocios.com.do\/v1\/wp-json\/wp\/v2\/media\/83236"}],"wp:attachment":[{"href":"https:\/\/elmundodelosnegocios.com.do\/v1\/wp-json\/wp\/v2\/media?parent=83233"}],"wp:term":[{"taxonomy":"category","embeddable":true,"href":"https:\/\/elmundodelosnegocios.com.do\/v1\/wp-json\/wp\/v2\/categories?post=83233"},{"taxonomy":"post_tag","embeddable":true,"href":"https:\/\/elmundodelosnegocios.com.do\/v1\/wp-json\/wp\/v2\/tags?post=83233"}],"curies":[{"name":"wp","href":"https:\/\/api.w.org\/{rel}","templated":true}]}}