{"id":83253,"date":"2026-09-03T11:53:03","date_gmt":"2026-09-03T16:23:03","guid":{"rendered":"https:\/\/elmundodelosnegocios.com.do\/v1\/?p=83253"},"modified":"2026-09-03T11:53:05","modified_gmt":"2026-09-03T16:23:05","slug":"lanza-arajet-vuelos-con-tarifas-desde-4-dolares-en-cuarto-aniversario","status":"publish","type":"post","link":"https:\/\/elmundodelosnegocios.com.do\/v1\/lanza-arajet-vuelos-con-tarifas-desde-4-dolares-en-cuarto-aniversario\/","title":{"rendered":"Lanza Arajet vuelos con tarifas desde 4 d\u00f3lares en cuarto aniversario"},"content":{"rendered":"\n<p class=\"wp-block-paragraph\">Santo Domingo. \u2013 Arajet, la aerol\u00ednea bandera de Rep\u00fablica Dominicana, celebra este septiembre su cuarto aniversario con el lanzamiento de \u201cPurple Days\u201d (D\u00edas p\u00farpuras), una promoci\u00f3n especial con la que invita a sus pasajeros a festejar cuatro a\u00f1os de operaciones aprovechando tarifas promocionales para viajar a destinos internacionales de toda su red.<\/p>\n\n\n\n<figure class=\"wp-block-image size-large\"><img loading=\"lazy\" decoding=\"async\" width=\"1024\" height=\"576\" src=\"https:\/\/elmundodelosnegocios.com.do\/v1\/wp-content\/uploads\/2025\/08\/Aeronave-Arajet-2-1024x576.jpeg\" alt=\"\" class=\"wp-image-72215\" srcset=\"https:\/\/elmundodelosnegocios.com.do\/v1\/wp-content\/uploads\/2025\/08\/Aeronave-Arajet-2-1024x576.jpeg 1024w, https:\/\/elmundodelosnegocios.com.do\/v1\/wp-content\/uploads\/2025\/08\/Aeronave-Arajet-2-300x169.jpeg 300w, https:\/\/elmundodelosnegocios.com.do\/v1\/wp-content\/uploads\/2025\/08\/Aeronave-Arajet-2-768x432.jpeg 768w, https:\/\/elmundodelosnegocios.com.do\/v1\/wp-content\/uploads\/2025\/08\/Aeronave-Arajet-2.jpeg 1066w\" sizes=\"auto, (max-width: 1024px) 100vw, 1024px\" \/><\/figure>\n\n\n\n<p class=\"wp-block-paragraph\">La promoci\u00f3n estar\u00e1 disponible desde el 1 hasta el 15 de septiembre de 2026, periodo durante el cual los viajeros podr\u00e1n adquirir boletos con tarifas base promocionales desde US$4 en los distintos mercados donde opera la aerol\u00ednea. Para los vuelos desde S\u00e3o Paulo (GRU), las tarifas base estar\u00e1n disponibles desde US$44.<\/p>\n\n\n\n<p class=\"wp-block-paragraph\">El periodo de viaje de Purple Days se extender\u00e1 desde el 14 de septiembre de 2026 hasta el 31 de marzo de 2027, ofreciendo a los pasajeros la oportunidad de planificar sus pr\u00f3ximas vacaciones, escapadas o viajes con anticipaci\u00f3n.<\/p>\n\n\n\n<p class=\"wp-block-paragraph\">La promoci\u00f3n estar\u00e1 disponible en las clases tarifarias Basic, Classic, Comfort y Extra y aplicar\u00e1 a vuelos internacionales en todos los mercados de Arajet. Las tarifas promocionales no incluyen impuestos, tasas ni cargos de transporte, var\u00edan seg\u00fan la clase tarifaria y est\u00e1n sujetas a disponibilidad en una cantidad limitada de asientos.<\/p>\n\n\n\n<p class=\"wp-block-paragraph\">\u201cEstamos en nuestro mes aniversario, y queremos compartir este momento con nuestros pasajeros quienes han sido parte fundamental de nuestro crecimiento. Con Purple Days queremos agradecer su confianza ofreci\u00e9ndoles nuevas oportunidades para viajar, descubrir destinos y mantenerse conectados a trav\u00e9s de nuestra red, mientras continuamos trabajando para hacer que volar por las Am\u00e9ricas sea cada vez m\u00e1s accesible\u201d, expres\u00f3 V\u00edctor Pacheco, CEO y fundador de Arajet.<\/p>\n\n\n\n<p class=\"wp-block-paragraph\">Con Purple Days, Arajet inicia la celebraci\u00f3n de sus cuatro a\u00f1os de operaciones, reafirmando su compromiso de continuar ampliando las oportunidades de viaje y fortaleciendo la conectividad entre los diferentes destinos que forman parte de su red.<\/p>\n\n\n\n<p class=\"wp-block-paragraph\">Sobre Arajet<\/p>\n\n\n\n<p class=\"wp-block-paragraph\">Arajet es la aerol\u00ednea bandera de la Rep\u00fablica Dominicana. Reconocida como la Mejor Nueva Aerol\u00ednea del Mundo en 2023 durante el World Aviation Summit, inici\u00f3 operaciones en 2022 y opera desde sus dos bases en el Aeropuerto Internacional Las Am\u00e9ricas, en Santo Domingo, y el Aeropuerto Internacional de Punta Cana. Con una moderna flota de aeronaves Boeing 737 MAX, la aerol\u00ednea ofrece viajes seguros y econ\u00f3micos hacia diversos destinos en Am\u00e9rica del Norte, Central y del Sur, y el Caribe.<\/p>\n","protected":false},"excerpt":{"rendered":"<p>Santo Domingo. \u2013 Arajet, la aerol\u00ednea bandera de Rep\u00fablica Dominicana, celebra este septiembre su cuarto aniversario con el lanzamiento de \u201cPurple Days\u201d (D\u00edas p\u00farpuras), una promoci\u00f3n especial con la que&hellip; <\/p>\n","protected":false},"author":2,"featured_media":83255,"comment_status":"closed","ping_status":"closed","sticky":false,"template":"","format":"standard","meta":{"fifu_image_url":"https:\/\/elmundodelosnegocios.com.do\/v1\/wp-content\/uploads\/2025\/08\/Aeronave-Arajet-2.jpeg","fifu_image_alt":"","footnotes":""},"categories":[169],"tags":[],"class_list":["post-83253","post","type-post","status-publish","format-standard","has-post-thumbnail","hentry","category-transporte-internacional"],"jetpack_featured_media_url":"https:\/\/elmundodelosnegocios.com.do\/v1\/wp-content\/uploads\/2025\/08\/Aeronave-Arajet-2.jpeg","_links":{"self":[{"href":"https:\/\/elmundodelosnegocios.com.do\/v1\/wp-json\/wp\/v2\/posts\/83253","targetHints":{"allow":["GET"]}}],"collection":[{"href":"https:\/\/elmundodelosnegocios.com.do\/v1\/wp-json\/wp\/v2\/posts"}],"about":[{"href":"https:\/\/elmundodelosnegocios.com.do\/v1\/wp-json\/wp\/v2\/types\/post"}],"author":[{"embeddable":true,"href":"https:\/\/elmundodelosnegocios.com.do\/v1\/wp-json\/wp\/v2\/users\/2"}],"replies":[{"embeddable":true,"href":"https:\/\/elmundodelosnegocios.com.do\/v1\/wp-json\/wp\/v2\/comments?post=83253"}],"version-history":[{"count":1,"href":"https:\/\/elmundodelosnegocios.com.do\/v1\/wp-json\/wp\/v2\/posts\/83253\/revisions"}],"predecessor-version":[{"id":83254,"href":"https:\/\/elmundodelosnegocios.com.do\/v1\/wp-json\/wp\/v2\/posts\/83253\/revisions\/83254"}],"wp:featuredmedia":[{"embeddable":true,"href":"https:\/\/elmundodelosnegocios.com.do\/v1\/wp-json\/wp\/v2\/media\/83255"}],"wp:attachment":[{"href":"https:\/\/elmundodelosnegocios.com.do\/v1\/wp-json\/wp\/v2\/media?parent=83253"}],"wp:term":[{"taxonomy":"category","embeddable":true,"href":"https:\/\/elmundodelosnegocios.com.do\/v1\/wp-json\/wp\/v2\/categories?post=83253"},{"taxonomy":"post_tag","embeddable":true,"href":"https:\/\/elmundodelosnegocios.com.do\/v1\/wp-json\/wp\/v2\/tags?post=83253"}],"curies":[{"name":"wp","href":"https:\/\/api.w.org\/{rel}","templated":true}]}}