{"id":8397,"date":"2021-07-21T09:07:00","date_gmt":"2021-07-21T13:37:00","guid":{"rendered":"http:\/\/elmundodelosnegocios.com.do\/v1\/?p=8397"},"modified":"2021-07-26T09:08:51","modified_gmt":"2021-07-26T13:38:51","slug":"unibe-celebra-foro-internacional-oportunidades-de-negocios-entre-aladi-y-rd","status":"publish","type":"post","link":"https:\/\/elmundodelosnegocios.com.do\/v1\/unibe-celebra-foro-internacional-oportunidades-de-negocios-entre-aladi-y-rd\/","title":{"rendered":"UNIBE celebra Foro Internacional: Oportunidades de Negocios entre ALADI y RD"},"content":{"rendered":"<p>Santo Domingo.D.N. 21 de julio, 2021. La Universidad Iberoamericana (UNIBE), a trav\u00e9s de su Escuela de Administraci\u00f3n de Empresas, celebr\u00f3 el Foro Internacional: Oportunidades de Negocios entre la Asociaci\u00f3n Latinoamericana de Integraci\u00f3n (ALADI) y Rep\u00fablica Dominicana, con el que forja un camino de interacci\u00f3n con los sectores empresarial, gubernamental y acad\u00e9mico entre los pa\u00edses miembros de ALADI. <\/p>\n<p>El foro dio inicio con la conferencia: \u201cSistema ALADI como instrumento de desarrollo comercial regional, integrada por los ejecutivos de ALADI, Ney Fern\u00e1ndez, Subsecretario de Desarrollo del Espacio de Libre Comercio; Anal\u00eda Correa, funcionaria t\u00e9cnica del Departamento de Acuerdos y Negociaciones; y Christian Leroux, Jefe del Departamento de Acuerdos y Negociaciones, respectivamente, presentes en este espacio de interacci\u00f3n a trav\u00e9s del canal de YouTube de esta casa de altos estudios @unibeenlinea. <\/p>\n<p> Para el segundo tiempo de esta plataforma de intercambio sectorial tuvo lugar el panel \u201cExperiencias miembros de ALADI, integrado por el honorable embajador de Brasil, se\u00f1or Clemente Baena Soares; Edwin V\u00e1squez, Subsecretario de Negociaciones del Viceministerio de Comercio Exterior de Ecuador; Manuel Ortiz Zevallos, director ejecutivo de la Cladea; y Olga Su\u00e1rez, profesora de negocios internacionales de UNIBE. El mismo fue moderado por el viceministro de Asuntos Econ\u00f3micos y Cooperaci\u00f3n Internacional del Ministerio de Relaciones Exteriores de la R.D., se\u00f1or Hugo Francisco Rivera Fern\u00e1ndez. <\/p>\n<p>Con el tema: \u201cRetos y Oportunidades para el sector empresarial e industrial de la R.D., como miembro de ALADI\u201d, fue realizado el tercer panel de este encuentro, esta vez, compuesto por los principales actores del sector empresarial del pa\u00eds, entre ellos: el licenciado Noel Bienvenido Ure\u00f1a, presidente ANEIH; Jos\u00e9 Manuel Torres, vicepresidente de ADOZONA; licenciada Odile Mini\u00f1o, vicepresidenta ejecutiva de ADOEXPO; Roberto Despradel, asesor econ\u00f3mico de la AIRD; y el licenciado Vladimir Pimentel, asesor de la Direcci\u00f3n Ejecutiva de Prodominicana. Este espacio estuvo moderado por el vicepresidente ejecutivo del CONEP, licenciado C\u00e9sar Darg\u00e1n. <\/p>\n<p>El cierre del Foro Internacional dio paso al cuarto panel \u201cRetos y Oportunidades para el sector agr\u00edcola de la R.D., como miembro de ALADI; agrupando a las principales cabezas del sector agr\u00edcola del pa\u00eds, compuesto por: Hecmilio Galv\u00e1n, vicepresidente de CONFENAGRO; Hendrik Kelner, presidente de PROCIGAR; Rafael Almonte, presidente de INTABACO; y el se\u00f1or Franklin Crespo, miembro de la Junta Directiva de ADOBANANO, moderado por el se\u00f1or \u00c1ngelo Viro, presidente de la C\u00e1mara Dominico Brasile\u00f1a en el pa\u00eds. <\/p>\n<p>Dentro del marco de la celebraci\u00f3n de este Foro Internacional, Unibe dio formal apertura a su tradicional Feria Internacional FEINNE \u2013 UNIBE 2022, un espacio que arriv\u00f3 a sus 15 a\u00f1os de celebraci\u00f3n en el recinto acad\u00e9mico, con la participaci\u00f3n de destacadas personalidades nacionales e internacionales y anunci\u00f3 que los pa\u00edses miembros de ALADI, ser\u00e1n los pa\u00edses invitados a la misma. <\/p>\n<p>En ese sentido, la directora de la Escuela de Administraci\u00f3n Empresarial, licenciada Miguelina Franco, tuvo a su cargo las palabras iniciales de este foro, con las que indic\u00f3: \u201cPara nosotros es un gran honor poder contar hoy con la presencia de cada uno de los que han aceptado ser parte de este Foro Internacional, con el cual tendremos la oportunidad de intercambiar valiosas informaciones con el fin de facilitar el aprovechamiento de las oportunidades de negocios que existen entre la Rep\u00fablica Dominicana y los 13 pa\u00edses miembros de la Asociaci\u00f3n Latinoamericana de Integraci\u00f3n ALADI\u201d. <\/p>\n<p> As\u00ed mismo a\u00f1adi\u00f3: \u201cPonemos a la comunidad acad\u00e9mica de Unibe, junto a sus aliados acad\u00e9micos internacionales, a la disposici\u00f3n del sector empresarial y gubernamental para la realizaci\u00f3n de futuras actividades tales como grupos de trabajo, espacios de debates e iniciativas de integraci\u00f3n regional y de investigaci\u00f3n que nos permitan seguir impulsando el aprovechamiento de las oportunidades de negocios y de colaboraci\u00f3n entre Aladi y nuestro pa\u00eds\u201d. <\/p>\n<p>La instituci\u00f3n acad\u00e9mica realiz\u00f3 en el marco de este encuentro, un reconocimiento especial al viceministro de Asuntos Econ\u00f3micos y Cooperaci\u00f3n Internacional del Ministerio de Relaciones Exteriores del pa\u00eds, se\u00f1or Hugo Francisco Rivera Fern\u00e1ndez, por su apoyo y respaldo en cada una de las entregas que celebra la Feria Internacional FEINNE \u2013 UNIBE. <\/p>\n<p>Durante el foro, los representantes de los diferentes gremios empresariales estuvieron de acuerdo en que es conveniente para la Rep\u00fablica Dominicana poder ser parte de ALADI para as\u00ed poder contar con m\u00e1s oportunidades de negocios e integrarse m\u00e1s efectivamente a la regi\u00f3n. <\/p>\n","protected":false},"excerpt":{"rendered":"<p>Santo Domingo.D.N. 21 de julio, 2021. La Universidad Iberoamericana (UNIBE), a trav\u00e9s de su Escuela de Administraci\u00f3n de Empresas, celebr\u00f3 el Foro Internacional: Oportunidades de Negocios entre la Asociaci\u00f3n Latinoamericana&hellip; <\/p>\n","protected":false},"author":2,"featured_media":8398,"comment_status":"open","ping_status":"open","sticky":false,"template":"","format":"standard","meta":{"fifu_image_url":"","fifu_image_alt":"","footnotes":""},"categories":[151],"tags":[],"class_list":["post-8397","post","type-post","status-publish","format-standard","has-post-thumbnail","hentry","category-gerencia"],"_links":{"self":[{"href":"https:\/\/elmundodelosnegocios.com.do\/v1\/wp-json\/wp\/v2\/posts\/8397","targetHints":{"allow":["GET"]}}],"collection":[{"href":"https:\/\/elmundodelosnegocios.com.do\/v1\/wp-json\/wp\/v2\/posts"}],"about":[{"href":"https:\/\/elmundodelosnegocios.com.do\/v1\/wp-json\/wp\/v2\/types\/post"}],"author":[{"embeddable":true,"href":"https:\/\/elmundodelosnegocios.com.do\/v1\/wp-json\/wp\/v2\/users\/2"}],"replies":[{"embeddable":true,"href":"https:\/\/elmundodelosnegocios.com.do\/v1\/wp-json\/wp\/v2\/comments?post=8397"}],"version-history":[{"count":0,"href":"https:\/\/elmundodelosnegocios.com.do\/v1\/wp-json\/wp\/v2\/posts\/8397\/revisions"}],"wp:featuredmedia":[{"embeddable":true,"href":"https:\/\/elmundodelosnegocios.com.do\/v1\/wp-json\/wp\/v2\/media\/8398"}],"wp:attachment":[{"href":"https:\/\/elmundodelosnegocios.com.do\/v1\/wp-json\/wp\/v2\/media?parent=8397"}],"wp:term":[{"taxonomy":"category","embeddable":true,"href":"https:\/\/elmundodelosnegocios.com.do\/v1\/wp-json\/wp\/v2\/categories?post=8397"},{"taxonomy":"post_tag","embeddable":true,"href":"https:\/\/elmundodelosnegocios.com.do\/v1\/wp-json\/wp\/v2\/tags?post=8397"}],"curies":[{"name":"wp","href":"https:\/\/api.w.org\/{rel}","templated":true}]}}