{"id":8649,"date":"2021-08-02T15:12:19","date_gmt":"2021-08-02T19:42:19","guid":{"rendered":"http:\/\/elmundodelosnegocios.com.do\/v1\/?p=8649"},"modified":"2021-08-02T15:12:19","modified_gmt":"2021-08-02T19:42:19","slug":"aaff-pide-al-gobierno-la-no-implantacion-de-vehiculos-electricos-por-encarecer-el-precio-de-la-energia","status":"publish","type":"post","link":"https:\/\/elmundodelosnegocios.com.do\/v1\/aaff-pide-al-gobierno-la-no-implantacion-de-vehiculos-electricos-por-encarecer-el-precio-de-la-energia\/","title":{"rendered":"AAFF pide al Gobierno la no implantaci\u00f3n de veh\u00edculos el\u00e9ctricos por encarecer el precio de la energ\u00eda"},"content":{"rendered":"<p>La Asociaci\u00f3n Nacional de Administradores de Fincas AAFF advierte que el actual sistema energ\u00e9tico espa\u00f1ol, lamentablemente, no est\u00e1 preparado para asumir las pretensiones del Gobierno de fomentar e implantar el uso de veh\u00edculos el\u00e9ctricos sin encarecer el precio de la energ\u00eda<br \/>\nEn circunstancias normales de consumo el\u00e9ctrico como es el actual, el precio de la energ\u00eda el\u00e9ctrica est\u00e1 en m\u00e1ximos hist\u00f3ricos y parece que el Estado no cuenta con capacidad alguna de control para proteger al consumidor.<\/p>\n<p>As\u00ed pues, si con el sistema actual el Gobierno de la Naci\u00f3n no puede garantizar el acceso a la energ\u00eda a precios razonables, \u00bfc\u00f3mo se pueden promover pol\u00edticas de m\u00e1s consumo el\u00e9ctrico sin adoptar medidas de protecci\u00f3n de suministro y precio al consumidor? <\/p>\n<p>Hoy en d\u00eda, el precio de la energ\u00eda est\u00e1 \u00edntimamente relacionado con la demanda, a mayor demanda mayor precio.<\/p>\n<p>Entendemos que, si el Gobierno sigue potenciando el consumo el\u00e9ctrico sin adoptar medidas urgentes de protecci\u00f3n de precios, el precio de la energ\u00eda el\u00e9ctrica es y ser\u00e1 a\u00fan m\u00e1s prohibitivo, inviable para una econom\u00eda dom\u00e9stica, lo que provoca y provocar\u00e1 a\u00fan m\u00e1s pobreza energ\u00e9tica y econ\u00f3mica a las familias, quedando limitado el acceso a la energ\u00eda a las clases m\u00e1s pudientes, asfixiando a las clases sociales m\u00e1s desfavorecidas de nuestro pa\u00eds.<\/p>\n<p>Si, hoy por hoy, el Estado no tiene capacidad para garantizar el acceso a la energ\u00eda a precios razonables, no deber\u00eda promover pol\u00edticas de m\u00e1s consumo el\u00e9ctrico hasta que pueda garantizar que todos los espa\u00f1oles y espa\u00f1olas puedan consumir electricidad a precios asequibles.<\/p>\n<p>Todos y todas somos conscientes de que hay que luchar contra la emisi\u00f3n de gases y la contaminaci\u00f3n con pol\u00edticas que protejan nuestro medio ambiente, as\u00ed como de las posibilidades que tiene nuestro pa\u00eds para la producci\u00f3n de energ\u00edas limpias y renovables, pero en estos momentos Espa\u00f1a no est\u00e1 preparada para aumentar dr\u00e1sticamente el consumo de energ\u00eda el\u00e9ctrica sin que esto suponga un encarecimiento en el precio para la poblaci\u00f3n.<\/p>\n<p>Por ello, la Asociaci\u00f3n Nacional de Administradores de Fincas AAFF, para proteger a los consumidores, entre otras, solicita al Gobierno que:<\/p>\n<p>\u25cf no promueva m\u00e1s consumo el\u00e9ctrico y paralice la implantaci\u00f3n de veh\u00edculos el\u00e9ctricos hasta que pueda garantizar a los consumidores el suministro de energ\u00eda a un precio justo;<br \/>\n\u25cf adopte las medidas necesarias para evitar la subida de precios de la luz y el gas;<br \/>\n\u25cf garantice el acceso a la energ\u00eda de las clases sociales m\u00e1s vulnerables con precios asequibles;<br \/>\n\u25cf suprima todos los impuestos con los que se grava la energ\u00eda el\u00e9ctrica a los consumidores hasta que pueda garantizar precios justos<\/p>\n","protected":false},"excerpt":{"rendered":"<p>La Asociaci\u00f3n Nacional de Administradores de Fincas AAFF advierte que el actual sistema energ\u00e9tico espa\u00f1ol, lamentablemente, no est\u00e1 preparado para asumir las pretensiones del Gobierno de fomentar e implantar el&hellip; <\/p>\n","protected":false},"author":2,"featured_media":8651,"comment_status":"open","ping_status":"open","sticky":false,"template":"","format":"standard","meta":{"fifu_image_url":"","fifu_image_alt":"","footnotes":""},"categories":[182],"tags":[],"class_list":["post-8649","post","type-post","status-publish","format-standard","has-post-thumbnail","hentry","category-energia"],"_links":{"self":[{"href":"https:\/\/elmundodelosnegocios.com.do\/v1\/wp-json\/wp\/v2\/posts\/8649","targetHints":{"allow":["GET"]}}],"collection":[{"href":"https:\/\/elmundodelosnegocios.com.do\/v1\/wp-json\/wp\/v2\/posts"}],"about":[{"href":"https:\/\/elmundodelosnegocios.com.do\/v1\/wp-json\/wp\/v2\/types\/post"}],"author":[{"embeddable":true,"href":"https:\/\/elmundodelosnegocios.com.do\/v1\/wp-json\/wp\/v2\/users\/2"}],"replies":[{"embeddable":true,"href":"https:\/\/elmundodelosnegocios.com.do\/v1\/wp-json\/wp\/v2\/comments?post=8649"}],"version-history":[{"count":0,"href":"https:\/\/elmundodelosnegocios.com.do\/v1\/wp-json\/wp\/v2\/posts\/8649\/revisions"}],"wp:featuredmedia":[{"embeddable":true,"href":"https:\/\/elmundodelosnegocios.com.do\/v1\/wp-json\/wp\/v2\/media\/8651"}],"wp:attachment":[{"href":"https:\/\/elmundodelosnegocios.com.do\/v1\/wp-json\/wp\/v2\/media?parent=8649"}],"wp:term":[{"taxonomy":"category","embeddable":true,"href":"https:\/\/elmundodelosnegocios.com.do\/v1\/wp-json\/wp\/v2\/categories?post=8649"},{"taxonomy":"post_tag","embeddable":true,"href":"https:\/\/elmundodelosnegocios.com.do\/v1\/wp-json\/wp\/v2\/tags?post=8649"}],"curies":[{"name":"wp","href":"https:\/\/api.w.org\/{rel}","templated":true}]}}