{"id":8714,"date":"2021-08-03T20:22:42","date_gmt":"2021-08-04T00:52:42","guid":{"rendered":"http:\/\/elmundodelosnegocios.com.do\/v1\/?p=8714"},"modified":"2021-08-03T20:22:42","modified_gmt":"2021-08-04T00:52:42","slug":"celebra-general-de-seguros-40-anos-con-homenaje-intermediarios","status":"publish","type":"post","link":"https:\/\/elmundodelosnegocios.com.do\/v1\/celebra-general-de-seguros-40-anos-con-homenaje-intermediarios\/","title":{"rendered":"Celebra General de Seguros 40 a\u00f1os con homenaje intermediarios"},"content":{"rendered":"<p>Santo Domingo, R.D. Agosto 2021.- En el marco de su cuadrag\u00e9simo aniversario, General de Seguros anuncia el lanzamiento de su campa\u00f1a institucional en homenaje a sus intermediarios, junto a la designaci\u00f3n del ingeniero Ludy Gonz\u00e1lez como vicepresidente de la compa\u00f1\u00eda. <\/p>\n<p>En el encuentro, realizado en el restaurante Peperoni, directivos de la empresa aseguradora presentaron oficialmente la campa\u00f1a publicitaria que busca rendir un merecido homenaje a los productores que han venido acompa\u00f1ando a General de Seguros a lo largo de estas cuatro d\u00e9cadas. Bajo el lema #CompartiendoHistoria, la emotiva campa\u00f1a pretende rescatar las memorias del sector asegurador dominicano a trav\u00e9s de fotos hist\u00f3ricas y testimonios de sus protagonistas. <\/p>\n<p>Las actividades conmemorativas iniciaron en el mes de julio con la siembra de 200 \u00e1rboles en el Malec\u00f3n de Santo Domingo, seguido de la publicaci\u00f3n de las im\u00e1genes de campa\u00f1a en distintas plataformas, en especial medios exteriores de las principales ciudades del pa\u00eds, donde se pueden apreciar im\u00e1genes de agentes y corredores durante sus inicios en el mundo del seguro.<br \/>\n<a href=\"http:\/\/elmundodelosnegocios.com.do\/v1\/wp-content\/uploads\/2021\/08\/02C.jpg\"><img loading=\"lazy\" decoding=\"async\" src=\"http:\/\/elmundodelosnegocios.com.do\/v1\/wp-content\/uploads\/2021\/08\/02C.jpg\" alt=\"\" width=\"1000\" height=\"667\" class=\"aligncenter size-full wp-image-8717\" srcset=\"https:\/\/elmundodelosnegocios.com.do\/v1\/wp-content\/uploads\/2021\/08\/02C.jpg 1000w, https:\/\/elmundodelosnegocios.com.do\/v1\/wp-content\/uploads\/2021\/08\/02C-300x200.jpg 300w, https:\/\/elmundodelosnegocios.com.do\/v1\/wp-content\/uploads\/2021\/08\/02C-768x512.jpg 768w\" sizes=\"auto, (max-width: 1000px) 100vw, 1000px\" \/><\/a><\/p>\n<p>La doctora Milagros de los Santos, presidente del Consejo de Administraci\u00f3n, aprovech\u00f3 la oportunidad para anunciar la inclusi\u00f3n en el tren ejecutivo de Ludy Gonz\u00e1lez, vicepresidente de seguros, quien recientemente se sum\u00f3 al equipo de la compa\u00f1\u00eda. \u201cLudy es un ejecutivo de vasta experiencia en la actividad aseguradora, es querido y valorado en nuestro sector, es un apasionado de su trabajo y un hombre de \u00e9xito que viene a agregar valor y continuar impulsando nuestro crecimiento\u201d indic\u00f3 De Los Santos. <\/p>\n<p>Por su parte, el Ingeniero Gonz\u00e1lez explic\u00f3 la intenci\u00f3n de la campa\u00f1a y se\u00f1al\u00f3 que en este 40 aniversario, el prop\u00f3sito de la compa\u00f1\u00eda es seguir construyendo y aportando servicio de calidad a sus clientes e intermediarios, con productos que est\u00e9n a la altura de los m\u00e1s altos est\u00e1ndares del mercado.<\/p>\n","protected":false},"excerpt":{"rendered":"<p>Santo Domingo, R.D. Agosto 2021.- En el marco de su cuadrag\u00e9simo aniversario, General de Seguros anuncia el lanzamiento de su campa\u00f1a institucional en homenaje a sus intermediarios, junto a la&hellip; <\/p>\n","protected":false},"author":2,"featured_media":8715,"comment_status":"open","ping_status":"open","sticky":false,"template":"","format":"standard","meta":{"fifu_image_url":"","fifu_image_alt":"","footnotes":""},"categories":[89],"tags":[],"class_list":["post-8714","post","type-post","status-publish","format-standard","has-post-thumbnail","hentry","category-seguros"],"_links":{"self":[{"href":"https:\/\/elmundodelosnegocios.com.do\/v1\/wp-json\/wp\/v2\/posts\/8714","targetHints":{"allow":["GET"]}}],"collection":[{"href":"https:\/\/elmundodelosnegocios.com.do\/v1\/wp-json\/wp\/v2\/posts"}],"about":[{"href":"https:\/\/elmundodelosnegocios.com.do\/v1\/wp-json\/wp\/v2\/types\/post"}],"author":[{"embeddable":true,"href":"https:\/\/elmundodelosnegocios.com.do\/v1\/wp-json\/wp\/v2\/users\/2"}],"replies":[{"embeddable":true,"href":"https:\/\/elmundodelosnegocios.com.do\/v1\/wp-json\/wp\/v2\/comments?post=8714"}],"version-history":[{"count":0,"href":"https:\/\/elmundodelosnegocios.com.do\/v1\/wp-json\/wp\/v2\/posts\/8714\/revisions"}],"wp:featuredmedia":[{"embeddable":true,"href":"https:\/\/elmundodelosnegocios.com.do\/v1\/wp-json\/wp\/v2\/media\/8715"}],"wp:attachment":[{"href":"https:\/\/elmundodelosnegocios.com.do\/v1\/wp-json\/wp\/v2\/media?parent=8714"}],"wp:term":[{"taxonomy":"category","embeddable":true,"href":"https:\/\/elmundodelosnegocios.com.do\/v1\/wp-json\/wp\/v2\/categories?post=8714"},{"taxonomy":"post_tag","embeddable":true,"href":"https:\/\/elmundodelosnegocios.com.do\/v1\/wp-json\/wp\/v2\/tags?post=8714"}],"curies":[{"name":"wp","href":"https:\/\/api.w.org\/{rel}","templated":true}]}}