{"id":8750,"date":"2021-08-05T21:34:02","date_gmt":"2021-08-06T02:04:02","guid":{"rendered":"http:\/\/elmundodelosnegocios.com.do\/v1\/?p=8750"},"modified":"2021-08-05T21:36:11","modified_gmt":"2021-08-06T02:06:11","slug":"competira-pelicula-dominicana-carajita-en-festival-san-sebastian","status":"publish","type":"post","link":"https:\/\/elmundodelosnegocios.com.do\/v1\/competira-pelicula-dominicana-carajita-en-festival-san-sebastian\/","title":{"rendered":"Competir\u00e1 Pel\u00edcula dominicana \u201cCarajita\u201d en  Festival San Sebasti\u00e1n"},"content":{"rendered":"<p>Santo Domingo, Rep\u00fablica Dominicana. Agosto 5, 2021.- La pel\u00edcula dominicana Carajita forma parte de las atracciones del Festival de cine de San Sebasti\u00e1n que se realizar\u00e1 del 17 al 25 de septiembre, en el Pa\u00eds Vasco, Espa\u00f1a.<\/p>\n<p>La producci\u00f3n dominicana debutar\u00e1 como la primera pel\u00edcula de factura criolla que forma parte de la proyecci\u00f3n especial \u201cNew Directors\u201d o Nuevos Directores, que reconoce los trabajos de los directores de cine que presentan sus primeros y segundos trabajos cinematogr\u00e1ficos.<\/p>\n<p><a href=\"http:\/\/elmundodelosnegocios.com.do\/v1\/wp-content\/uploads\/2021\/08\/01.-Afiche-participacion-pelicula-Carajita-en-el-Festival-de-San-Sebastian.jpeg\"><img loading=\"lazy\" decoding=\"async\" src=\"http:\/\/elmundodelosnegocios.com.do\/v1\/wp-content\/uploads\/2021\/08\/01.-Afiche-participacion-pelicula-Carajita-en-el-Festival-de-San-Sebastian-594x1024.jpeg\" alt=\"\" width=\"594\" height=\"1024\" class=\"alignleft size-large wp-image-8752\" srcset=\"https:\/\/elmundodelosnegocios.com.do\/v1\/wp-content\/uploads\/2021\/08\/01.-Afiche-participacion-pelicula-Carajita-en-el-Festival-de-San-Sebastian-594x1024.jpeg 594w, https:\/\/elmundodelosnegocios.com.do\/v1\/wp-content\/uploads\/2021\/08\/01.-Afiche-participacion-pelicula-Carajita-en-el-Festival-de-San-Sebastian-174x300.jpeg 174w, https:\/\/elmundodelosnegocios.com.do\/v1\/wp-content\/uploads\/2021\/08\/01.-Afiche-participacion-pelicula-Carajita-en-el-Festival-de-San-Sebastian-768x1325.jpeg 768w, https:\/\/elmundodelosnegocios.com.do\/v1\/wp-content\/uploads\/2021\/08\/01.-Afiche-participacion-pelicula-Carajita-en-el-Festival-de-San-Sebastian.jpeg 828w\" sizes=\"auto, (max-width: 594px) 100vw, 594px\" \/><\/a>Asimismo estar\u00e1 compitiendo con pel\u00edculas de todas partes del mundo como Espa\u00f1a, Argentina, Brasil, Corea del Sur, Turqu\u00eda, Eslovenia, Francia, Colombia, Canad\u00e1, Ruman\u00eda, Rusia, Estados Unidos.<\/p>\n<p>La realizaci\u00f3n estuvo a cargo de Wooden Boat Productions bajo las ordenes de las ejecutivas Alexandra Guerrero y Ulla Prida.<\/p>\n<p> \u201cLa pel\u00edcula Carajita de nacionalidad dominicana es dirigida por la pareja de esposos Silvina Schnicer y Ulises Porra, argentina y espa\u00f1ol, respectivamente\u201d, explica Ulla Prida, quien adem\u00e1s es la guionista del filme.<\/p>\n<p>La trama retrata la situaci\u00f3n que viven muchas ni\u00f1as dominicanas como Sara con su ni\u00f1era Yarisa, quienes construyen una relaci\u00f3n tan compenetrada que se equipara a la de una madre con su hija, por lo que trasciende la clase social, sin embargo, en el filme, acaecer\u00e1 un accidente en sus vidas que pondr\u00e1 a prueba la inocente ilusi\u00f3n de que nada las separar\u00e1.<\/p>\n<p>Los actores que participan en Carajita son Cecile Van Welie, Magnolia N\u00fa\u00f1ez, Adelanny Padilla, Genesis Buret, Javier Hermida, Richard Douglas, Clara Luz Lozano y Yuberbi De La Rosa.<\/p>\n","protected":false},"excerpt":{"rendered":"<p>Santo Domingo, Rep\u00fablica Dominicana. Agosto 5, 2021.- La pel\u00edcula dominicana Carajita forma parte de las atracciones del Festival de cine de San Sebasti\u00e1n que se realizar\u00e1 del 17 al 25&hellip; <\/p>\n","protected":false},"author":2,"featured_media":8754,"comment_status":"open","ping_status":"open","sticky":false,"template":"","format":"standard","meta":{"fifu_image_url":"","fifu_image_alt":"","footnotes":""},"categories":[179],"tags":[],"class_list":["post-8750","post","type-post","status-publish","format-standard","has-post-thumbnail","hentry","category-arte"],"_links":{"self":[{"href":"https:\/\/elmundodelosnegocios.com.do\/v1\/wp-json\/wp\/v2\/posts\/8750","targetHints":{"allow":["GET"]}}],"collection":[{"href":"https:\/\/elmundodelosnegocios.com.do\/v1\/wp-json\/wp\/v2\/posts"}],"about":[{"href":"https:\/\/elmundodelosnegocios.com.do\/v1\/wp-json\/wp\/v2\/types\/post"}],"author":[{"embeddable":true,"href":"https:\/\/elmundodelosnegocios.com.do\/v1\/wp-json\/wp\/v2\/users\/2"}],"replies":[{"embeddable":true,"href":"https:\/\/elmundodelosnegocios.com.do\/v1\/wp-json\/wp\/v2\/comments?post=8750"}],"version-history":[{"count":0,"href":"https:\/\/elmundodelosnegocios.com.do\/v1\/wp-json\/wp\/v2\/posts\/8750\/revisions"}],"wp:featuredmedia":[{"embeddable":true,"href":"https:\/\/elmundodelosnegocios.com.do\/v1\/wp-json\/wp\/v2\/media\/8754"}],"wp:attachment":[{"href":"https:\/\/elmundodelosnegocios.com.do\/v1\/wp-json\/wp\/v2\/media?parent=8750"}],"wp:term":[{"taxonomy":"category","embeddable":true,"href":"https:\/\/elmundodelosnegocios.com.do\/v1\/wp-json\/wp\/v2\/categories?post=8750"},{"taxonomy":"post_tag","embeddable":true,"href":"https:\/\/elmundodelosnegocios.com.do\/v1\/wp-json\/wp\/v2\/tags?post=8750"}],"curies":[{"name":"wp","href":"https:\/\/api.w.org\/{rel}","templated":true}]}}