{"id":8880,"date":"2021-08-09T12:50:53","date_gmt":"2021-08-09T17:20:53","guid":{"rendered":"http:\/\/elmundodelosnegocios.com.do\/v1\/?p=8880"},"modified":"2021-08-09T12:50:53","modified_gmt":"2021-08-09T17:20:53","slug":"apertura-en-museo-casas-reales-exposicion-artista-banilejo-isaac-soto","status":"publish","type":"post","link":"https:\/\/elmundodelosnegocios.com.do\/v1\/apertura-en-museo-casas-reales-exposicion-artista-banilejo-isaac-soto\/","title":{"rendered":"Apertura en Museo Casas Reales exposici\u00f3n artista banilejo Isaac Soto"},"content":{"rendered":"<p>La directora del Museo de las Casas Reales, Elizabeth Hazim , dio la bienvenida a la exposici\u00f3n Caminando Huellas de un artista, del pintor banilejo Orlando Isaac Soto, luego de estar abierta, en la sala de exposiciones del Centro Cultural Perell\u00f3, para el p\u00fablico banilejo.  Eizabeth Hazim se expres\u00f3 a nombre de la Ministra de Cultura Carmen Heredia y destac\u00f3 la importancia de que la exposicion sea recibida por el Museo de las Casas Reales en Santo Domingo, para el publico que disfruta de las artes en la capital. <\/p>\n<p>Do\u00f1a Julia Castillo directora del Centro Cultural Perell\u00f3, agradeci\u00f3 la acogida de la exposici\u00f3n en un museo como el de Las Casas Reales, por el componente historico que encierran los muros de la estructura colonial, enclavada en el centro de la ciudad intramuros.  La gestora Cultural destac\u00f3 sus vinculos afectivos con el pintor Banilejo y narr\u00f3 algunas anecdotas vivenciales, que marcaron la amistad que le une al artista,  desde la adolescencia.<br \/>\n<a href=\"http:\/\/elmundodelosnegocios.com.do\/v1\/wp-content\/uploads\/2021\/08\/Corte-de-cinta-Inaugural.jpg\"><img loading=\"lazy\" decoding=\"async\" src=\"http:\/\/elmundodelosnegocios.com.do\/v1\/wp-content\/uploads\/2021\/08\/Corte-de-cinta-Inaugural.jpg\" alt=\"\" width=\"1023\" height=\"807\" class=\"aligncenter size-full wp-image-8882\" srcset=\"https:\/\/elmundodelosnegocios.com.do\/v1\/wp-content\/uploads\/2021\/08\/Corte-de-cinta-Inaugural.jpg 1023w, https:\/\/elmundodelosnegocios.com.do\/v1\/wp-content\/uploads\/2021\/08\/Corte-de-cinta-Inaugural-300x237.jpg 300w, https:\/\/elmundodelosnegocios.com.do\/v1\/wp-content\/uploads\/2021\/08\/Corte-de-cinta-Inaugural-768x606.jpg 768w\" sizes=\"auto, (max-width: 1023px) 100vw, 1023px\" \/><\/a><\/p>\n<p>Do\u00f1a Julia destac\u00f3 que: \u00abEl Centro Cultural Perell\u00f3 tiene como misi\u00f3n descubrir y proyectar el talento identitario de la provincia Peravia y uno de esos tesoros perdidos en las decadas de los 70s y 80s, se encuentra en la figura del pintor banilejo Isaac Soto\u00bb.<br \/>\n<a href=\"http:\/\/elmundodelosnegocios.com.do\/v1\/wp-content\/uploads\/2021\/08\/Corte-de-cinta-Inaugural-A.jpg\"><img loading=\"lazy\" decoding=\"async\" src=\"http:\/\/elmundodelosnegocios.com.do\/v1\/wp-content\/uploads\/2021\/08\/Corte-de-cinta-Inaugural-A.jpg\" alt=\"\" width=\"918\" height=\"601\" class=\"aligncenter size-full wp-image-8883\" srcset=\"https:\/\/elmundodelosnegocios.com.do\/v1\/wp-content\/uploads\/2021\/08\/Corte-de-cinta-Inaugural-A.jpg 918w, https:\/\/elmundodelosnegocios.com.do\/v1\/wp-content\/uploads\/2021\/08\/Corte-de-cinta-Inaugural-A-300x196.jpg 300w, https:\/\/elmundodelosnegocios.com.do\/v1\/wp-content\/uploads\/2021\/08\/Corte-de-cinta-Inaugural-A-768x503.jpg 768w\" sizes=\"auto, (max-width: 918px) 100vw, 918px\" \/><\/a><\/p>\n<p>Isaac Soto por su parte dio las gracias al Ministerio de Cultura, al Museo de las Casas Reales, al Centro Cultural Perell\u00f3 y a su directora Julia Castillo; y enalteci\u00f3 la inmensa labor de su curador Son Will Torres Felix. Tambien resalt\u00f3 la colaboracion del Colegio de Artistas Plasticos  y  al p\u00fablico que estuvo presente en el acto.<br \/>\n<a href=\"http:\/\/elmundodelosnegocios.com.do\/v1\/wp-content\/uploads\/2021\/08\/Corte-de-cinta-Inaugural-B.jpg\"><img loading=\"lazy\" decoding=\"async\" src=\"http:\/\/elmundodelosnegocios.com.do\/v1\/wp-content\/uploads\/2021\/08\/Corte-de-cinta-Inaugural-B.jpg\" alt=\"\" width=\"986\" height=\"653\" class=\"aligncenter size-full wp-image-8884\" srcset=\"https:\/\/elmundodelosnegocios.com.do\/v1\/wp-content\/uploads\/2021\/08\/Corte-de-cinta-Inaugural-B.jpg 986w, https:\/\/elmundodelosnegocios.com.do\/v1\/wp-content\/uploads\/2021\/08\/Corte-de-cinta-Inaugural-B-300x199.jpg 300w, https:\/\/elmundodelosnegocios.com.do\/v1\/wp-content\/uploads\/2021\/08\/Corte-de-cinta-Inaugural-B-768x509.jpg 768w\" sizes=\"auto, (max-width: 986px) 100vw, 986px\" \/><\/a><\/p>\n<p>El curador Son Will Torres se\u00f1ala que:  \u00abEl color es el protogonista de toda la muestra, es el elemento que mas se atreve y conquista por su conjugaci\u00f3n divertida y complementaria en el abordaje de temas de g\u00e9nero pict\u00f3rico como: Obejtos y alimentos sobre una mesa o perfiles humanos en detenida pose; es la pretensiosa provocaci\u00f3n crom\u00e1tica que genera satisfacci\u00f3n y valor singular en las piezas presentadas\u00bb.<\/p>\n<p>Orlando narr\u00f3 que la primera vez que vio un artista pintando fue al pintor Jorge Severino, que hacia el retrato de su esposa, que en ese tiempo era Gisela Olaverria, cuando el contaba con 17 a\u00f1os. Habl\u00f3 del proceso que agot\u00f3 hasta convertirse en pintor, su salida al extrangero y  sus largos a\u00f1os viviendo en Alaska, donde realiz\u00f3 algunas individuales en la ciudad de Anchorage.<\/p>\n<p>Personalidades del mundo del arte, acudieron a presenciar la exposici\u00f3n de este artista del Sur de la Rep\u00fablica Dominicana, que salio de Ban\u00ed a formar parte de la di\u00e1spora que mejor nos representa.  Ahora regresa con lienzos cargados de colores pasteles, donde la intensidad de los trazos nos cuentan que a pesar de la distancia, cargada de ausencia, que lo alej\u00f3 de su pueblo por muchos a\u00f1os, en la paleta de colores y sobre el lienzo de cada pintura, el alma banileja late, te\u00f1ida de emoci\u00f3n y el colorido de un pintor que imprime a su obra, el amor que siente por su Ban\u00ed natal. <\/p>\n","protected":false},"excerpt":{"rendered":"<p>La directora del Museo de las Casas Reales, Elizabeth Hazim , dio la bienvenida a la exposici\u00f3n Caminando Huellas de un artista, del pintor banilejo Orlando Isaac Soto, luego de&hellip; <\/p>\n","protected":false},"author":2,"featured_media":8882,"comment_status":"open","ping_status":"open","sticky":false,"template":"","format":"standard","meta":{"fifu_image_url":"","fifu_image_alt":"","footnotes":""},"categories":[148],"tags":[],"class_list":["post-8880","post","type-post","status-publish","format-standard","has-post-thumbnail","hentry","category-cultura"],"_links":{"self":[{"href":"https:\/\/elmundodelosnegocios.com.do\/v1\/wp-json\/wp\/v2\/posts\/8880","targetHints":{"allow":["GET"]}}],"collection":[{"href":"https:\/\/elmundodelosnegocios.com.do\/v1\/wp-json\/wp\/v2\/posts"}],"about":[{"href":"https:\/\/elmundodelosnegocios.com.do\/v1\/wp-json\/wp\/v2\/types\/post"}],"author":[{"embeddable":true,"href":"https:\/\/elmundodelosnegocios.com.do\/v1\/wp-json\/wp\/v2\/users\/2"}],"replies":[{"embeddable":true,"href":"https:\/\/elmundodelosnegocios.com.do\/v1\/wp-json\/wp\/v2\/comments?post=8880"}],"version-history":[{"count":0,"href":"https:\/\/elmundodelosnegocios.com.do\/v1\/wp-json\/wp\/v2\/posts\/8880\/revisions"}],"wp:featuredmedia":[{"embeddable":true,"href":"https:\/\/elmundodelosnegocios.com.do\/v1\/wp-json\/wp\/v2\/media\/8882"}],"wp:attachment":[{"href":"https:\/\/elmundodelosnegocios.com.do\/v1\/wp-json\/wp\/v2\/media?parent=8880"}],"wp:term":[{"taxonomy":"category","embeddable":true,"href":"https:\/\/elmundodelosnegocios.com.do\/v1\/wp-json\/wp\/v2\/categories?post=8880"},{"taxonomy":"post_tag","embeddable":true,"href":"https:\/\/elmundodelosnegocios.com.do\/v1\/wp-json\/wp\/v2\/tags?post=8880"}],"curies":[{"name":"wp","href":"https:\/\/api.w.org\/{rel}","templated":true}]}}