{"id":8980,"date":"2021-08-11T10:30:34","date_gmt":"2021-08-11T15:00:34","guid":{"rendered":"http:\/\/elmundodelosnegocios.com.do\/v1\/?p=8980"},"modified":"2021-08-11T10:30:34","modified_gmt":"2021-08-11T15:00:34","slug":"micm-pasa-balance-a-ejecucion-plan-relanzamiento-industria-del-tabaco-empleos-del-subsector-crecen-un-8-4-en-primer-semestre-2021","status":"publish","type":"post","link":"https:\/\/elmundodelosnegocios.com.do\/v1\/micm-pasa-balance-a-ejecucion-plan-relanzamiento-industria-del-tabaco-empleos-del-subsector-crecen-un-8-4-en-primer-semestre-2021\/","title":{"rendered":"MICM pasa balance a ejecuci\u00f3n plan relanzamiento industria del tabaco; empleos del subsector crecen un 8.4% en primer semestre 2021"},"content":{"rendered":"<p>Santiago.- El ministro de Industria, Comercio y Mipymes (MICM), V\u00edctor \u2013Ito- Bison\u00f3, pas\u00f3 balance al plan de relanzamiento de la industria del tabaco, luego de que el presidente Luis Abinader instruyera la creaci\u00f3n de una comisi\u00f3n para relanzar esta industria bajo la coordinaci\u00f3n del MICM.<br \/>\n.<br \/>\nEl ministro Bison\u00f3, coordinador de la comisi\u00f3n, present\u00f3 los avances relativos a los ejes estrat\u00e9gicos establecidos en el plan para consolidar al tabaco dominicano como l\u00edder mundial. Estos ejes son: financiamiento, infraestructura, capacitaci\u00f3n, impuestos, cultura tabacalera, comercio internacional, encadenamiento productivo, regulaciones anti-tabaco y erradicaci\u00f3n del comercio il\u00edcito.<br \/>\n<a href=\"http:\/\/elmundodelosnegocios.com.do\/v1\/wp-content\/uploads\/2021\/08\/02E.jpg\"><img loading=\"lazy\" decoding=\"async\" src=\"http:\/\/elmundodelosnegocios.com.do\/v1\/wp-content\/uploads\/2021\/08\/02E.jpg\" alt=\"\" width=\"900\" height=\"599\" class=\"aligncenter size-full wp-image-8982\" srcset=\"https:\/\/elmundodelosnegocios.com.do\/v1\/wp-content\/uploads\/2021\/08\/02E.jpg 900w, https:\/\/elmundodelosnegocios.com.do\/v1\/wp-content\/uploads\/2021\/08\/02E-300x200.jpg 300w, https:\/\/elmundodelosnegocios.com.do\/v1\/wp-content\/uploads\/2021\/08\/02E-768x511.jpg 768w\" sizes=\"auto, (max-width: 900px) 100vw, 900px\" \/><\/a><\/p>\n<p>Bison\u00f3 dijo, adem\u00e1s, que la industria del tabaco es una \u201cpotente maquinaria de empleos, que al cierre del 2020 present\u00f3 un incremento de un 11.6% respecto al 2019, mientras que a junio de 2021, aument\u00f3 un 8.4% respecto al mes de enero del mismo a\u00f1o, cifras estas que demuestran el rol protag\u00f3nico de este subsector para la recuperaci\u00f3n econ\u00f3mica de nuestro pa\u00eds\u201d.<\/p>\n<p>Asimismo, agreg\u00f3 que en los aportes en materia econ\u00f3mica de las exportaciones de Zonas Francas, el tabaco ocupa la segunda posici\u00f3n con valores exportados que ascienden a USD$ 604.7 millones entre enero \u2013 junio 2021, para un incremento de 17.5% con relaci\u00f3n al mismo per\u00edodo del a\u00f1o anterior.<\/p>\n<p>\u201cUn plan al que no se le da seguimiento, solo es un documento de buenas intenciones. Por eso estamos aqu\u00ed con ustedes, dando seguimiento al compromiso contra\u00eddo a trav\u00e9s de este plan presentado a la sociedad para, juntos, continuar impulsando una industria que aporta m\u00e1s de 100,000 empleos directos e indirectos a la econom\u00eda nacional\u201d, enfatiz\u00f3 el ministro Bison\u00f3.<\/p>\n<p>Resalt\u00f3 que el Banco Central indic\u00f3 que la industria tabacalera es uno de los sectores productivos de mayor relevancia en la econom\u00eda dominicana.<\/p>\n<p>Rendici\u00f3n de cuentas<\/p>\n<p>El financiamiento, desde el pasado mes de noviembre, sobrepasa los RD$ 720 millones de pesos y como pr\u00f3ximo paso en este eje, se trabajar\u00e1 en la categorizaci\u00f3n de los pr\u00e9stamos otorgados para fines de desagregaci\u00f3n y medici\u00f3n.<\/p>\n<p>En lo que respecta a la capacitaci\u00f3n en este sector, en esta misma fecha se firm\u00f3 el marco de aplicaci\u00f3n de un programa piloto con el Centro Mipymes del ISA en Santiago, donde se iniciar\u00e1 un proceso de capacitaci\u00f3n y asistencia t\u00e9cnica a Mipymes del sector tabaco.<\/p>\n<p>Otros de los ejes del plan<\/p>\n<p>Tambi\u00e9n se avanza en las acciones respecto a la cultura tabacalera, a trav\u00e9s del cual ya se remiti\u00f3 al Congreso Nacional un anteproyecto de ley para declarar al tabaco y al cigarro como patrimonio cultural, as\u00ed como otros aspectos relacionados a la indicaci\u00f3n geogr\u00e1fica cigarro dominicano, de la cual es titular el Instituto del Tabaco de la Rep\u00fablica Dominicana (INTABACO).<\/p>\n<p>Los avances en materia de comercio internacional de este plan incluyen la canalizaci\u00f3n a las autoridades centroamericanas de una solicitud formal de acumulaci\u00f3n, en el marco del Acuerdo de Asociaci\u00f3n Econ\u00f3mica con la Uni\u00f3n Europea, con la finalidad de hacer m\u00e1s competitivos a los productores nacionales.<\/p>\n<p>Respecto al combate al comercio il\u00edcito, se presentaron los avances alcanzados fruto del fortalecimiento y ampliaci\u00f3n de las atribuciones del Cuerpo Especializado de Control de Combustible y Comercio de Mercanc\u00edas (CECCOM) el cual, mediante el decreto n\u00fam. 55-21, tiene facultades adicionales para enfrentar el il\u00edcito de productos del tabaco.<\/p>\n<p>Sobre el plan<\/p>\n<p>El plan de relanzamiento de la industria del tabaco fue presentado en noviembre de 2020 por el ministro Bison\u00f3, en calidad de coordinador de una comisi\u00f3n creada para esos fines por el presidente de la Rep\u00fablica, Luis Abinader, en los primeros d\u00edas de iniciada su gesti\u00f3n de gobierno.<\/p>\n<p>La comis\u00f3n, coordinada por el MICM, est\u00e1 conformada por el Ministerio de Relaciones Exteriores, el Ministerio de Agricultura, el Ministerio de Obras P\u00fablicas y Comunicaciones, el Ministerio de Interior y Polic\u00eda, el Instituto del Tabaco de la Rep\u00fablica Dominicana (INTABACO), el Consejo Nacional de Zonas Francas de Exportaci\u00f3n, la Gobernaci\u00f3n de Santiago, el Banco Agr\u00edcola, Proindustria y ProDominicana.<\/p>\n<p>Cabe resaltar que Rep\u00fablica Dominicana es el principal productor mundial de puros de calidad y uno de los mayores exportadores de tabaco org\u00e1nico del mundo. Las proyecciones estiman que para el a\u00f1o 2021, las exportaciones de este rubro superar\u00e1n los mil millones de d\u00f3lares.<\/p>\n","protected":false},"excerpt":{"rendered":"<p>Santiago.- El ministro de Industria, Comercio y Mipymes (MICM), V\u00edctor \u2013Ito- Bison\u00f3, pas\u00f3 balance al plan de relanzamiento de la industria del tabaco, luego de que el presidente Luis Abinader&hellip; <\/p>\n","protected":false},"author":2,"featured_media":8983,"comment_status":"open","ping_status":"open","sticky":false,"template":"","format":"standard","meta":{"fifu_image_url":"","fifu_image_alt":"","footnotes":""},"categories":[154],"tags":[],"class_list":["post-8980","post","type-post","status-publish","format-standard","has-post-thumbnail","hentry","category-industria"],"_links":{"self":[{"href":"https:\/\/elmundodelosnegocios.com.do\/v1\/wp-json\/wp\/v2\/posts\/8980","targetHints":{"allow":["GET"]}}],"collection":[{"href":"https:\/\/elmundodelosnegocios.com.do\/v1\/wp-json\/wp\/v2\/posts"}],"about":[{"href":"https:\/\/elmundodelosnegocios.com.do\/v1\/wp-json\/wp\/v2\/types\/post"}],"author":[{"embeddable":true,"href":"https:\/\/elmundodelosnegocios.com.do\/v1\/wp-json\/wp\/v2\/users\/2"}],"replies":[{"embeddable":true,"href":"https:\/\/elmundodelosnegocios.com.do\/v1\/wp-json\/wp\/v2\/comments?post=8980"}],"version-history":[{"count":0,"href":"https:\/\/elmundodelosnegocios.com.do\/v1\/wp-json\/wp\/v2\/posts\/8980\/revisions"}],"wp:featuredmedia":[{"embeddable":true,"href":"https:\/\/elmundodelosnegocios.com.do\/v1\/wp-json\/wp\/v2\/media\/8983"}],"wp:attachment":[{"href":"https:\/\/elmundodelosnegocios.com.do\/v1\/wp-json\/wp\/v2\/media?parent=8980"}],"wp:term":[{"taxonomy":"category","embeddable":true,"href":"https:\/\/elmundodelosnegocios.com.do\/v1\/wp-json\/wp\/v2\/categories?post=8980"},{"taxonomy":"post_tag","embeddable":true,"href":"https:\/\/elmundodelosnegocios.com.do\/v1\/wp-json\/wp\/v2\/tags?post=8980"}],"curies":[{"name":"wp","href":"https:\/\/api.w.org\/{rel}","templated":true}]}}