{"id":9002,"date":"2021-08-11T12:09:27","date_gmt":"2021-08-11T16:39:27","guid":{"rendered":"http:\/\/elmundodelosnegocios.com.do\/v1\/?p=9002"},"modified":"2021-08-11T12:09:27","modified_gmt":"2021-08-11T16:39:27","slug":"eligen-nueva-junta-directiva-fundacion-popular","status":"publish","type":"post","link":"https:\/\/elmundodelosnegocios.com.do\/v1\/eligen-nueva-junta-directiva-fundacion-popular\/","title":{"rendered":"Eligen nueva Junta Directiva Fundaci\u00f3n Popular"},"content":{"rendered":"<p>Santo Domingo, D.N. &#8211;  La Fundaci\u00f3n Popular, Inc., entidad relacionada para la agenda social del Grupo Popular, celebr\u00f3 su Asamblea General Ordinaria Anual \u2013 Extraordinaria, en la cual fueron elegidos los integrantes de su nueva junta directiva, encabezada por el se\u00f1or Manuel A. Grull\u00f3n, como su presidente. <\/p>\n<p>El se\u00f1or Manuel A. Grull\u00f3n asume la presidencia en sustituci\u00f3n del se\u00f1or Alejandro E. Grull\u00f3n E., quien falleci\u00f3 el pasado 15 de diciembre del 2020, y en honor a quien los participantes en la asamblea rindieron un homenaje por sus m\u00faltiples contribuciones al pa\u00eds a trav\u00e9s de la creaci\u00f3n e impulso de distintas instituciones. <\/p>\n<p>En tanto, junto al se\u00f1or Manuel A. Grull\u00f3n, forman parte de la nueva junta directiva de la Fundaci\u00f3n Popular los se\u00f1ores Jos\u00e9 M\u00e1rmol, vicepresidente; Pr\u00e1xedes Castillo P., secretario; Pedro G. Brache, tesorero, Eduardo Grull\u00f3n, vocal y, en calidad de miembros los se\u00f1ores Ana Idalia Grull\u00f3n, Jos\u00e9 A. Berm\u00fadez M. y Frank Moya Pons. Como gerente general de la entidad contin\u00faa el se\u00f1or El\u00edas Dinzey.<br \/>\n<a href=\"http:\/\/elmundodelosnegocios.com.do\/v1\/wp-content\/uploads\/2021\/08\/02A-5.jpg\"><img loading=\"lazy\" decoding=\"async\" src=\"http:\/\/elmundodelosnegocios.com.do\/v1\/wp-content\/uploads\/2021\/08\/02A-5-1024x682.jpg\" alt=\"\" width=\"1024\" height=\"682\" class=\"aligncenter size-large wp-image-9004\" srcset=\"https:\/\/elmundodelosnegocios.com.do\/v1\/wp-content\/uploads\/2021\/08\/02A-5-1024x682.jpg 1024w, https:\/\/elmundodelosnegocios.com.do\/v1\/wp-content\/uploads\/2021\/08\/02A-5-300x200.jpg 300w, https:\/\/elmundodelosnegocios.com.do\/v1\/wp-content\/uploads\/2021\/08\/02A-5-768x512.jpg 768w, https:\/\/elmundodelosnegocios.com.do\/v1\/wp-content\/uploads\/2021\/08\/02A-5.jpg 1280w\" sizes=\"auto, (max-width: 1024px) 100vw, 1024px\" \/><\/a><\/p>\n<p>Aportes al desarrollo sostenible de la naci\u00f3n<\/p>\n<p>Instituida desde el a\u00f1o 2014, la Fundaci\u00f3n Popular tiene como principal objetivo contribuir al desarrollo econ\u00f3mico, social, humano y medioambiental de los ciudadanos de la Rep\u00fablica Dominicana. En este sentido, funge como garante de las actuaciones sociales de Grupo Popular y sus filiales, mediante una inversi\u00f3n socialmente responsable.<\/p>\n<p>Entre sus logros destacan su amplio reconocimiento nacional e internacional, reflejado en sus alianzas con importantes instituciones, como Plan Sierra, CONEP, Consejo Nacional de Cambio Clim\u00e1tico (CNCCMDL), PNUD, UNFPA, USAID, Fondo de Agua Santo Domingo, Fondo de Agua Yaque del Norte, FUNDASEP y Hospital Universitario Nuestra Se\u00f1ora de la Altagracia, entre otros.<\/p>\n<p>En tanto, en el plano internacional, en el a\u00f1o 2019 fue reconocida como ONG Observadora de la Conferencia Marco de Cambio Clim\u00e1tico, la cual da seguimiento a los Acuerdos de Par\u00eds sobre el Clima de 2015, asimismo, haber acogido uno de los Encuentros Iberoamericanos de la Sociedad Civil.<\/p>\n<p>Como fundaci\u00f3n corporativa, la Fundaci\u00f3n Popular participa, Junto al Programa de Peque\u00f1os Subsidios del PNUD, en la a la construcci\u00f3n de mini hidroel\u00e9ctricas comunitarias, es socia del Plan Sierra y del Consejo Asesor del Consejo Nacional de Cambio Clim\u00e1tico y Desarrollo de Mecanismo Limpio de la Rep\u00fablica Dominicana. Adem\u00e1s, forma parte de los Fondos de Agua de Santo Domingo y del Yaque del Norte, as\u00ed como de la Comisi\u00f3n de Rescate y Ordenamiento de la Cuenca del R\u00edo Yaque del Norte.<\/p>\n<p>Cuenta con la primera C\u00e1tedra de Responsabilidad Social Empresarial y Sostenibilidad del pa\u00eds, que lleva el nombre de \u201cAlejandro E. Grull\u00f3n E.\u201d, implementada y gestionada con la Pontificia Universidad Cat\u00f3lica Madre y Maestra (PUCMM), y la participaci\u00f3n docente y homologaci\u00f3n de t\u00edtulos de la Universidad Polit\u00e9cnica de Valencia (UPV), de Espa\u00f1a. Esta c\u00e1tedra ha graduado tres cohortes de la Maestr\u00eda en Responsabilidad Social Empresarial y Sostenibilidad, al tiempo que desarrolla la cuarta cohorte. En adici\u00f3n, se han impartido diplomados, conferencias magistrales y capacitaciones especializadas, logrando impactar a m\u00e1s de 6,500 profesionales y entidades privadas, p\u00fablicas y de la sociedad civil. Desde esta c\u00e1tedra, adem\u00e1s, se han llevado a cabo dos estudios sobre la Percepci\u00f3n de la RSE en Rep\u00fablica Dominicana y el Informe Ejecutivo sobre el Estado de la Sostenibilidad en la Rep\u00fablica Dominicana. <\/p>\n<p>En su enfoque de promoci\u00f3n de una atenci\u00f3n m\u00e9dica integral y de calidad, la Fundaci\u00f3n Popular ha contribuido con la reducci\u00f3n de la mortalidad materno neonatal en el pa\u00eds, a trav\u00e9s de iniciativas como la formaci\u00f3n de la primera cohorte del Programa de Enfermeras Obst\u00e9tricas en el Marco del programa modelo para la Reducci\u00f3n de la Morbilidad y Mortalidad Materna y Neonatal en el Hospital Universitario Materno Infantil Nuestra Se\u00f1ora de La Altagracia (HUMNSA). <\/p>\n<p>En el marco de la crisis sanitaria ocasionada por la pandemia de la COVID-19, la Fundaci\u00f3n Popular ha sido un ente articulador y de apalancamiento de fondos a trav\u00e9s de la alianza Sanar una Naci\u00f3n y el CONEP, que sum\u00f3 esfuerzos para contribuir a las labores del Gobierno con la dotaci\u00f3n de insumos y equipos m\u00e9dicos, pruebas PCR, vacunas, entre otros elementos necesarios en la lucha contra la Covid-19.<\/p>\n","protected":false},"excerpt":{"rendered":"<p>Santo Domingo, D.N. &#8211; La Fundaci\u00f3n Popular, Inc., entidad relacionada para la agenda social del Grupo Popular, celebr\u00f3 su Asamblea General Ordinaria Anual \u2013 Extraordinaria, en la cual fueron elegidos&hellip; <\/p>\n","protected":false},"author":2,"featured_media":9005,"comment_status":"open","ping_status":"open","sticky":false,"template":"","format":"standard","meta":{"fifu_image_url":"","fifu_image_alt":"","footnotes":""},"categories":[78],"tags":[],"class_list":["post-9002","post","type-post","status-publish","format-standard","has-post-thumbnail","hentry","category-con-responsabilidad"],"_links":{"self":[{"href":"https:\/\/elmundodelosnegocios.com.do\/v1\/wp-json\/wp\/v2\/posts\/9002","targetHints":{"allow":["GET"]}}],"collection":[{"href":"https:\/\/elmundodelosnegocios.com.do\/v1\/wp-json\/wp\/v2\/posts"}],"about":[{"href":"https:\/\/elmundodelosnegocios.com.do\/v1\/wp-json\/wp\/v2\/types\/post"}],"author":[{"embeddable":true,"href":"https:\/\/elmundodelosnegocios.com.do\/v1\/wp-json\/wp\/v2\/users\/2"}],"replies":[{"embeddable":true,"href":"https:\/\/elmundodelosnegocios.com.do\/v1\/wp-json\/wp\/v2\/comments?post=9002"}],"version-history":[{"count":0,"href":"https:\/\/elmundodelosnegocios.com.do\/v1\/wp-json\/wp\/v2\/posts\/9002\/revisions"}],"wp:featuredmedia":[{"embeddable":true,"href":"https:\/\/elmundodelosnegocios.com.do\/v1\/wp-json\/wp\/v2\/media\/9005"}],"wp:attachment":[{"href":"https:\/\/elmundodelosnegocios.com.do\/v1\/wp-json\/wp\/v2\/media?parent=9002"}],"wp:term":[{"taxonomy":"category","embeddable":true,"href":"https:\/\/elmundodelosnegocios.com.do\/v1\/wp-json\/wp\/v2\/categories?post=9002"},{"taxonomy":"post_tag","embeddable":true,"href":"https:\/\/elmundodelosnegocios.com.do\/v1\/wp-json\/wp\/v2\/tags?post=9002"}],"curies":[{"name":"wp","href":"https:\/\/api.w.org\/{rel}","templated":true}]}}