{"id":9145,"date":"2021-08-18T12:43:26","date_gmt":"2021-08-18T17:13:26","guid":{"rendered":"http:\/\/elmundodelosnegocios.com.do\/v1\/index.php\/2021\/08\/18\/resumen-pro-unlimited-adquirira-workforce-logiq-mediante-un-acuerdo-con-eqt-private-equity-para-crear-un-proveedor-lider-mundial-de-soluciones-de-administracion-de-fuerza-laboral\/"},"modified":"2021-08-18T13:06:34","modified_gmt":"2021-08-18T17:36:34","slug":"resumen-pro-unlimited-adquirira-workforce-logiq-mediante-un-acuerdo-con-eqt-private-equity-para-crear-un-proveedor-lider-mundial-de-soluciones-de-administracion-de-fuerza-laboral","status":"publish","type":"post","link":"https:\/\/elmundodelosnegocios.com.do\/v1\/resumen-pro-unlimited-adquirira-workforce-logiq-mediante-un-acuerdo-con-eqt-private-equity-para-crear-un-proveedor-lider-mundial-de-soluciones-de-administracion-de-fuerza-laboral\/","title":{"rendered":"PRO Unlimited adquirir\u00e1 Workforce Logiq mediante acuerdo para crear un proveedor de soluciones de administraci\u00f3n laboral"},"content":{"rendered":"<p>La fusi\u00f3n de dos empresas l\u00edderes mundiales crea un modelo m\u00e1s s\u00f3lido para la administraci\u00f3n de la fuerza laboral contingente<\/p>\n<p>SAN FRANCISCO Y ORLANDO, Florida &#8212; PRO Unlimited, proveedor l\u00edder de plataformas modernas de administraci\u00f3n de fuerza laboral, ha anunciado que mediante un acuerdo con EQT Private Equity adquirir\u00e1 Workforce Logiq de los fondos administrados por Carlyle a finales de este a\u00f1o, pendiente de las aprobaciones regulatorias habituales. Esta operaci\u00f3n fusionar\u00e1 dos empresas l\u00edderes que comparten un enfoque estrat\u00e9gico com\u00fan para resolver las diversificadas necesidades de administraci\u00f3n de la fuerza laboral contingente de los clientes gracias al poder de una plataforma hol\u00edstica. Esta combinaci\u00f3n ampliar\u00e1 la posici\u00f3n de PRO como proveedor preferente en los Global 2000, lo que ofrecer\u00e1 la posibilidad a las organizaciones de lograr sus objetivos de adquisici\u00f3n estrat\u00e9gica de talento y de reducci\u00f3n de costes.<\/p>\n","protected":false},"excerpt":{"rendered":"<p>La fusi\u00f3n de dos empresas l\u00edderes mundiales crea un modelo m\u00e1s s\u00f3lido para la administraci\u00f3n de la fuerza laboral contingente SAN FRANCISCO Y ORLANDO, Florida &#8212; PRO Unlimited, proveedor l\u00edder&hellip; <\/p>\n","protected":false},"author":2,"featured_media":9158,"comment_status":"closed","ping_status":"closed","sticky":false,"template":"","format":"standard","meta":{"fifu_image_url":"","fifu_image_alt":"","footnotes":""},"categories":[252],"tags":[253],"class_list":["post-9145","post","type-post","status-publish","format-standard","has-post-thumbnail","hentry","category-business-wire","tag-business-wire"],"_links":{"self":[{"href":"https:\/\/elmundodelosnegocios.com.do\/v1\/wp-json\/wp\/v2\/posts\/9145","targetHints":{"allow":["GET"]}}],"collection":[{"href":"https:\/\/elmundodelosnegocios.com.do\/v1\/wp-json\/wp\/v2\/posts"}],"about":[{"href":"https:\/\/elmundodelosnegocios.com.do\/v1\/wp-json\/wp\/v2\/types\/post"}],"author":[{"embeddable":true,"href":"https:\/\/elmundodelosnegocios.com.do\/v1\/wp-json\/wp\/v2\/users\/2"}],"replies":[{"embeddable":true,"href":"https:\/\/elmundodelosnegocios.com.do\/v1\/wp-json\/wp\/v2\/comments?post=9145"}],"version-history":[{"count":0,"href":"https:\/\/elmundodelosnegocios.com.do\/v1\/wp-json\/wp\/v2\/posts\/9145\/revisions"}],"wp:featuredmedia":[{"embeddable":true,"href":"https:\/\/elmundodelosnegocios.com.do\/v1\/wp-json\/wp\/v2\/media\/9158"}],"wp:attachment":[{"href":"https:\/\/elmundodelosnegocios.com.do\/v1\/wp-json\/wp\/v2\/media?parent=9145"}],"wp:term":[{"taxonomy":"category","embeddable":true,"href":"https:\/\/elmundodelosnegocios.com.do\/v1\/wp-json\/wp\/v2\/categories?post=9145"},{"taxonomy":"post_tag","embeddable":true,"href":"https:\/\/elmundodelosnegocios.com.do\/v1\/wp-json\/wp\/v2\/tags?post=9145"}],"curies":[{"name":"wp","href":"https:\/\/api.w.org\/{rel}","templated":true}]}}