{"id":9487,"date":"2021-08-26T07:53:34","date_gmt":"2021-08-26T12:23:34","guid":{"rendered":"http:\/\/elmundodelosnegocios.com.do\/v1\/?p=9487"},"modified":"2021-08-26T07:53:34","modified_gmt":"2021-08-26T12:23:34","slug":"anuncia-amchamdr-version-29-semana-dominicana-en-los-eeuu","status":"publish","type":"post","link":"https:\/\/elmundodelosnegocios.com.do\/v1\/anuncia-amchamdr-version-29-semana-dominicana-en-los-eeuu\/","title":{"rendered":"Anuncia AMCHAMDR versi\u00f3n 29 Semana Dominicana en los EEUU"},"content":{"rendered":"<p>Santo Domingo, R.D., agosto 2021.- La C\u00e1mara Americana de Comercio de la Rep\u00fablica Dominicana (AMCHAMDR) celebrar\u00e1 la vig\u00e9simo novena edici\u00f3n de la Semana Dominicana, un evento que ha servido por casi tres d\u00e9cadas para estrechar lazos pol\u00edticos, comerciales, sociales y culturales entre el pa\u00eds norteamericano y la Rep\u00fablica Dominicana.<\/p>\n<p>Durante una rueda de prensa, Roberto Herrera, presidente de AMCHAMDR, anunci\u00f3 que la edici\u00f3n de este a\u00f1o se realizar\u00e1 del 27 de septiembre al 1 de octubre en modalidad h\u00edbrida en las ciudades de Washington y Nueva York y adicionalmente contar\u00e1 con transmisi\u00f3n virtual a trav\u00e9s de la plataforma www.semana.do de todos los eventos para los participantes que prefieran seguir las incidencias de forma virtual.<br \/>\n<div id='gallery-1' class='gallery galleryid-9487 gallery-columns-2 gallery-size-large'><figure class='gallery-item'>\n\t\t\t<div class='gallery-icon landscape'>\n\t\t\t\t<a href='https:\/\/elmundodelosnegocios.com.do\/v1\/wp-content\/uploads\/2021\/08\/4-1.jpg'><img loading=\"lazy\" decoding=\"async\" width=\"1000\" height=\"667\" src=\"https:\/\/elmundodelosnegocios.com.do\/v1\/wp-content\/uploads\/2021\/08\/4-1.jpg\" class=\"attachment-large size-large\" alt=\"\" srcset=\"https:\/\/elmundodelosnegocios.com.do\/v1\/wp-content\/uploads\/2021\/08\/4-1.jpg 1000w, https:\/\/elmundodelosnegocios.com.do\/v1\/wp-content\/uploads\/2021\/08\/4-1-300x200.jpg 300w, https:\/\/elmundodelosnegocios.com.do\/v1\/wp-content\/uploads\/2021\/08\/4-1-768x512.jpg 768w\" sizes=\"auto, (max-width: 1000px) 100vw, 1000px\" \/><\/a>\n\t\t\t<\/div><\/figure><figure class='gallery-item'>\n\t\t\t<div class='gallery-icon landscape'>\n\t\t\t\t<a href='https:\/\/elmundodelosnegocios.com.do\/v1\/wp-content\/uploads\/2021\/08\/05-2-2-4.jpg'><img loading=\"lazy\" decoding=\"async\" width=\"1000\" height=\"667\" src=\"https:\/\/elmundodelosnegocios.com.do\/v1\/wp-content\/uploads\/2021\/08\/05-2-2-4.jpg\" class=\"attachment-large size-large\" alt=\"\" srcset=\"https:\/\/elmundodelosnegocios.com.do\/v1\/wp-content\/uploads\/2021\/08\/05-2-2-4.jpg 1000w, https:\/\/elmundodelosnegocios.com.do\/v1\/wp-content\/uploads\/2021\/08\/05-2-2-4-300x200.jpg 300w, https:\/\/elmundodelosnegocios.com.do\/v1\/wp-content\/uploads\/2021\/08\/05-2-2-4-768x512.jpg 768w\" sizes=\"auto, (max-width: 1000px) 100vw, 1000px\" \/><\/a>\n\t\t\t<\/div><\/figure>\n\t\t<\/div>\n<\/p>\n<p>Herrera, quien tambi\u00e9n es presidente del Comit\u00e9 Organizador de SemDom, inform\u00f3 que la agenda de la 29\u00aa edici\u00f3n de Semana Dominicana se concentrar\u00e1 en la promoci\u00f3n de la Rep\u00fablica Dominicana como plataforma de Nearshore y Hub Log\u00edstico Regional, reactivaci\u00f3n del turismo, relacionamiento con la administraci\u00f3n Biden, energ\u00edas renovables y salud.<\/p>\n<p>Mientras que William Malamud, vicepresidente ejecutivo de AMCHAMDR, destac\u00f3 el papel de Semana Dominicana para promover el mercado dominicano como destino de inversiones, comercio, y turismo y dar a conocer la oferta exportadora de bienes y servicios del pa\u00eds y estrechar los lazos con Estados Unidos, el principal socio comercial de la Rep\u00fablica Dominicana.<\/p>\n<p>La delegaci\u00f3n de Semana Dominicana la integran empresarios, ejecutivos, profesionales, acad\u00e9micos y autoridades gubernamentales que llevar\u00e1n a cabo una interesante agenda de reuniones privadas de alto nivel, as\u00ed como eventos donde se dar\u00e1n cita representantes diplom\u00e1ticos, funcionarios, empresarios locales y miembros de la di\u00e1spora dominicana en Estados Unidos.<\/p>\n<p>Durante la estancia en Washington y Nueva York, la delegaci\u00f3n participar\u00e1 en reuniones con organismos multilaterales, representantes del gobierno norteamericano, la C\u00e1mara de Comercio de E.E. U.U., Think Tanks y la di\u00e1spora dominicana.<\/p>\n<p>A la rueda de prensa del lanzamiento de Semana Dominicana, celebrada en el Sal\u00f3n Carlyle de Epic Center en Blue Mall, asistieron miembros de AMCHAMDR, miembros del Comit\u00e9 Organizador de Semana Dominicana, representantes de las marcas que componen el C\u00edrculo \u00c9lite, entre otras personalidades.<\/p>\n<p>Semana Dominicana cuenta con el patrocinio de Banco Popular, DP World, Visa, Banreservas, Rizek Abogados y Pellerano Nadal, as\u00ed como tambi\u00e9n las empresas que componen el C\u00edrculo \u00c9lite de AMCHAMDR: AES Dominicana, Barrick Pueblo Viejo, Cervecer\u00eda Nacional Dominicana, Citi, HIT Puerto R\u00edo Haina, Humano, Inicia, Mart\u00ed, Grupo Rica, Grupo SID y Squire Patton Boggs.<\/p>\n<p>Sobre la C\u00e1mara Americana de Comercio de la Rep\u00fablica Dominicana (AMCHAMDR)<\/p>\n<p>La C\u00e1mara Americana de Comercio de la Rep\u00fablica Dominicana (AMCHAMDR por sus siglas en ingl\u00e9s) es una asociaci\u00f3n sin fines de lucro, incorporada legalmente el 8 de noviembre de 1923, que fomenta un clima de inversi\u00f3n saludable basado en el acceso de conocimiento, oportunidades y una cultura de mejores pr\u00e1cticas para el desarrollo socioecon\u00f3mico y profesional de sus socios. AMCHAMDR est\u00e1 afiliada a la U.S. Chamber of Commerce y es miembro fundador de la Asociaci\u00f3n de C\u00e1maras Americanas de Comercio en Am\u00e9rica Latina (AACCLA por sus siglas en ingl\u00e9s).<\/p>\n<p>AMCHAMDR trabaja una agenda dise\u00f1ada para conectar y representar a sus socios de nuevas tendencias en el mundo de los negocios, mercados e indicadores tanto a nivel nacional como internacional. Su cat\u00e1logo de servicios est\u00e1 dise\u00f1ado para agregar valor a sus miembros, ofreciendo soluciones concretas e identificando oportunidades de crecimiento empresarial y profesional.<\/p>\n","protected":false},"excerpt":{"rendered":"<p>Santo Domingo, R.D., agosto 2021.- La C\u00e1mara Americana de Comercio de la Rep\u00fablica Dominicana (AMCHAMDR) celebrar\u00e1 la vig\u00e9simo novena edici\u00f3n de la Semana Dominicana, un evento que ha servido por&hellip; <\/p>\n","protected":false},"author":2,"featured_media":9489,"comment_status":"closed","ping_status":"closed","sticky":false,"template":"","format":"standard","meta":{"fifu_image_url":"","fifu_image_alt":"","footnotes":""},"categories":[74],"tags":[],"class_list":["post-9487","post","type-post","status-publish","format-standard","has-post-thumbnail","hentry","category-comercio-internacional"],"_links":{"self":[{"href":"https:\/\/elmundodelosnegocios.com.do\/v1\/wp-json\/wp\/v2\/posts\/9487","targetHints":{"allow":["GET"]}}],"collection":[{"href":"https:\/\/elmundodelosnegocios.com.do\/v1\/wp-json\/wp\/v2\/posts"}],"about":[{"href":"https:\/\/elmundodelosnegocios.com.do\/v1\/wp-json\/wp\/v2\/types\/post"}],"author":[{"embeddable":true,"href":"https:\/\/elmundodelosnegocios.com.do\/v1\/wp-json\/wp\/v2\/users\/2"}],"replies":[{"embeddable":true,"href":"https:\/\/elmundodelosnegocios.com.do\/v1\/wp-json\/wp\/v2\/comments?post=9487"}],"version-history":[{"count":0,"href":"https:\/\/elmundodelosnegocios.com.do\/v1\/wp-json\/wp\/v2\/posts\/9487\/revisions"}],"wp:featuredmedia":[{"embeddable":true,"href":"https:\/\/elmundodelosnegocios.com.do\/v1\/wp-json\/wp\/v2\/media\/9489"}],"wp:attachment":[{"href":"https:\/\/elmundodelosnegocios.com.do\/v1\/wp-json\/wp\/v2\/media?parent=9487"}],"wp:term":[{"taxonomy":"category","embeddable":true,"href":"https:\/\/elmundodelosnegocios.com.do\/v1\/wp-json\/wp\/v2\/categories?post=9487"},{"taxonomy":"post_tag","embeddable":true,"href":"https:\/\/elmundodelosnegocios.com.do\/v1\/wp-json\/wp\/v2\/tags?post=9487"}],"curies":[{"name":"wp","href":"https:\/\/api.w.org\/{rel}","templated":true}]}}