{"id":9579,"date":"2021-08-27T18:23:19","date_gmt":"2021-08-27T22:53:19","guid":{"rendered":"http:\/\/elmundodelosnegocios.com.do\/v1\/?p=9579"},"modified":"2021-08-27T18:23:19","modified_gmt":"2021-08-27T22:53:19","slug":"designa-adars-a-salazar-directora-comunicaciones","status":"publish","type":"post","link":"https:\/\/elmundodelosnegocios.com.do\/v1\/designa-adars-a-salazar-directora-comunicaciones\/","title":{"rendered":"Designa ADARS a Salazar Directora Comunicaciones"},"content":{"rendered":"<p>Santo Domingo, R.D. Agosto 27, 2021.- La Asociaci\u00f3n Dominicana de ARSs (ADARS) anunci\u00f3 hoy el nombramiento de Cynthia Salazar como nueva Directora de Comunicaciones, quien tendr\u00e1 la responsabilidad de reforzar las relaciones y comunicaci\u00f3n de dicha entidad con sus diversas audiencias.<\/p>\n<p>Salazar, cuenta con m\u00e1s de 10 a\u00f1os de experiencia en medios de comunicaci\u00f3n en la Rep\u00fablica Dominicana. Inici\u00f3 en la radio como locutora y productora de espacios diversos, y luego pas\u00f3 a la televisi\u00f3n,  destac\u00e1ndose como presentadora de noticias, combinando su rol como comentarista de programas de temas actuales, salud, pol\u00edtica, entre otros.<\/p>\n<p>Posee una licenciatura en Derecho combinada con un postgrado en Campaign Management de la Virginia International University.  A su vez, realiz\u00f3 altos estudios en The Inter American Center of Business Administration en Espa\u00f1a obteniendo un postgrado en Gesti\u00f3n Financiera.  Complement\u00f3 su curriculum con un Postgrado en Seguro Familiar de Salud, cursado en la Universidad Iberoamericana (UNIBE).<\/p>\n<p>Su liderazgo en el \u00e1mbito de la comunicaci\u00f3n ser\u00e1 clave para consolidar y posicionar la reputaci\u00f3n de ADARS en el sector de la Seguridad Social, afirm\u00f3 Andr\u00e9s Mej\u00eda, presidente de ADARS.<\/p>\n<p>Salazar ha desarrollado su carrera en distintas instancias tanto p\u00fablicas como privadas, y aportar\u00e1 su vasta experiencia en las diferentes disciplinas de la comunicaci\u00f3n, incluyendo la gesti\u00f3n de la reputaci\u00f3n, la comunicaci\u00f3n responsable y la gesti\u00f3n de la comunicaci\u00f3n en situaciones de crisis.-.<\/p>\n","protected":false},"excerpt":{"rendered":"<p>Santo Domingo, R.D. Agosto 27, 2021.- La Asociaci\u00f3n Dominicana de ARSs (ADARS) anunci\u00f3 hoy el nombramiento de Cynthia Salazar como nueva Directora de Comunicaciones, quien tendr\u00e1 la responsabilidad de reforzar&hellip; <\/p>\n","protected":false},"author":2,"featured_media":9580,"comment_status":"closed","ping_status":"closed","sticky":false,"template":"","format":"standard","meta":{"fifu_image_url":"","fifu_image_alt":"","footnotes":""},"categories":[157],"tags":[],"class_list":["post-9579","post","type-post","status-publish","format-standard","has-post-thumbnail","hentry","category-marketing"],"_links":{"self":[{"href":"https:\/\/elmundodelosnegocios.com.do\/v1\/wp-json\/wp\/v2\/posts\/9579","targetHints":{"allow":["GET"]}}],"collection":[{"href":"https:\/\/elmundodelosnegocios.com.do\/v1\/wp-json\/wp\/v2\/posts"}],"about":[{"href":"https:\/\/elmundodelosnegocios.com.do\/v1\/wp-json\/wp\/v2\/types\/post"}],"author":[{"embeddable":true,"href":"https:\/\/elmundodelosnegocios.com.do\/v1\/wp-json\/wp\/v2\/users\/2"}],"replies":[{"embeddable":true,"href":"https:\/\/elmundodelosnegocios.com.do\/v1\/wp-json\/wp\/v2\/comments?post=9579"}],"version-history":[{"count":0,"href":"https:\/\/elmundodelosnegocios.com.do\/v1\/wp-json\/wp\/v2\/posts\/9579\/revisions"}],"wp:featuredmedia":[{"embeddable":true,"href":"https:\/\/elmundodelosnegocios.com.do\/v1\/wp-json\/wp\/v2\/media\/9580"}],"wp:attachment":[{"href":"https:\/\/elmundodelosnegocios.com.do\/v1\/wp-json\/wp\/v2\/media?parent=9579"}],"wp:term":[{"taxonomy":"category","embeddable":true,"href":"https:\/\/elmundodelosnegocios.com.do\/v1\/wp-json\/wp\/v2\/categories?post=9579"},{"taxonomy":"post_tag","embeddable":true,"href":"https:\/\/elmundodelosnegocios.com.do\/v1\/wp-json\/wp\/v2\/tags?post=9579"}],"curies":[{"name":"wp","href":"https:\/\/api.w.org\/{rel}","templated":true}]}}