{"id":9684,"date":"2021-08-31T08:12:49","date_gmt":"2021-08-31T12:42:49","guid":{"rendered":"http:\/\/elmundodelosnegocios.com.do\/v1\/index.php\/2021\/08\/31\/resumen-grupo-viking-malt-anuncio-de-nuevos-nombramientos\/"},"modified":"2021-08-31T08:19:45","modified_gmt":"2021-08-31T12:49:45","slug":"resumen-grupo-viking-malt-anuncio-de-nuevos-nombramientos","status":"publish","type":"post","link":"https:\/\/elmundodelosnegocios.com.do\/v1\/resumen-grupo-viking-malt-anuncio-de-nuevos-nombramientos\/","title":{"rendered":"Grupo Viking Malt: anuncio de nuevos nombramientos"},"content":{"rendered":"<p>LAHTI, Finlandia &#8211; Marcin Siemion ha decidido dejar el grupo Viking Malt. A lo largo de muchos a\u00f1os ha desarrollado con \u00e9xito el negocio polaco de Viking Malt y ha contribuido de forma decisiva a crear una s\u00f3lida posici\u00f3n comercial para el grupo Viking Malt en la industria internacional de la malta. Le agradecemos su contribuci\u00f3n a la empresa y le deseamos lo mejor tanto en el \u00e1mbito privado como en el profesional. A continuaci\u00f3n, nos gustar\u00eda anunciar los siguientes cambios en la organizaci\u00f3n de ventas de Viking Malt:<\/p>\n<p>Malin Andersson ha sido nombrada vicepresidenta de ventas del grupo Viking Malt<\/p>\n<p>Annika Wilhelmson dirigir\u00e1 las ventas a artesanos y socios<\/p>\n<p>Tomasz Malec ha sido nombrado director general de Viking Malt Polonia<\/p>\n","protected":false},"excerpt":{"rendered":"<p>LAHTI, Finlandia &#8211; Marcin Siemion ha decidido dejar el grupo Viking Malt. A lo largo de muchos a\u00f1os ha desarrollado con \u00e9xito el negocio polaco de Viking Malt y ha&hellip; <\/p>\n","protected":false},"author":2,"featured_media":9696,"comment_status":"closed","ping_status":"closed","sticky":false,"template":"","format":"standard","meta":{"fifu_image_url":"","fifu_image_alt":"","footnotes":""},"categories":[252],"tags":[253],"class_list":["post-9684","post","type-post","status-publish","format-standard","has-post-thumbnail","hentry","category-business-wire","tag-business-wire"],"_links":{"self":[{"href":"https:\/\/elmundodelosnegocios.com.do\/v1\/wp-json\/wp\/v2\/posts\/9684","targetHints":{"allow":["GET"]}}],"collection":[{"href":"https:\/\/elmundodelosnegocios.com.do\/v1\/wp-json\/wp\/v2\/posts"}],"about":[{"href":"https:\/\/elmundodelosnegocios.com.do\/v1\/wp-json\/wp\/v2\/types\/post"}],"author":[{"embeddable":true,"href":"https:\/\/elmundodelosnegocios.com.do\/v1\/wp-json\/wp\/v2\/users\/2"}],"replies":[{"embeddable":true,"href":"https:\/\/elmundodelosnegocios.com.do\/v1\/wp-json\/wp\/v2\/comments?post=9684"}],"version-history":[{"count":0,"href":"https:\/\/elmundodelosnegocios.com.do\/v1\/wp-json\/wp\/v2\/posts\/9684\/revisions"}],"wp:featuredmedia":[{"embeddable":true,"href":"https:\/\/elmundodelosnegocios.com.do\/v1\/wp-json\/wp\/v2\/media\/9696"}],"wp:attachment":[{"href":"https:\/\/elmundodelosnegocios.com.do\/v1\/wp-json\/wp\/v2\/media?parent=9684"}],"wp:term":[{"taxonomy":"category","embeddable":true,"href":"https:\/\/elmundodelosnegocios.com.do\/v1\/wp-json\/wp\/v2\/categories?post=9684"},{"taxonomy":"post_tag","embeddable":true,"href":"https:\/\/elmundodelosnegocios.com.do\/v1\/wp-json\/wp\/v2\/tags?post=9684"}],"curies":[{"name":"wp","href":"https:\/\/api.w.org\/{rel}","templated":true}]}}