{"id":9909,"date":"2021-09-06T07:23:27","date_gmt":"2021-09-06T11:53:27","guid":{"rendered":"http:\/\/elmundodelosnegocios.com.do\/v1\/?p=9909"},"modified":"2021-09-06T07:23:27","modified_gmt":"2021-09-06T11:53:27","slug":"bcrd-celebrara-su-ix-seminario-internacional-de-comunicacion","status":"publish","type":"post","link":"https:\/\/elmundodelosnegocios.com.do\/v1\/bcrd-celebrara-su-ix-seminario-internacional-de-comunicacion\/","title":{"rendered":"BCRD celebrar\u00e1 su IX Seminario Internacional de Comunicaci\u00f3n"},"content":{"rendered":"<p>Santo Domingo. Rep\u00fablica Dominicana. &#8211; El Banco Central de la Rep\u00fablica Dominicana (BCRD) celebrar\u00e1 el pr\u00f3ximo mi\u00e9rcoles 15 de septiembre de 2021 su IX Seminario Internacional de Comunicaci\u00f3n, en modalidad virtual, una actividad integrada en el programa de responsabilidad social institucional, Aula Central para la educaci\u00f3n econ\u00f3mico y financiera.<\/p>\n<p>En la novena versi\u00f3n del seminario se tratar\u00e1 como tema principal \u201cComunicaci\u00f3n corporativa: identidad, prop\u00f3sito y relato\u201d, un enfoque global de la funci\u00f3n de la comunicaci\u00f3n institucional en el que se plantear\u00e1n las interrogantes \u2018qui\u00e9nes somos\u2019, \u2018qu\u00e9 hacemos y para qu\u00e9\u2019 y \u2018c\u00f3mo lo contamos\u2019.<\/p>\n<p>El seminario est\u00e1 dirigido a directores de comunicaci\u00f3n de instituciones p\u00fablicas y privadas; editores de econom\u00eda y finanzas de medios impresos, audiovisuales y digitales; docentes y estudiantes de t\u00e9rmino de comunicaci\u00f3n social; directores de fundaciones y gremios de comunicaci\u00f3n; as\u00ed como generadores de opini\u00f3n p\u00fablica, que podr\u00e1n participar a trav\u00e9s de Zoom. Esta versi\u00f3n del evento tambi\u00e9n permitir\u00e1 que todos los interesados participen por medio del canal de YouTube del BCRD www.youtube.com\/BancoCentralRD<\/p>\n<p>Los expositores<br \/>\nEl seminario contar\u00e1 con las disertaciones de: Oriol Iglesias, reconocido acad\u00e9mico internacional en temas de marca e identidad, actualmente director de Marketing Management Department del ESADE Business &#038; Law School de Barcelona, quien har\u00e1 una exposici\u00f3n sobre el tema \u00a8Identidad y marca\u00a8. Iglesias es miembro, entre otros, del comit\u00e9 cient\u00edfico de la Global Brand Conference y del comit\u00e9 cient\u00edfico del Special Interest Group in Brand, Identity and Corporate Reputation, de la Academy of Marketing.<\/p>\n<p>Tambi\u00e9n participar\u00e1 el experimentado comunicador y especialista en storytelling Melvin Pe\u00f1a, presidente de la consultora Comunicaciones Integradas, quien abordar\u00e1 el tema \u00a8Relato corporativo\u00a8. Pe\u00f1a es consultor de comunicaci\u00f3n en empresas, entidades de cooperaci\u00f3n internacional, organizaciones multinacionales e instituciones p\u00fablicas. Anteriormente, trabaj\u00f3 como vicepresidente de Comunicaciones del Grupo BHD, gerente de Comunicaciones del Banco Popular y editor de La Revista Econ\u00f3mica del List\u00edn Diario.<\/p>\n<p>Igualmente, se contar\u00e1 con la exposici\u00f3n de Jos\u00e9 Manuel Velasco, coach ejecutivo de comunicaci\u00f3n y profesor de la Universidad Nebrija, quien abordar\u00e1 el tema \u00a8Reputaci\u00f3n y prop\u00f3sito\u00a8. Velasco ha sido el primer espa\u00f1ol y latino en desempe\u00f1ar la presidencia de la Global Alliance for Public Relations and Communication Management, la federaci\u00f3n mundial de asociaciones de comunicadores y entidades acad\u00e9micas, de cuyo comit\u00e9 ejecutivo sigue formando parte como inmediate past chair.<\/p>\n","protected":false},"excerpt":{"rendered":"<p>Santo Domingo. Rep\u00fablica Dominicana. &#8211; El Banco Central de la Rep\u00fablica Dominicana (BCRD) celebrar\u00e1 el pr\u00f3ximo mi\u00e9rcoles 15 de septiembre de 2021 su IX Seminario Internacional de Comunicaci\u00f3n, en modalidad&hellip; <\/p>\n","protected":false},"author":2,"featured_media":9911,"comment_status":"closed","ping_status":"closed","sticky":false,"template":"","format":"standard","meta":{"fifu_image_url":"","fifu_image_alt":"","footnotes":""},"categories":[32],"tags":[],"class_list":["post-9909","post","type-post","status-publish","format-standard","has-post-thumbnail","hentry","category-eventos"],"_links":{"self":[{"href":"https:\/\/elmundodelosnegocios.com.do\/v1\/wp-json\/wp\/v2\/posts\/9909","targetHints":{"allow":["GET"]}}],"collection":[{"href":"https:\/\/elmundodelosnegocios.com.do\/v1\/wp-json\/wp\/v2\/posts"}],"about":[{"href":"https:\/\/elmundodelosnegocios.com.do\/v1\/wp-json\/wp\/v2\/types\/post"}],"author":[{"embeddable":true,"href":"https:\/\/elmundodelosnegocios.com.do\/v1\/wp-json\/wp\/v2\/users\/2"}],"replies":[{"embeddable":true,"href":"https:\/\/elmundodelosnegocios.com.do\/v1\/wp-json\/wp\/v2\/comments?post=9909"}],"version-history":[{"count":0,"href":"https:\/\/elmundodelosnegocios.com.do\/v1\/wp-json\/wp\/v2\/posts\/9909\/revisions"}],"wp:featuredmedia":[{"embeddable":true,"href":"https:\/\/elmundodelosnegocios.com.do\/v1\/wp-json\/wp\/v2\/media\/9911"}],"wp:attachment":[{"href":"https:\/\/elmundodelosnegocios.com.do\/v1\/wp-json\/wp\/v2\/media?parent=9909"}],"wp:term":[{"taxonomy":"category","embeddable":true,"href":"https:\/\/elmundodelosnegocios.com.do\/v1\/wp-json\/wp\/v2\/categories?post=9909"},{"taxonomy":"post_tag","embeddable":true,"href":"https:\/\/elmundodelosnegocios.com.do\/v1\/wp-json\/wp\/v2\/tags?post=9909"}],"curies":[{"name":"wp","href":"https:\/\/api.w.org\/{rel}","templated":true}]}}