{"id":9936,"date":"2021-09-06T09:16:26","date_gmt":"2021-09-06T13:46:26","guid":{"rendered":"http:\/\/elmundodelosnegocios.com.do\/v1\/?p=9936"},"modified":"2021-09-06T09:16:26","modified_gmt":"2021-09-06T13:46:26","slug":"recibe-escuela-donativo-xx-copa-de-polo-don-pedro","status":"publish","type":"post","link":"https:\/\/elmundodelosnegocios.com.do\/v1\/recibe-escuela-donativo-xx-copa-de-polo-don-pedro\/","title":{"rendered":"Recibe escuela donativo XX Copa de Polo Don Pedro"},"content":{"rendered":"<p>La Potranca, Benerito, La Altagracia, R.D.-\u00a0La escuela primaria\u00a0\u201cBenerito\u201d\u00a0recibi\u00f3 un significativo aporte dentro del marco de premiaci\u00f3n del partido final de la vig\u00e9sima edici\u00f3n de la Copa Don Pedro celebrada en la cancha La Potranca.\u00a0<\/p>\n<p>La directora del plantel escolar, profesora Jocelyn Mota Pichardo, recibi\u00f3 el donativo de manos de los j\u00f3venes polistas Alex Schad Then,\u00a0Crist\u00f3bal Tejeda\u00a0y Gabriel Rivera Gonz\u00e1lez, quienes entregaron el cheque correspondiente al aporte de los ocho equipos participantes con la presencia de Juan Tom\u00e1s Diaz, presidente de la Fundaci\u00f3n \u201cSave the Children Rep\u00fablica Dominicana\u201d y Tony Rivera, miembro del consejo directivo de la misma instituci\u00f3n.<br \/>\n<a href=\"http:\/\/elmundodelosnegocios.com.do\/v1\/wp-content\/uploads\/2021\/09\/Secundaria-IMG_0043-Espada-Polo-La-Bienvenida-formada-por-Mauricio-Bogaert-Jay-Castillo-Heriberto-Constanza-y-.jpg\"><img loading=\"lazy\" decoding=\"async\" src=\"http:\/\/elmundodelosnegocios.com.do\/v1\/wp-content\/uploads\/2021\/09\/Secundaria-IMG_0043-Espada-Polo-La-Bienvenida-formada-por-Mauricio-Bogaert-Jay-Castillo-Heriberto-Constanza-y-.jpg\" alt=\"\" width=\"1000\" height=\"775\" class=\"aligncenter size-full wp-image-9938\" srcset=\"https:\/\/elmundodelosnegocios.com.do\/v1\/wp-content\/uploads\/2021\/09\/Secundaria-IMG_0043-Espada-Polo-La-Bienvenida-formada-por-Mauricio-Bogaert-Jay-Castillo-Heriberto-Constanza-y-.jpg 1000w, https:\/\/elmundodelosnegocios.com.do\/v1\/wp-content\/uploads\/2021\/09\/Secundaria-IMG_0043-Espada-Polo-La-Bienvenida-formada-por-Mauricio-Bogaert-Jay-Castillo-Heriberto-Constanza-y--300x233.jpg 300w, https:\/\/elmundodelosnegocios.com.do\/v1\/wp-content\/uploads\/2021\/09\/Secundaria-IMG_0043-Espada-Polo-La-Bienvenida-formada-por-Mauricio-Bogaert-Jay-Castillo-Heriberto-Constanza-y--768x595.jpg 768w\" sizes=\"auto, (max-width: 1000px) 100vw, 1000px\" \/><\/a><\/p>\n<p>En el evento agot\u00f3 un calendario de partidos celebrados en 4 sedes donde tomaron acci\u00f3n 8 equipos divididos en 2 zonas: La Aratina, Pitirre, Puntacana Polo, La Carmela, La Espada\/La Bienvenida, Rancho Americana, La Suiza y La Potranca.<\/p>\n<p>La Copa de Polo Don Pedro, se celebr\u00f3 por primera vez hace m\u00e1s de dos d\u00e9cadas, dedicada a la memoria de la vida y legado del reconocido industrial Don Pedro A. Rivera y es organizado por Hacienda Rivera, empresa que se ha destacado como prominente productora de miel org\u00e1nica de alta calidad y criadora de ganado porcino con los m\u00e1s altos est\u00e1ndares de control de calidad y manejo del proceso en la industria en Rep\u00fablica Dominicana.<br \/>\n<div id='gallery-1' class='gallery galleryid-9936 gallery-columns-3 gallery-size-large'><figure class='gallery-item'>\n\t\t\t<div class='gallery-icon landscape'>\n\t\t\t\t<a href='https:\/\/elmundodelosnegocios.com.do\/v1\/wp-content\/uploads\/2021\/09\/IMG_9737.jpg'><img loading=\"lazy\" decoding=\"async\" width=\"1000\" height=\"667\" src=\"https:\/\/elmundodelosnegocios.com.do\/v1\/wp-content\/uploads\/2021\/09\/IMG_9737.jpg\" class=\"attachment-large size-large\" alt=\"\" srcset=\"https:\/\/elmundodelosnegocios.com.do\/v1\/wp-content\/uploads\/2021\/09\/IMG_9737.jpg 1000w, https:\/\/elmundodelosnegocios.com.do\/v1\/wp-content\/uploads\/2021\/09\/IMG_9737-300x200.jpg 300w, https:\/\/elmundodelosnegocios.com.do\/v1\/wp-content\/uploads\/2021\/09\/IMG_9737-768x512.jpg 768w\" sizes=\"auto, (max-width: 1000px) 100vw, 1000px\" \/><\/a>\n\t\t\t<\/div><\/figure><figure class='gallery-item'>\n\t\t\t<div class='gallery-icon landscape'>\n\t\t\t\t<a href='https:\/\/elmundodelosnegocios.com.do\/v1\/wp-content\/uploads\/2021\/09\/IMG_9754.jpg'><img loading=\"lazy\" decoding=\"async\" width=\"1000\" height=\"667\" src=\"https:\/\/elmundodelosnegocios.com.do\/v1\/wp-content\/uploads\/2021\/09\/IMG_9754.jpg\" class=\"attachment-large size-large\" alt=\"\" srcset=\"https:\/\/elmundodelosnegocios.com.do\/v1\/wp-content\/uploads\/2021\/09\/IMG_9754.jpg 1000w, https:\/\/elmundodelosnegocios.com.do\/v1\/wp-content\/uploads\/2021\/09\/IMG_9754-300x200.jpg 300w, https:\/\/elmundodelosnegocios.com.do\/v1\/wp-content\/uploads\/2021\/09\/IMG_9754-768x512.jpg 768w\" sizes=\"auto, (max-width: 1000px) 100vw, 1000px\" \/><\/a>\n\t\t\t<\/div><\/figure><figure class='gallery-item'>\n\t\t\t<div class='gallery-icon landscape'>\n\t\t\t\t<a href='https:\/\/elmundodelosnegocios.com.do\/v1\/wp-content\/uploads\/2021\/09\/PRINCI_1.jpg'><img loading=\"lazy\" decoding=\"async\" width=\"1000\" height=\"667\" src=\"https:\/\/elmundodelosnegocios.com.do\/v1\/wp-content\/uploads\/2021\/09\/PRINCI_1.jpg\" class=\"attachment-large size-large\" alt=\"\" srcset=\"https:\/\/elmundodelosnegocios.com.do\/v1\/wp-content\/uploads\/2021\/09\/PRINCI_1.jpg 1000w, https:\/\/elmundodelosnegocios.com.do\/v1\/wp-content\/uploads\/2021\/09\/PRINCI_1-300x200.jpg 300w, https:\/\/elmundodelosnegocios.com.do\/v1\/wp-content\/uploads\/2021\/09\/PRINCI_1-768x512.jpg 768w\" sizes=\"auto, (max-width: 1000px) 100vw, 1000px\" \/><\/a>\n\t\t\t<\/div><\/figure>\n\t\t<\/div>\n<\/p>\n<p>Hacienda Rivera y la filial dominicana de la fundaci\u00f3n mundial \u201cSave the Children\u201d, han unido esfuerzos, para que esta \u00faltima coordine la donaci\u00f3n que estar\u00e1n haciendo tanto los equipos participantes como las empresas patrocinadoras para destinar los aportes recibidos al desarrollo de la biblioteca, las labores de higienizaci\u00f3n y recreaci\u00f3n de la Escuela primaria Benerito, localizada en el municipio del mismo nombre en la provincia La Altagracia.<\/p>\n<p>Entre las empresas que apoyan tanto el evento como este gesto de responsabilidad social se destacan: INDUVECA, United Gas, Gulf, Stihl, Club Car, Ron Barcel\u00f3, La Estancia Golf Resort, Caribbean Lifestyle, Grupo Actis, Atlantic Tires, Suplidora de carne A &#038;B, Caribe Trans y AutoHaus.<\/p>\n","protected":false},"excerpt":{"rendered":"<p>La Potranca, Benerito, La Altagracia, R.D.-\u00a0La escuela primaria\u00a0\u201cBenerito\u201d\u00a0recibi\u00f3 un significativo aporte dentro del marco de premiaci\u00f3n del partido final de la vig\u00e9sima edici\u00f3n de la Copa Don Pedro celebrada en&hellip; <\/p>\n","protected":false},"author":2,"featured_media":9941,"comment_status":"closed","ping_status":"closed","sticky":false,"template":"","format":"standard","meta":{"fifu_image_url":"","fifu_image_alt":"","footnotes":""},"categories":[78],"tags":[],"class_list":["post-9936","post","type-post","status-publish","format-standard","has-post-thumbnail","hentry","category-con-responsabilidad"],"_links":{"self":[{"href":"https:\/\/elmundodelosnegocios.com.do\/v1\/wp-json\/wp\/v2\/posts\/9936","targetHints":{"allow":["GET"]}}],"collection":[{"href":"https:\/\/elmundodelosnegocios.com.do\/v1\/wp-json\/wp\/v2\/posts"}],"about":[{"href":"https:\/\/elmundodelosnegocios.com.do\/v1\/wp-json\/wp\/v2\/types\/post"}],"author":[{"embeddable":true,"href":"https:\/\/elmundodelosnegocios.com.do\/v1\/wp-json\/wp\/v2\/users\/2"}],"replies":[{"embeddable":true,"href":"https:\/\/elmundodelosnegocios.com.do\/v1\/wp-json\/wp\/v2\/comments?post=9936"}],"version-history":[{"count":0,"href":"https:\/\/elmundodelosnegocios.com.do\/v1\/wp-json\/wp\/v2\/posts\/9936\/revisions"}],"wp:featuredmedia":[{"embeddable":true,"href":"https:\/\/elmundodelosnegocios.com.do\/v1\/wp-json\/wp\/v2\/media\/9941"}],"wp:attachment":[{"href":"https:\/\/elmundodelosnegocios.com.do\/v1\/wp-json\/wp\/v2\/media?parent=9936"}],"wp:term":[{"taxonomy":"category","embeddable":true,"href":"https:\/\/elmundodelosnegocios.com.do\/v1\/wp-json\/wp\/v2\/categories?post=9936"},{"taxonomy":"post_tag","embeddable":true,"href":"https:\/\/elmundodelosnegocios.com.do\/v1\/wp-json\/wp\/v2\/tags?post=9936"}],"curies":[{"name":"wp","href":"https:\/\/api.w.org\/{rel}","templated":true}]}}